{"id":22360,"date":"2026-01-27T14:46:06","date_gmt":"2026-01-27T14:46:06","guid":{"rendered":"https:\/\/millitv.net\/?p=22360"},"modified":"2026-01-27T14:46:07","modified_gmt":"2026-01-27T14:46:07","slug":"pensiya-kapitali-n%c9%99-q%c9%99d%c9%99r-artirilacaq-r%c9%99smi-r%c9%99q%c9%99m-elan-olundu","status":"publish","type":"post","link":"https:\/\/millitv.net\/?p=22360","title":{"rendered":"Pensiya kapital\u0131 n\u0259 q\u0259d\u0259r art\u0131r\u0131lacaq? &#8211;\u00a0R\u0259smi r\u0259q\u0259m elan olundu"},"content":{"rendered":"\n<p><strong>&#8220;\u018fm\u0259k Pensiyalar\u0131&#8221; haqq\u0131nda Qanuna \u0259sas\u0259n, yaln\u0131z \u0259m\u0259k pensiyalar\u0131 deyil, h\u0259m\u00e7inin v\u0259t\u0259nda\u015flar\u0131n pensiya kapital\u0131 da indeksl\u0259\u015fdiril\u0259r\u0259k h\u0259r il art\u0131r\u0131l\u0131r. S\u00f6z\u00fcg\u00fcd\u0259n qanunun 29.1-1 madd\u0259sind\u0259 qeyd olunur ki, s\u0131\u011fortaolunanlar\u0131n f\u0259rdi \u015f\u0259xsi hesab\u0131n\u0131n s\u0131\u011forta hiss\u0259sind\u0259 qeyd\u0259 al\u0131nan pensiya kapital\u0131 ild\u0259 bir d\u0259f\u0259 istehlak qiym\u0259tl\u0259ri indeksinin illik s\u0259viyy\u0259sin\u0259 uy\u011fun olaraq indeksl\u0259\u015fdirilir.<\/strong><\/p>\n\n\n\n<p>Bu s\u00f6zl\u0259ri Milli M\u0259clisin deputat\u0131 V\u00fcqar Bayramov bildirib.<\/p>\n\n\n\n<p>Onun s\u00f6zl\u0259rin\u0259 g\u00f6r\u0259, pensiya kapitallar\u0131 2025-ci ild\u0259ki illik inflyasiya s\u0259viyy\u0259sin\u0259 uy\u011fun olaraq art\u0131r\u0131l\u0131l\u0131r.<\/p>\n\n\n\n<p>&#8220;D\u00f6vl\u0259t Statistika Komit\u0259sinin son m\u0259lumat\u0131na g\u00f6r\u0259, 2025-ci ild\u0259 illik inflyasiya s\u0259viyy\u0259si 5.6 faiz olub. Bu o dem\u0259kdir, v\u0259t\u0259nda\u015flar\u0131m\u0131z\u0131n 1 yanvar 2026-c\u0131 il tarixin\u0259 olan pensiya kapitallar\u0131 5.6 faiz art\u0131r\u0131lacaq. Bel\u0259 ki, \u0259g\u0259r v\u0259t\u0259nda\u015f\u0131n 40 min manat pensiya kapital\u0131 varsa, onun y\u0131\u011f\u0131m\u0131na 2 min 240 manat \u0259lav\u0259 olunacaq. N\u0259tic\u0259d\u0259, h\u0259min v\u0259t\u0259nda\u015f\u0131m\u0131z\u0131n pensiya kapital\u0131 42 min 240 manat olacaq.<\/p>\n\n\n\n<p>Pensiya kapital\u0131n\u0131n indeksl\u0259\u015fdiril\u0259r\u0259k art\u0131r\u0131lmas\u0131 il\u0259 ba\u011fl\u0131 g\u0259l\u0259n ay\u0131n \u0259vv\u0259ll\u0259rind\u0259 Az\u0259rbaycan Prezidenti t\u0259r\u0259find\u0259n s\u0259r\u0259ncam\u0131n imzalanaca\u011f\u0131 g\u00f6zl\u0259nilir. Bununla da istehlak qiym\u0259tl\u0259ri indeksinin illik s\u0259viyy\u0259sin\u0259 uy\u011fun olaraq, s\u0131\u011fortaolunanlar\u0131n f\u0259rdi \u015f\u0259xsi hesab\u0131n\u0131n s\u0131\u011forta hiss\u0259sind\u0259 2026-c\u0131 il yanvar\u0131n 1-d\u0259k qeyd\u0259 al\u0131nm\u0131\u015f pensiya kapital\u0131 m\u0259bl\u0259\u011fl\u0259rinin indeksl\u0259\u015fdirilm\u0259si h\u0259yata ke\u00e7iril\u0259c\u0259k.<ins><\/ins><\/p>\n\n\n\n<p>Pensiya kapital\u0131n\u0131n indeksl\u0259\u015fdirilm\u0259si y\u0131\u011f\u0131lan pullar\u0131n inflyasiyadan qorumaq m\u0259qs\u0259di da\u015f\u0131y\u0131r. M\u0259qs\u0259d h\u0259min v\u0259saitl\u0259r\u0259 qiym\u0259t art\u0131mlar\u0131n\u0131n t\u0259sirl\u0259rini minimumla\u015fd\u0131rmaqdad\u0131r. Pensiya kapital\u0131n\u0131n indeksl\u0259\u015fdirilm\u0259si il\u0259 pensiyalar\u0131n indeksl\u0259\u015fdiril\u0259r\u0259k art\u0131r\u0131lmas\u0131 eyni anlama g\u0259lm\u0259m\u0259lidir. Pensiya kapital\u0131 inflyasiya s\u0259viyy\u0259sin\u0259, \u0259m\u0259k pensiyalar\u0131 is\u0259 \u0259vv\u0259lki ild\u0259 orta ayl\u0131q \u0259m\u0259k haqq\u0131da art\u0131m faizin\u0259 uy\u011fun olaraq art\u0131r\u0131l\u0131r. Pensiya kapital\u0131nda art\u0131m 5.6 faiz olsa da, \u0259m\u0259k pensiyalar\u0131n\u0131n 9.2 faiz artaca\u011f\u0131 g\u00f6zl\u0259nilir&#8221;, &#8211; dey\u0259 qeyd edib.<\/p>\n","protected":false},"excerpt":{"rendered":"<p>&#8220;\u018fm\u0259k Pensiyalar\u0131&#8221; haqq\u0131nda Qanuna \u0259sas\u0259n, yaln\u0131z \u0259m\u0259k pensiyalar\u0131 deyil, h\u0259m\u00e7inin v\u0259t\u0259nda\u015flar\u0131n pensiya kapital\u0131 da indeksl\u0259\u015fdiril\u0259r\u0259k h\u0259r il art\u0131r\u0131l\u0131r. S\u00f6z\u00fcg\u00fcd\u0259n qanunun 29.1-1 madd\u0259sind\u0259 qeyd olunur ki, s\u0131\u011fortaolunanlar\u0131n f\u0259rdi \u015f\u0259xsi hesab\u0131n\u0131n s\u0131\u011forta hiss\u0259sind\u0259 qeyd\u0259 al\u0131nan pensiya kapital\u0131 ild\u0259 bir d\u0259f\u0259 istehlak qiym\u0259tl\u0259ri indeksinin illik s\u0259viyy\u0259sin\u0259 uy\u011fun olaraq indeksl\u0259\u015fdirilir. Bu s\u00f6zl\u0259ri Milli M\u0259clisin deputat\u0131 V\u00fcqar Bayramov bildirib. Onun &hellip;<\/p>\n","protected":false},"author":1,"featured_media":22361,"comment_status":"open","ping_status":"closed","sticky":false,"template":"","format":"standard","meta":{"footnotes":""},"categories":[1],"tags":[],"class_list":["post-22360","post","type-post","status-publish","format-standard","has-post-thumbnail","hentry","category-idman"],"_links":{"self":[{"href":"https:\/\/millitv.net\/index.php?rest_route=\/wp\/v2\/posts\/22360","targetHints":{"allow":["GET"]}}],"collection":[{"href":"https:\/\/millitv.net\/index.php?rest_route=\/wp\/v2\/posts"}],"about":[{"href":"https:\/\/millitv.net\/index.php?rest_route=\/wp\/v2\/types\/post"}],"author":[{"embeddable":true,"href":"https:\/\/millitv.net\/index.php?rest_route=\/wp\/v2\/users\/1"}],"replies":[{"embeddable":true,"href":"https:\/\/millitv.net\/index.php?rest_route=%2Fwp%2Fv2%2Fcomments&post=22360"}],"version-history":[{"count":1,"href":"https:\/\/millitv.net\/index.php?rest_route=\/wp\/v2\/posts\/22360\/revisions"}],"predecessor-version":[{"id":22362,"href":"https:\/\/millitv.net\/index.php?rest_route=\/wp\/v2\/posts\/22360\/revisions\/22362"}],"wp:featuredmedia":[{"embeddable":true,"href":"https:\/\/millitv.net\/index.php?rest_route=\/wp\/v2\/media\/22361"}],"wp:attachment":[{"href":"https:\/\/millitv.net\/index.php?rest_route=%2Fwp%2Fv2%2Fmedia&parent=22360"}],"wp:term":[{"taxonomy":"category","embeddable":true,"href":"https:\/\/millitv.net\/index.php?rest_route=%2Fwp%2Fv2%2Fcategories&post=22360"},{"taxonomy":"post_tag","embeddable":true,"href":"https:\/\/millitv.net\/index.php?rest_route=%2Fwp%2Fv2%2Ftags&post=22360"}],"curies":[{"name":"wp","href":"https:\/\/api.w.org\/{rel}","templated":true}]}}