{"id":22357,"date":"2026-01-27T14:45:04","date_gmt":"2026-01-27T14:45:04","guid":{"rendered":"https:\/\/millitv.net\/?p=22357"},"modified":"2026-01-27T14:45:06","modified_gmt":"2026-01-27T14:45:06","slug":"pensiya-il%c9%99-bagli-tecili-xeber-hansi-sah%c9%99d%c9%99-calisanlarin-pensiyasi-artacaq","status":"publish","type":"post","link":"https:\/\/millitv.net\/?p=22357","title":{"rendered":"Pensiya il\u0259 ba\u011fl\u0131 T\u018fC\u0130L\u0130 X\u018fB\u018fR &#8211; Hans\u0131 sah\u0259d\u0259 \u00e7al\u0131\u015fanlar\u0131n pensiyas\u0131 artacaq?"},"content":{"rendered":"\n<p><strong>Milli M\u0259clisin deputat\u0131 V\u00fcqar Bayramov Az\u0259rbaycanda i\u015fl\u0259y\u0259n pensiya\u00e7\u0131 v\u0259t\u0259nda\u015flar\u0131n pensiya kapital\u0131ndan istifad\u0259sinin d\u00f6rd ild\u0259n bir olmaqla \u00fc\u00e7 d\u0259f\u0259 hesablanmas\u0131n\u0131 t\u0259klif edib. O bildirib ki, i\u015fl\u0259y\u0259n pensiya\u00e7\u0131lar\u0131n say\u0131n\u0131n 190 min\u0259 yax\u0131n oldu\u011funu n\u0259z\u0259r\u0259 alsaq, bu d\u0259yi\u015fiklik xeyli sayda v\u0259t\u0259nda\u015f\u0131n pensiyas\u0131nda art\u0131mlara s\u0259b\u0259b olacaq. M\u00f6vcud qanunvericiliy\u0259 g\u00f6r\u0259, bu, alt\u0131 ild\u0259n bir olmaqla \u00fcmumilikd\u0259 iki d\u0259f\u0259 hesablan\u0131r.<\/strong><\/p>\n\n\n\n<p>Maraql\u0131d\u0131r, g\u00f6r\u0259s\u0259n, s\u00f6z\u00fcged\u0259n t\u0259klif q\u0259bul olunarsa, hans\u0131 sah\u0259d\u0259 \u00e7al\u0131\u015fan \u015f\u0259xsl\u0259rin pensiyalar\u0131nda art\u0131mlar olacaq?<\/p>\n\n\n\n<p>M\u0259s\u0259l\u0259 il\u0259 ba\u011fl\u0131 dan\u0131\u015fan iqtisad\u00e7\u0131 R\u0259\u015fad H\u0259s\u0259nov bildirib ki, m\u00f6vcud qanunvericiliy\u0259 uy\u011fun olaraq, v\u0259t\u0259nda\u015f pensiya h\u00fcququ \u0259ld\u0259 etdikd\u0259n sonra bel\u0259 \u0259m\u0259k f\u0259aliyy\u0259tini davam etdir\u0259 bil\u0259r:<\/p>\n\n\n\n<p>&#8220;O bildirib ki, bununla ba\u011fl\u0131 d\u00f6vl\u0259t sektorunda m\u00fc\u0259yy\u0259n m\u0259hdudiyy\u0259tl\u0259r var. Bir s\u0131ra f\u0259aliyy\u0259t sah\u0259l\u0259ri \u00fczr\u0259 65 ya\u015f\u0131n\u0131 ke\u00e7mi\u015f \u015f\u0259xsl\u0259r m\u0259cburi qaydada i\u015fd\u0259n k\u0259narla\u015fd\u0131r\u0131la bil\u0259rl\u0259r. Lakin elmi f\u0259aliyy\u0259t, t\u0259dqiqat sah\u0259l\u0259rind\u0259 i\u015fl\u0259y\u0259nl\u0259r\u0259, m\u00fc\u0259lliml\u0259r\u0259, h\u0259kiml\u0259r\u0259 g\u00fcz\u0259\u015ft edilir. \u00d6z\u0259l sektorda ya\u015f m\u0259hdudiyy\u0259ti, dem\u0259k olar ki, yoxdur v\u0259 \u015f\u0259xsl\u0259rin i\u015fd\u0259n \u00e7\u0131xar\u0131lmas\u0131na he\u00e7 bir \u0259sas yaranm\u0131r. H\u0259min v\u0259t\u0259nda\u015f\u0131n i\u015fd\u0259n azad olunmas\u0131na dair q\u0259rar r\u0259hb\u0259r t\u0259r\u0259find\u0259n m\u00fc\u0259yy\u0259nl\u0259\u015fdirilir.<ins><\/ins><\/p>\n\n\n\n<p>Q\u00fcvv\u0259d\u0259 olan qanunvericiliy\u0259 g\u00f6r\u0259, \u00e7al\u0131\u015fan v\u0259t\u0259nda\u015f pensiya h\u00fcququ \u0259ld\u0259 etdikd\u0259n sonra alt\u0131 ild\u0259n bir \u00f6d\u0259diyi s\u0131\u011forta haqq\u0131na g\u00f6r\u0259 pensiya kapital\u0131 yenid\u0259n hesablan\u0131r. H\u0259min m\u0259bl\u0259\u011f d\u0259 onun pensiyas\u0131n\u0131n \u00fcz\u0259rin\u0259 g\u0259lir. T\u0259klifd\u0259 is\u0259 qeyd olunur ki, bu hesablama d\u00f6rd ild\u0259n bir apar\u0131ls\u0131n. Bu da pensiyan\u0131n t\u0259krar hesablanmas\u0131n\u0131n intensivliyini art\u0131racaq. Bax\u0131n, v\u0259t\u0259nda\u015f 65 ya\u015f\u0131nda pensiyaya \u00e7\u0131x\u0131r, amma i\u015fin\u0259 davam edir. 71 ya\u015f\u0131nda onun pensiya kapital\u0131 yenid\u0259n hesablan\u0131r. T\u0259klif olunur ki, bu, 69 ya\u015fa endirilsin. \u00dcmumilikd\u0259 Az\u0259rbaycanda 65 ya\u015fdan yuxar\u0131 \u0259m\u0259k f\u0259aliyy\u0259ti il\u0259 m\u0259\u015f\u011ful olanlar\u0131n say etibar\u0131 il\u0259 \u00e7\u0259kisi azd\u0131r. Burada s\u00f6hb\u0259t t\u0259xmin\u0259n 800 min n\u0259f\u0259rd\u0259n gedir. Lakin indiki qaydada 71 ya\u015fdan sonra t\u0259krar hesablanma apar\u0131lsa, h\u0259min \u015f\u0259xsl\u0259rin say\u0131 400 min\u0259 d\u00fc\u015f\u0259c\u0259k&#8221;.<\/p>\n\n\n\n<p>Ekspert bildirib ki, t\u0259klif edil\u0259n mexanizm s\u0259m\u0259r\u0259li hesab olunur:<\/p>\n\n\n\n<p>&#8220;Pensiya kapital\u0131 \u015f\u0259xsin \u0259m\u0259khaqq\u0131s\u0131ndan tutulan m\u0259bl\u0259\u011f \u0259sas\u0131nda formala\u015fd\u0131r\u0131ld\u0131\u011f\u0131ndan bu, onun bir n\u00f6v m\u00fclkiyy\u0259t h\u00fcququnu yarad\u0131r. T\u0259klif q\u0259bul olunarsa, daha \u00e7ox \u00f6z\u0259l sektorlarda \u00e7al\u0131\u015fanlar\u0131n pensiyas\u0131nda art\u0131mlar ola bil\u0259r. \u00c7\u00fcnki s\u00f6z\u00fcged\u0259n m\u00fc\u0259ssis\u0259l\u0259rd\u0259 ya\u015f h\u0259ddi yoxdur. Bu, d\u00f6vl\u0259t sektorunda \u00e7al\u0131\u015fanlara da \u015famil oluna bil\u0259r. Burada is\u0259 v\u0259ziyy\u0259t f\u0259rqlidir. M\u0259s\u0259l\u0259n, s\u0259hiyy\u0259 sah\u0259sind\u0259 \u00e7al\u0131\u015fanlar\u0131n maksimal ya\u015f h\u0259ddi yoxdur. H\u0259m\u00e7inin elmi-t\u0259dqiqat sah\u0259l\u0259rind\u0259 \u00e7al\u0131\u015fanlara da eyni m\u00fcnasib\u0259t t\u0259tbiq olunur. Bir s\u0131ra d\u00f6vl\u0259t v\u0259 hakimiyy\u0259t orqanlar\u0131nda \u00e7al\u0131\u015fanlar da bu q\u0259bild\u0259ndir&#8221;.(Oxu.az)<\/p>\n","protected":false},"excerpt":{"rendered":"<p>Milli M\u0259clisin deputat\u0131 V\u00fcqar Bayramov Az\u0259rbaycanda i\u015fl\u0259y\u0259n pensiya\u00e7\u0131 v\u0259t\u0259nda\u015flar\u0131n pensiya kapital\u0131ndan istifad\u0259sinin d\u00f6rd ild\u0259n bir olmaqla \u00fc\u00e7 d\u0259f\u0259 hesablanmas\u0131n\u0131 t\u0259klif edib. O bildirib ki, i\u015fl\u0259y\u0259n pensiya\u00e7\u0131lar\u0131n say\u0131n\u0131n 190 min\u0259 yax\u0131n oldu\u011funu n\u0259z\u0259r\u0259 alsaq, bu d\u0259yi\u015fiklik xeyli sayda v\u0259t\u0259nda\u015f\u0131n pensiyas\u0131nda art\u0131mlara s\u0259b\u0259b olacaq. M\u00f6vcud qanunvericiliy\u0259 g\u00f6r\u0259, bu, alt\u0131 ild\u0259n bir olmaqla \u00fcmumilikd\u0259 iki d\u0259f\u0259 hesablan\u0131r. Maraql\u0131d\u0131r, &hellip;<\/p>\n","protected":false},"author":1,"featured_media":22358,"comment_status":"open","ping_status":"closed","sticky":false,"template":"","format":"standard","meta":{"footnotes":""},"categories":[1],"tags":[],"class_list":["post-22357","post","type-post","status-publish","format-standard","has-post-thumbnail","hentry","category-idman"],"_links":{"self":[{"href":"https:\/\/millitv.net\/index.php?rest_route=\/wp\/v2\/posts\/22357","targetHints":{"allow":["GET"]}}],"collection":[{"href":"https:\/\/millitv.net\/index.php?rest_route=\/wp\/v2\/posts"}],"about":[{"href":"https:\/\/millitv.net\/index.php?rest_route=\/wp\/v2\/types\/post"}],"author":[{"embeddable":true,"href":"https:\/\/millitv.net\/index.php?rest_route=\/wp\/v2\/users\/1"}],"replies":[{"embeddable":true,"href":"https:\/\/millitv.net\/index.php?rest_route=%2Fwp%2Fv2%2Fcomments&post=22357"}],"version-history":[{"count":1,"href":"https:\/\/millitv.net\/index.php?rest_route=\/wp\/v2\/posts\/22357\/revisions"}],"predecessor-version":[{"id":22359,"href":"https:\/\/millitv.net\/index.php?rest_route=\/wp\/v2\/posts\/22357\/revisions\/22359"}],"wp:featuredmedia":[{"embeddable":true,"href":"https:\/\/millitv.net\/index.php?rest_route=\/wp\/v2\/media\/22358"}],"wp:attachment":[{"href":"https:\/\/millitv.net\/index.php?rest_route=%2Fwp%2Fv2%2Fmedia&parent=22357"}],"wp:term":[{"taxonomy":"category","embeddable":true,"href":"https:\/\/millitv.net\/index.php?rest_route=%2Fwp%2Fv2%2Fcategories&post=22357"},{"taxonomy":"post_tag","embeddable":true,"href":"https:\/\/millitv.net\/index.php?rest_route=%2Fwp%2Fv2%2Ftags&post=22357"}],"curies":[{"name":"wp","href":"https:\/\/api.w.org\/{rel}","templated":true}]}}