{"id":2234,"date":"2023-10-16T10:19:35","date_gmt":"2023-10-16T10:19:35","guid":{"rendered":"https:\/\/millinews.az\/xeber\/oxu-az-prezidentin-xank%C9%99ndiy%C9%99-s%C9%99f%C9%99ri-v%C9%99-az%C9%99rbaycan-bayragini-ucaltmasi-xarici-kiv-in-diqq%C9%99t-m%C9%99rk%C9%99zind%C9%99dir\/"},"modified":"2023-10-16T10:19:35","modified_gmt":"2023-10-16T10:19:35","slug":"oxu-az-prezidentin-xank%C9%99ndiy%C9%99-s%C9%99f%C9%99ri-v%C9%99-az%C9%99rbaycan-bayragini-ucaltmasi-xarici-kiv-in-diqq%C9%99t-m%C9%99rk%C9%99zind%C9%99dir","status":"publish","type":"post","link":"https:\/\/millitv.net\/?p=2234","title":{"rendered":"Millinews.az &#8211; Prezidentin Xank\u0259ndiy\u0259 s\u0259f\u0259ri v\u0259 Az\u0259rbaycan Bayra\u011f\u0131n\u0131 ucaltmas\u0131 xarici K\u0130V-in diqq\u0259t m\u0259rk\u0259zind\u0259dir"},"content":{"rendered":"<p><img decoding=\"async\" src=\"https:\/\/cdn.oxu.az\/uploads\/W1siZiIsIjIwMjMvMTAvMTYvMTMvMjMvMjMvMGRlNTY3OWItYWUyOS00N2M5LTg4M2MtYzM5MzQwYzAzNDQyL2tpdmxlcl8xNjEwMjNfMiAoMikuanBnIl0sWyJwIiwiZW5jb2RlIiwianBnIiwiLXF1YWxpdHkgODAiXSxbInAiLCJ0aHVtYiIsIjYyMHg0NjVcdTAwM2UiXV0?sha=d5a3b6f530dfdef5\" alt=\"\" title=\"\"><\/p>\n<div><a class=\"subs-in-social subs-whatsapp\" href=\"https:\/\/whatsapp.com\/channel\/0029VaAakbx89ingOoeiTp40\" target=\"_blank\" rel=\"noopener\"><\/p>\n<p>Bizim WhatsApp kanal\u0131m\u0131za buradan abun\u0259 ola bil\u0259rsiniz<\/p>\n<p><\/a><\/p>\n<p>Az\u0259rbaycan Respublikas\u0131n\u0131n Prezidenti <strong>\u0130lham \u018fliyevin <\/strong>oktyabr\u0131n 15-d\u0259 Xank\u0259ndid\u0259 \u00f6lk\u0259mizin \u00fc\u00e7r\u0259ngli D\u00f6vl\u0259t Bayra\u011f\u0131n\u0131 ucaltmas\u0131 v\u0259 \u00e7\u0131x\u0131\u015f\u0131 xarici K\u0130V-nin diqq\u0259t m\u0259rk\u0259zind\u0259 olub.<\/p>\n<p>\u201cTrend\u201d x\u0259b\u0259r verir ki, m\u00fcxt\u0259lif beyn\u0259lxalq media orqanlar\u0131 Az\u0259rbaycan Prezidentinin \u00e7\u0131x\u0131\u015f\u0131ndan m\u00fcxt\u0259lif fikirl\u0259ri \u00f6z auditoriyalar\u0131na t\u0259qdim edibl\u0259r.<\/p>\n<p>Yaponiyan\u0131n n\u00fcfuzlu NHK televiziya kanal\u0131 Prezident \u0130lham \u018fliyevin Xank\u0259ndid\u0259 Az\u0259rbaycan Bayra\u011f\u0131n\u0131 ucaltmas\u0131 bar\u0259d\u0259 s\u00fcjet yay\u0131mlay\u0131b.<\/p>\n<p>S\u00fcjetd\u0259 \u00f6t\u0259n ay Qaraba\u011fdak\u0131 erm\u0259ni silahl\u0131 qruplar\u0131na qar\u015f\u0131 ke\u00e7irilmi\u015f u\u011furlu t\u0259dbirl\u0259rd\u0259n sonra Az\u0259rbaycan Prezidentinin oktyabr\u0131n 15-d\u0259 b\u00f6lg\u0259nin m\u0259rk\u0259zi \u015f\u0259h\u0259ri olan Xank\u0259ndid\u0259 Az\u0259rbaycan Bayra\u011f\u0131n\u0131 ucaltmas\u0131ndan s\u00f6z a\u00e7\u0131l\u0131b. Qeyd olunub ki, Prezident \u0130lham \u018fliyev Xank\u0259ndid\u0259 Az\u0259rbaycan Bayra\u011f\u0131n\u0131n ucald\u0131lmas\u0131n\u0131 tarixi hadis\u0259 adland\u0131r\u0131b.<\/p>\n<p>S\u00fcjetd\u0259 Az\u0259rbaycan\u0131n Qaraba\u011f b\u00f6lg\u0259sind\u0259ki qondarma \u201crespublika\u201dn\u0131n \u00f6z\u00fcn\u00fc buraxmas\u0131ndan, Rusiya Prezidenti Vladimir Putinin Az\u0259rbaycan il\u0259 Erm\u0259nistan aras\u0131nda s\u00fclh dan\u0131\u015f\u0131qlar\u0131 \u00fc\u00e7\u00fcn t\u0259klifl\u0259rind\u0259n, r\u0259smi \u0130r\u0259van\u0131n Q\u0259rb\u0259 meyill\u0259nm\u0259sind\u0259n s\u00f6z a\u00e7\u0131l\u0131b.<\/p>\n<p>Latviyan\u0131n \u201cDelfi\u201d n\u0259\u015fri yaz\u0131r ki, \u0130lham \u018fliyev 20 illik prezidentliyi d\u00f6vr\u00fcnd\u0259 ilk d\u0259f\u0259 olaraq 1990-c\u0131 ill\u0259rd\u0259n erm\u0259ni separat\u00e7\u0131lar\u0131n n\u0259zar\u0259ti alt\u0131nda olan Xank\u0259ndiy\u0259 s\u0259f\u0259r edib.<\/p>\n<p>Yaz\u0131da Az\u0259rbaycan Ordusunun sentyabr\u0131n 19-da b\u00f6lg\u0259d\u0259 h\u0259yata ke\u00e7irdiyi antiterror t\u0259dbirl\u0259rin\u0259 toxunulub, bir g\u00fcn sonra qondarma rejimin m\u00fcqavim\u0259ti dayand\u0131rd\u0131\u011f\u0131n\u0131 elan etdikl\u0259ri bildirilib.<\/p>\n<p>Eyni zamanda, diqq\u0259t\u0259 \u00e7atd\u0131r\u0131l\u0131b ki, Az\u0259rbaycan h\u00f6kum\u0259ti qondarma qurumun f\u0259aliyy\u0259tini dayand\u0131rd\u0131qdan sonra b\u00f6lg\u0259ni t\u0259rk etm\u0259m\u0259y\u0259 q\u0259rar ver\u0259n erm\u0259ni \u0259hali \u00fc\u00e7\u00fcn reinteqrasiya plan\u0131n\u0131 a\u00e7\u0131qlay\u0131b.<\/p>\n<p>Moldovan\u0131n \u201cTv8\u201d kanal\u0131n\u0131n sayt\u0131nda yay\u0131mlanan x\u0259b\u0259rd\u0259 vur\u011fulan\u0131r ki, Prezident \u0130lham \u018fliyevin Xank\u0259ndid\u0259 Az\u0259rbaycan Bayra\u011f\u0131n\u0131 qald\u0131rmas\u0131 bu \u00f6lk\u0259nin b\u00fct\u00fcn \u0259razisind\u0259 n\u0259zar\u0259ti b\u0259rpa etm\u0259sini simvoliz\u0259 edir.<\/p>\n<p>Ukraynan\u0131n \u201cUkrinform\u201d, \u201cRBK-Ukrayna\u201d, \u201cAzadl\u0131q\u201d Radiosunun Ukrayna redaksiyas\u0131, \u201cTSN\u201d, \u201c24Kanal\u201d, \u201cDeutscheWelle\u201dnin Ukrayna redaksiyas\u0131, \u201cGazeta\u201d, \u201cKorrespondent\u201d, \u201cNV\u201d, \u201cPodrobnosti\u201d, \u201cYevropeyskaya Pravda\u201d, \u201cUkrainskaya Pravda\u201d, \u201cFakti\u201d, \u201cSlovom i Dilom\u201d v\u0259 dig\u0259r informasiya agentlikl\u0259rind\u0259, x\u0259b\u0259r portallar\u0131nda Ukrayna, rus v\u0259 ingilis dill\u0259rind\u0259 d\u0259rc olunan m\u0259qal\u0259l\u0259rd\u0259 Prezident \u0130lham \u018fliyevin Xank\u0259ndi \u015f\u0259h\u0259rind\u0259 Az\u0259rbaycan\u0131n D\u00f6vl\u0259t Bayra\u011f\u0131n\u0131 ucaltd\u0131\u011f\u0131 x\u00fcsusi qeyd edilib.<\/p>\n<p>H\u0259m\u00e7inin bildirilib ki, Prezident \u0130lham \u018fliyev Qaraba\u011f\u0131n dig\u0259r ya\u015fay\u0131\u015f m\u0259nt\u0259q\u0259l\u0259rind\u0259, o c\u00fcml\u0259d\u0259n A\u011fd\u0259r\u0259, Xocal\u0131, K\u0259rkicahan v\u0259 Mal\u0131b\u0259ylid\u0259 olub, Az\u0259rbaycan\u0131n \u00fc\u00e7r\u0259ngli D\u00f6vl\u0259t Bayra\u011f\u0131n\u0131 ucald\u0131b.<\/p>\n<p>Estoniyan\u0131n \u201cPostimees\u201d n\u0259\u015fri d\u0259 d\u00f6vl\u0259timizin ba\u015f\u00e7\u0131s\u0131n\u0131n Qaraba\u011fa s\u0259f\u0259rind\u0259n yaz\u0131b. Bildirilib ki, bu, r\u0259smi Bak\u0131n\u0131n b\u00f6lg\u0259y\u0259 n\u0259zar\u0259ti b\u0259rpa etm\u0259sind\u0259n sonra Prezident \u0130lham \u018fliyevin buraya ilk s\u0259f\u0259ridir. Yaz\u0131da, eyni zamanda, \u00f6t\u0259n ay Az\u0259rbaycan\u0131n b\u00f6lg\u0259d\u0259 h\u0259yata ke\u00e7irdiyi antiterror t\u0259dbirl\u0259rin\u0259 d\u0259 toxunulub.<\/p>\n<p>AB\u015e-\u0131n \u201cBarron&#8217;s\u201d d\u0259rgisi Prezident \u0130lham \u018fliyevin 20 illik prezidentlik f\u0259aliyy\u0259tinin bir n\u00f6mr\u0259li m\u0259qs\u0259dinin Qaraba\u011f\u0131n erm\u0259ni separat\u00e7\u0131lardan azad edilm\u0259si v\u0259 Az\u0259rbaycan Bayra\u011f\u0131n\u0131n Xank\u0259ndid\u0259 dal\u011falanmas\u0131n\u0131n tarixi hadis\u0259 olmas\u0131 il\u0259 ba\u011fl\u0131 fikirl\u0259rin\u0259 diqq\u0259t \u00e7\u0259kib.<\/p>\n<p>Portal qeyd edib ki, Az\u0259rbaycan Prezidenti Xank\u0259ndid\u0259 D\u00f6vl\u0259t Bayra\u011f\u0131n\u0131n qald\u0131r\u0131lmas\u0131n\u0131n b\u00f6y\u00fck xo\u015fb\u0259xtlik v\u0259 tarixi hadis\u0259 oldu\u011funu bildirib.<\/p>\n<p>B\u00f6y\u00fck Britaniyan\u0131n \u201cIndependent\u201d n\u0259\u015frind\u0259 d\u0259rc olunan yaz\u0131da vur\u011fulan\u0131b ki, Prezident \u0130lham \u018fliyevin Qaraba\u011fda Az\u0259rbaycan Bayra\u011f\u0131n\u0131 ucaltmas\u0131 bu \u00f6lk\u0259nin b\u00f6lg\u0259y\u0259 n\u0259zar\u0259tinin t\u0259sdiqidir.<\/p>\n<p>Eyni zamanda, diqq\u0259t\u0259 \u00e7atd\u0131r\u0131l\u0131b ki, beyn\u0259lxalq al\u0259md\u0259 Az\u0259rbaycan\u0131n t\u0259rkib hiss\u0259si kimi tan\u0131nan Qaraba\u011f 1994-c\u00fc ild\u0259n etnik erm\u0259ni q\u00fcvv\u0259l\u0259rin n\u0259zar\u0259ti alt\u0131nda olan b\u00f6lg\u0259y\u0259 \u00e7evrilmi\u015fdi. 2020-ci ild\u0259 ba\u015f ver\u0259n m\u00fcharib\u0259 n\u0259tic\u0259sind\u0259 Az\u0259rbaycan Qaraba\u011f\u0131n b\u00f6y\u00fck hiss\u0259sin\u0259 n\u0259zar\u0259ti b\u0259rpa edib. \u00d6t\u0259n ay is\u0259 Az\u0259rbaycan Ordusu b\u00f6lg\u0259nin qalan hiss\u0259sind\u0259n erm\u0259ni silahl\u0131 q\u00fcvv\u0259l\u0259rini darmada\u011f\u0131n ed\u0259r\u0259k onlar\u0131 t\u0259slim olma\u011fa m\u0259cbur edib.<\/p>\n<p>B\u00f6y\u00fck Britaniyan\u0131n \u201cGazetteherald\u201d n\u0259\u015frind\u0259, AB\u015e-nin \u201cThe Seattle Times\u201d, \u0130taliyan\u0131n \u201cLa Repubblica\u201d q\u0259zetl\u0259rind\u0259, h\u0259m\u00e7inin \u201cReuters\u201d agentliyind\u0259, Fransan\u0131n \u201cFrance24\u201d, \u201cFrancetvinfo\u201d telekanallar\u0131n\u0131n sayt\u0131nda, Kanadan\u0131n \u201cLa presse\u201d, Yunan\u0131stan\u0131n \u201cNewsbeast\u201d, B\u018f\u018f-nin \u201cSky News Arabian\u201d, \u201cAl Etihad\u201d, Q\u0259t\u0259rin \u201cAl Araby\u201d, S\u0259udiyy\u0259 \u018fr\u0259bistan\u0131n\u0131n \u201cAsharq\u201d v\u0259 dig\u0259r portallarda yay\u0131mlanan informasiyalarda d\u00f6vl\u0259timizin ba\u015f\u00e7\u0131s\u0131n\u0131n Xank\u0259ndid\u0259 Az\u0259rbaycan\u0131n D\u00f6vl\u0259t Bayra\u011f\u0131n\u0131 ucaltd\u0131\u011f\u0131 v\u0259 sonra \u00e7\u0131x\u0131\u015f etdiyi oxucular\u0131n diqq\u0259tin\u0259 \u00e7atd\u0131r\u0131l\u0131b.<\/p>\n<p>News.com.au portal\u0131 yaz\u0131r ki, qalib Prezident \u0130lham \u018fliyev bazar g\u00fcn\u00fc regionun \u0259sas \u015f\u0259h\u0259rind\u0259 \u00f6lk\u0259sinin bayra\u011f\u0131n\u0131 qald\u0131rark\u0259n deyib: \u201cBiz ist\u0259yimiz\u0259 nail olduq, Az\u0259rbaycan xalq\u0131n\u0131n onillikl\u0259r \u0259rzind\u0259 olan arzular\u0131n\u0131 \u00e7in etdik\u201d.<\/p>\n<p>Oxucular\u0131n diqq\u0259tin\u0259 \u00e7atd\u0131r\u0131l\u0131b ki, Prezident \u018fliyev Qaraba\u011fda Az\u0259rbaycan hakimiyy\u0259tini g\u00f6rm\u0259k \u00fc\u00e7\u00fcn 20 il g\u00f6zl\u0259diyini bildirib. O, h\u0259m\u00e7inin qeyd edib ki, bu Q\u0259l\u0259b\u0259 bizim tariximizd\u0259 \u0259b\u0259di olacaq.<\/p>\n<p>Yaz\u0131da qeyd olunub ki, \u0130lham \u018fliyevin bu s\u0259f\u0259ri onun atas\u0131 Heyd\u0259r \u018fliyevd\u0259n sonra Az\u0259rbaycan Prezidenti olduqdan d\u00fcz 20 il sonraya t\u0259sad\u00fcf edib.<\/p>\n<p>\u201c\u0130yirmi il bundan \u0259vv\u0259l Prezident kimi \u00f6z v\u0259zif\u0259 borcumu yerin\u0259 yetirm\u0259y\u0259 ba\u015flayanda qar\u015f\u0131ma bir n\u00f6mr\u0259li v\u0259zif\u0259 qoymu\u015fdum ki, Az\u0259rbaycan Bayra\u011f\u0131 o vaxt i\u015f\u011fal alt\u0131nda olan b\u00fct\u00fcn \u0259razil\u0259rd\u0259, b\u00fct\u00fcn torpaqlarda, b\u00fct\u00fcn \u015f\u0259h\u0259r v\u0259 k\u0259ndl\u0259rd\u0259 qald\u0131r\u0131ls\u0131n\u201d, &#8211; dey\u0259 portal Prezident \u0130lham \u018fliyevin \u00e7\u0131x\u0131\u015f\u0131ndan sitat g\u0259tirib.<\/p>\n<p>G\u00fcrc\u00fcstan\u0131n Interpressnews.ge, Amnebi.ge, Qafqazturk.com, Aktual.ge, Realnews.ge, 24news.ge, Interpress.ge portallar\u0131 da Prezident \u0130lham \u018fliyevin Qaraba\u011fa s\u0259f\u0259ri il\u0259 ba\u011fl\u0131 silsil\u0259 materiallar yay\u0131blar.<\/p>\n<p>Materiallarda Az\u0259rbaycan Prezidenti \u0130lham \u018fliyevin Xank\u0259ndi \u015f\u0259h\u0259rin\u0259, Xocal\u0131ya v\u0259 i\u015f\u011faldan azad edilmi\u015f dig\u0259r b\u00f6lg\u0259l\u0259r\u0259 s\u0259f\u0259ri v\u0259 h\u0259min \u0259razil\u0259rd\u0259 D\u00f6vl\u0259t Bayra\u011f\u0131n\u0131 ucaltmas\u0131, el\u0259c\u0259 d\u0259 bu b\u00f6lg\u0259l\u0259rd\u0259 h\u0259yata ke\u00e7iril\u0259n islahatlar, erm\u0259ni separat\u00e7\u0131lar\u0131n ald\u0131qlar\u0131 layiqli c\u0259za, h\u0259m\u00e7inin Qaraba\u011f b\u00f6lg\u0259sinin \u00e7i\u00e7\u0259kl\u0259nm\u0259si il\u0259 ba\u011fl\u0131 layih\u0259l\u0259r bar\u0259d\u0259 d\u00f6vl\u0259timizin ba\u015f\u00e7\u0131s\u0131n\u0131n fikirl\u0259ri yer al\u0131b.<\/p>\n<p>Macar\u0131stan\u0131n Hirado.hu sayt\u0131 yaz\u0131r ki, Prezident \u0130lham \u018fliyevin Xank\u0259ndind\u0259 Az\u0259rbaycan Bayra\u011f\u0131n\u0131 ucaltd\u0131qdan sonra etdiyi \u00e7\u0131x\u0131\u015f\u0131nda Az\u0259rbaycan\u0131n torpaqlar\u0131n\u0131 geri qaytard\u0131\u011f\u0131n\u0131 s\u00f6yl\u0259yib. O deyib ki, Az\u0259rbaycan bu an\u0131 20 il idi g\u00f6zl\u0259yirdi.<\/p>\n<p>Prezident \u0130lham \u018fliyev qeyd edib ki, bu, 20 il \u0259vv\u0259l v\u0259zif\u0259y\u0259 g\u0259ldiyi g\u00fcnd\u0259n onun bir n\u00f6mr\u0259li h\u0259d\u0259fi olub.<\/p>\n<p>Bu \u00f6lk\u0259nin 24.hu v\u0259 Privatbankar.hu portallar\u0131nda yay\u0131mlanan informasiyalarda Az\u0259rbaycan Prezidentinin Qaraba\u011f s\u0259f\u0259rin\u0259 toxunulub, bu regionun tarixin\u0259 n\u0259z\u0259r sal\u0131n\u0131b. Bildirilib ki, Qaraba\u011f beyn\u0259lxalq h\u00fcquqa g\u00f6r\u0259 Az\u0259rbaycan\u0131n t\u0259rkib hiss\u0259sidir, lakin t\u0259xmin\u0259n 30 il \u0259vv\u0259l t\u0259r\u0259fl\u0259r aras\u0131nda ba\u015f vermi\u015f birinci m\u00fcharib\u0259d\u0259n sonra erm\u0259nil\u0259rin n\u0259zar\u0259tin\u0259 ke\u00e7ib. Lakin Az\u0259rbaycan 2020-ci ilin pay\u0131z\u0131nda \u0259razinin bir hiss\u0259sini geri qaytar\u0131b, bu ilin sentyabr\u0131nda is\u0259 separat\u00e7\u0131lar\u0131 diz \u00e7\u00f6kd\u00fcr\u00fcb. Bundan sonra is\u0259 r\u0259smi Bak\u0131 \u0259razinin Az\u0259rbaycana reinteqrasiyas\u0131 il\u0259 ba\u011fl\u0131 dan\u0131\u015f\u0131qlara ba\u015flay\u0131b. Az\u0259rbaycan r\u0259hb\u0259rliyi erm\u0259nil\u0259rin h\u00fcquqlar\u0131n\u0131 t\u0259min ed\u0259c\u0259yin\u0259 s\u00f6z vers\u0259 d\u0259, onlar qorxduqlar\u0131 \u00fc\u00e7\u00fcn \u0259razini t\u0259rk edibl\u0259r.<\/p>\n<\/div>\n","protected":false},"excerpt":{"rendered":"<p>Bizim WhatsApp kanal\u0131m\u0131za buradan abun\u0259 ola bil\u0259rsiniz Az\u0259rbaycan Respublikas\u0131n\u0131n Prezidenti \u0130lham \u018fliyevin oktyabr\u0131n 15-d\u0259 Xank\u0259ndid\u0259 \u00f6lk\u0259mizin \u00fc\u00e7r\u0259ngli D\u00f6vl\u0259t Bayra\u011f\u0131n\u0131 ucaltmas\u0131 v\u0259 \u00e7\u0131x\u0131\u015f\u0131 xarici K\u0130V-nin diqq\u0259t m\u0259rk\u0259zind\u0259 olub. \u201cTrend\u201d x\u0259b\u0259r verir ki, m\u00fcxt\u0259lif beyn\u0259lxalq media orqanlar\u0131 Az\u0259rbaycan Prezidentinin \u00e7\u0131x\u0131\u015f\u0131ndan m\u00fcxt\u0259lif fikirl\u0259ri \u00f6z auditoriyalar\u0131na t\u0259qdim edibl\u0259r. Yaponiyan\u0131n n\u00fcfuzlu NHK televiziya kanal\u0131 Prezident \u0130lham \u018fliyevin Xank\u0259ndid\u0259 Az\u0259rbaycan Bayra\u011f\u0131n\u0131 &hellip;<\/p>\n","protected":false},"author":1,"featured_media":2235,"comment_status":"open","ping_status":"closed","sticky":false,"template":"","format":"standard","meta":{"footnotes":""},"categories":[9],"tags":[],"class_list":["post-2234","post","type-post","status-publish","format-standard","has-post-thumbnail","hentry","category-xeber"],"_links":{"self":[{"href":"https:\/\/millitv.net\/index.php?rest_route=\/wp\/v2\/posts\/2234","targetHints":{"allow":["GET"]}}],"collection":[{"href":"https:\/\/millitv.net\/index.php?rest_route=\/wp\/v2\/posts"}],"about":[{"href":"https:\/\/millitv.net\/index.php?rest_route=\/wp\/v2\/types\/post"}],"author":[{"embeddable":true,"href":"https:\/\/millitv.net\/index.php?rest_route=\/wp\/v2\/users\/1"}],"replies":[{"embeddable":true,"href":"https:\/\/millitv.net\/index.php?rest_route=%2Fwp%2Fv2%2Fcomments&post=2234"}],"version-history":[{"count":0,"href":"https:\/\/millitv.net\/index.php?rest_route=\/wp\/v2\/posts\/2234\/revisions"}],"wp:featuredmedia":[{"embeddable":true,"href":"https:\/\/millitv.net\/index.php?rest_route=\/wp\/v2\/media\/2235"}],"wp:attachment":[{"href":"https:\/\/millitv.net\/index.php?rest_route=%2Fwp%2Fv2%2Fmedia&parent=2234"}],"wp:term":[{"taxonomy":"category","embeddable":true,"href":"https:\/\/millitv.net\/index.php?rest_route=%2Fwp%2Fv2%2Fcategories&post=2234"},{"taxonomy":"post_tag","embeddable":true,"href":"https:\/\/millitv.net\/index.php?rest_route=%2Fwp%2Fv2%2Ftags&post=2234"}],"curies":[{"name":"wp","href":"https:\/\/api.w.org\/{rel}","templated":true}]}}