{"id":22322,"date":"2026-01-22T08:21:34","date_gmt":"2026-01-22T08:21:34","guid":{"rendered":"https:\/\/millitv.net\/?p=22322"},"modified":"2026-01-22T08:21:35","modified_gmt":"2026-01-22T08:21:35","slug":"qarabagdan-tecili-xeber-yalniz-bu-halda-m%c9%99rh%c9%99l%c9%99-adlayacagiq","status":"publish","type":"post","link":"https:\/\/millitv.net\/?p=22322","title":{"rendered":"&#8220;Qaraba\u011f&#8221;dan T\u018fC\u0130L\u0130 X\u018fB\u018fR &#8211; Yaln\u0131z BU HALDA m\u0259rh\u0259l\u0259 adlayaca\u011f\u0131q"},"content":{"rendered":"\n<p><strong>\u201cQaraba\u011f\u201d Az\u0259rbaycan futbolu tarixind\u0259 n\u00f6vb\u0259ti tarix\u0259 u\u011fura imza ata bil\u0259r. A\u011fdam klubu UEFA \u00c7empionlar Liqas\u0131n\u0131n pley-off m\u0259rh\u0259l\u0259sin\u0259 y\u00fcks\u0259lm\u0259y\u0259 olduqca yax\u0131nd\u0131r. &#8220;K\u00f6hl\u0259n atlar&#8221; son turda &#8211; yanvar\u0131n 28-d\u0259 &#8220;Liverpul&#8221;un qona\u011f\u0131 olacaq. Komanda bu g\u00f6r\u00fc\u015fd\u0259 m\u0259\u011flub olsa bel\u0259, &#8220;ilk 24-l\u00fcy&#8221;\u0259 d\u00fc\u015f\u0259 bil\u0259r.<\/strong><\/p>\n\n\n\n<p>Haz\u0131rda Az\u0259rbaycan \u00e7empionu 10 xalla 18-ci pill\u0259d\u0259 q\u0259rarla\u015f\u0131b. \u0130ngilt\u0259r\u0259 n\u0259h\u0259ngi il\u0259 g\u00f6r\u00fc\u015fd\u0259 qazan\u0131lacaq 1 xal dig\u0259r oyunlar\u0131n n\u0259tic\u0259l\u0259rind\u0259n as\u0131l\u0131 olmayaraq, \u201cQaraba\u011f\u201d\u0131n pley-offa y\u00fcks\u0259lm\u0259si il\u0259 n\u0259tic\u0259l\u0259n\u0259c\u0259k. M\u0259\u011flubiyy\u0259t hal\u0131nda dig\u0259r mat\u00e7lar\u0131n n\u0259tic\u0259sini g\u00f6zl\u0259m\u0259li olaca\u011f\u0131q.<\/p>\n\n\n\n<p>M\u0259\u011flubiyy\u0259t hal\u0131nda daha 3 komandan\u0131n u\u011fursuzlu\u011funu arzulamal\u0131 olaca\u011f\u0131q. Onlardan birinin b\u00fcdr\u0259y\u0259c\u0259yi d\u0259qiqdir, qal\u0131r ikisi\u2026<\/p>\n\n\n\n<p>\u201cKayrat\u201d, \u201cVilyarreal\u201d, \u201cSlaviya\u201d, \u201cAyntraxt\u201d, \u201cAyaks\u201d, \u201cUnion\u201d, \u201cPafos\u201d, \u201cBenfika\u201d v\u0259 \u201cBodo Qlimt\u201din \u201cQaraba\u011f\u201da \u00e7atmaq \u015fans\u0131 yoxdur. Dem\u0259li, yar\u0131\u015fla vidala\u015facaq 12 komandadan 9-u bunlar aras\u0131ndan se\u00e7il\u0259c\u0259k. A\u011fdaml\u0131lar daha 3 komandadan \u00fcst\u00fcn olmal\u0131d\u0131r ki, yoluna davam etsin.<\/p>\n\n\n\n<p><strong>\u201cQaraba\u011f\u201d \u00fc\u00e7\u00fcn t\u0259hl\u00fck\u0259 m\u0259nb\u0259yi olan komandalar:<\/strong><\/p>\n\n\n\n<p><strong>\u201cBr\u00fcgge\u201d \u2013 7 xal (top f\u0259rqi -5):<\/strong>&nbsp;son turda Marsel \u201cOlimpik\u201dini q\u0259bul ed\u0259c\u0259k<\/p>\n\n\n\n<p><strong>\u201cKopenhagen\u201d \u2013 8 xal:<\/strong>&nbsp;son turda \u201cBarselona\u201dya qonaq olacaq<\/p>\n\n\n\n<p><strong>\u201cNapoli\u201d \u2013 8 xal:<\/strong>&nbsp;son turda \u201c\u00c7elsi\u201dni q\u0259bul ed\u0259c\u0259k<\/p>\n\n\n\n<p><strong>\u201cOlimpiakos\u201d \u2013 8 xal:<\/strong>&nbsp;son turda \u201cAyaks\u201da qonaq olacaq<\/p>\n\n\n\n<p><strong>\u201cAtletik\u201d \u2013 8 xal:<\/strong>&nbsp;son turda \u201cSportinq\u201di q\u0259bul ed\u0259c\u0259k<\/p>\n\n\n\n<p><strong>PSV \u2013 8 xal:<\/strong>&nbsp;son turda \u201cBayern\u201di q\u0259bul ed\u0259c\u0259k<\/p>\n\n\n\n<p><strong>\u201cMonako\u201d \u2013 9 xal (top f\u0259rqi -6):<\/strong>&nbsp;son turda \u201cYuventus\u201du q\u0259bul ed\u0259c\u0259k<\/p>\n\n\n\n<p><strong>\u201cBayer Leverkuzen\u201d \u2013 9 xal (top f\u0259rqi -4):<\/strong>&nbsp;son turda \u201cVilyarreal\u201d\u0131 q\u0259bul ed\u0259c\u0259k<\/p>\n\n\n\n<p><strong>\u201cMarsel\u201d \u2013 9 xal (top f\u0259rqi 0):<\/strong>&nbsp;son turda \u201cBr\u00fcgge\u201dnin qona\u011f\u0131 olacaq<\/p>\n\n\n\n<p>Top f\u0259rqi -2 olan \u201cQaraba\u011f\u201d\u0131 \u00fcst\u0259l\u0259m\u0259k \u00fc\u00e7\u00fcn 3 komandaya he\u00e7-he\u00e7\u0259 d\u0259 b\u0259s ed\u0259 bil\u0259r. 6 komanda is\u0259 m\u00fctl\u0259q q\u0259l\u0259b\u0259 qazanmal\u0131d\u0131r. \u201cBr\u00fcgge\u201d il\u0259 Marsel \u201cOlimpik\u201dinin bir-birini \u00fcst\u0259l\u0259m\u0259li oldu\u011funu n\u0259z\u0259r\u0259 alsaq, dig\u0259r r\u0259qibl\u0259rd\u0259n ikisinin maksimum n\u0259tic\u0259y\u0259 imza atmamas\u0131 a\u011fdaml\u0131lar \u00fc\u00e7\u00fcn kifay\u0259tdir. \u201cBarselona\u201d evind\u0259 uduzacaqsa, \u201cBayern\u201d xals\u0131z qalacaqsa, \u201c\u00c7elsi\u201d, \u201cAyaks\u201d, \u201cSportinq\u201d v\u0259 \u201cYuventus\u201dun ham\u0131s\u0131 m\u0259\u011flubiyy\u0259t alacaqsa, \u201cQaraba\u011f\u201d \u00fc\u00e7\u00fcn \u00c7L-d\u0259 m\u00fcbariz\u0259 bit\u0259c\u0259k. Amma b\u00fct\u00fcn bunlar\u0131n ba\u015f verm\u0259si sensasiya olar. Ona g\u00f6r\u0259 d\u0259 yuxar\u0131da sadalad\u0131\u011f\u0131m\u0131z komandalardan c\u0259mi ikisinin b\u00fcdr\u0259m\u0259si t\u0259msil\u00e7imiz \u00fc\u00e7\u00fcn yet\u0259rlidir.\/\/Publika.az<\/p>\n\n\n\n<p><\/p>\n","protected":false},"excerpt":{"rendered":"<p>\u201cQaraba\u011f\u201d Az\u0259rbaycan futbolu tarixind\u0259 n\u00f6vb\u0259ti tarix\u0259 u\u011fura imza ata bil\u0259r. A\u011fdam klubu UEFA \u00c7empionlar Liqas\u0131n\u0131n pley-off m\u0259rh\u0259l\u0259sin\u0259 y\u00fcks\u0259lm\u0259y\u0259 olduqca yax\u0131nd\u0131r. &#8220;K\u00f6hl\u0259n atlar&#8221; son turda &#8211; yanvar\u0131n 28-d\u0259 &#8220;Liverpul&#8221;un qona\u011f\u0131 olacaq. Komanda bu g\u00f6r\u00fc\u015fd\u0259 m\u0259\u011flub olsa bel\u0259, &#8220;ilk 24-l\u00fcy&#8221;\u0259 d\u00fc\u015f\u0259 bil\u0259r. Haz\u0131rda Az\u0259rbaycan \u00e7empionu 10 xalla 18-ci pill\u0259d\u0259 q\u0259rarla\u015f\u0131b. \u0130ngilt\u0259r\u0259 n\u0259h\u0259ngi il\u0259 g\u00f6r\u00fc\u015fd\u0259 qazan\u0131lacaq 1 xal &hellip;<\/p>\n","protected":false},"author":1,"featured_media":22175,"comment_status":"open","ping_status":"closed","sticky":false,"template":"","format":"standard","meta":{"footnotes":""},"categories":[1],"tags":[],"class_list":["post-22322","post","type-post","status-publish","format-standard","has-post-thumbnail","hentry","category-idman"],"_links":{"self":[{"href":"https:\/\/millitv.net\/index.php?rest_route=\/wp\/v2\/posts\/22322","targetHints":{"allow":["GET"]}}],"collection":[{"href":"https:\/\/millitv.net\/index.php?rest_route=\/wp\/v2\/posts"}],"about":[{"href":"https:\/\/millitv.net\/index.php?rest_route=\/wp\/v2\/types\/post"}],"author":[{"embeddable":true,"href":"https:\/\/millitv.net\/index.php?rest_route=\/wp\/v2\/users\/1"}],"replies":[{"embeddable":true,"href":"https:\/\/millitv.net\/index.php?rest_route=%2Fwp%2Fv2%2Fcomments&post=22322"}],"version-history":[{"count":1,"href":"https:\/\/millitv.net\/index.php?rest_route=\/wp\/v2\/posts\/22322\/revisions"}],"predecessor-version":[{"id":22323,"href":"https:\/\/millitv.net\/index.php?rest_route=\/wp\/v2\/posts\/22322\/revisions\/22323"}],"wp:featuredmedia":[{"embeddable":true,"href":"https:\/\/millitv.net\/index.php?rest_route=\/wp\/v2\/media\/22175"}],"wp:attachment":[{"href":"https:\/\/millitv.net\/index.php?rest_route=%2Fwp%2Fv2%2Fmedia&parent=22322"}],"wp:term":[{"taxonomy":"category","embeddable":true,"href":"https:\/\/millitv.net\/index.php?rest_route=%2Fwp%2Fv2%2Fcategories&post=22322"},{"taxonomy":"post_tag","embeddable":true,"href":"https:\/\/millitv.net\/index.php?rest_route=%2Fwp%2Fv2%2Ftags&post=22322"}],"curies":[{"name":"wp","href":"https:\/\/api.w.org\/{rel}","templated":true}]}}