{"id":22316,"date":"2026-01-22T08:17:27","date_gmt":"2026-01-22T08:17:27","guid":{"rendered":"https:\/\/millitv.net\/?p=22316"},"modified":"2026-01-22T08:17:28","modified_gmt":"2026-01-22T08:17:28","slug":"nihat-kahvecid%c9%99n-qarabagin-q%c9%99l%c9%99b%c9%99sin%c9%99-reaksiya-bel%c9%99-sey-olarmi","status":"publish","type":"post","link":"https:\/\/millitv.net\/?p=22316","title":{"rendered":"Nihat Kahvecid\u0259n &#8220;Qaraba\u011f&#8221;\u0131n q\u0259l\u0259b\u0259sin\u0259 reaksiya: Bel\u0259 \u015fey olarm\u0131?"},"content":{"rendered":"\n<p><strong>&#8220;Qaraba\u011f&#8221;\u0131n UEFA \u00c7empionlar Liqas\u0131n\u0131n 7-ci turunda &#8220;Ayntraxt&#8221;\u0131 m\u0259\u011flub etm\u0259si Az\u0259rbaycanla yana\u015f\u0131 T\u00fcrkiy\u0259d\u0259 d\u0259 sevincl\u0259 qar\u015f\u0131lan\u0131b.<\/strong><\/p>\n\n\n\n<p>Publika.az\u00a0x\u0259b\u0259r verir ki, qarda\u015f \u00f6lk\u0259nin m\u0259tbuat\u0131 &#8220;Qaraba\u011f&#8221;\u0131n Almaniya t\u0259msil\u00e7isini 3:2 hesab\u0131 il\u0259 m\u0259\u011flub etm\u0259si x\u0259b\u0259rin\u0259 geni\u015f yer ay\u0131r\u0131b.<\/p>\n\n\n\n<p>T\u00fcrkiy\u0259 millisinin \u0259fsan\u0259vi \u00fczv\u00fc, haz\u0131rda futbol eksperti kimi f\u0259aliyy\u0259t g\u00f6st\u0259r\u0259n Nihat Kahveci d\u0259 A\u011fdam klubunun q\u0259l\u0259b\u0259sin\u0259 bigan\u0259 qalmay\u0131b. O, \u00e7al\u0131\u015fd\u0131\u011f\u0131 &#8220;Kontraspor&#8221; &#8220;YouTube&#8221; kanal\u0131n\u0131n canl\u0131 yay\u0131m\u0131nda apar\u0131c\u0131n\u0131n &#8220;Qaraba\u011f&#8221;\u0131n q\u0259l\u0259b\u0259sini elan etm\u0259sin\u0259 sevincl\u0259 reaksiya verib:<\/p>\n\n\n\n<p>&#8220;Bravo! Onlar da 10 xala \u00e7atd\u0131! T\u0259brik edir\u0259m! 10 xal &#8220;Qaraba\u011f&#8221;, 10 xal &#8220;Qalatasaray&#8221;! Bel\u0259 \u015fey olarm\u0131? Yan-yanay\u0131q! (red &#8211; turnir c\u0259dv\u0259lini n\u0259z\u0259rd\u0259 tutur)&#8221;.<\/p>\n\n\n\n<p>Qeyd ed\u0259k ki, 7 turdan sonra 10 xal\u0131 olan bu iki komandadan &#8220;Qaraba\u011f&#8221; 18-ci, &#8220;Qalatasaray&#8221; is\u0259 17-cidir. A\u011fdam klubu yaln\u0131z top f\u0259rqin\u0259 g\u00f6r\u0259 T\u00fcrkiy\u0259 t\u0259msil\u00e7isind\u0259n geri qal\u0131r.<\/p>\n","protected":false},"excerpt":{"rendered":"<p>&#8220;Qaraba\u011f&#8221;\u0131n UEFA \u00c7empionlar Liqas\u0131n\u0131n 7-ci turunda &#8220;Ayntraxt&#8221;\u0131 m\u0259\u011flub etm\u0259si Az\u0259rbaycanla yana\u015f\u0131 T\u00fcrkiy\u0259d\u0259 d\u0259 sevincl\u0259 qar\u015f\u0131lan\u0131b. Publika.az\u00a0x\u0259b\u0259r verir ki, qarda\u015f \u00f6lk\u0259nin m\u0259tbuat\u0131 &#8220;Qaraba\u011f&#8221;\u0131n Almaniya t\u0259msil\u00e7isini 3:2 hesab\u0131 il\u0259 m\u0259\u011flub etm\u0259si x\u0259b\u0259rin\u0259 geni\u015f yer ay\u0131r\u0131b. T\u00fcrkiy\u0259 millisinin \u0259fsan\u0259vi \u00fczv\u00fc, haz\u0131rda futbol eksperti kimi f\u0259aliyy\u0259t g\u00f6st\u0259r\u0259n Nihat Kahveci d\u0259 A\u011fdam klubunun q\u0259l\u0259b\u0259sin\u0259 bigan\u0259 qalmay\u0131b. O, \u00e7al\u0131\u015fd\u0131\u011f\u0131 &#8220;Kontraspor&#8221; &#8220;YouTube&#8221; &hellip;<\/p>\n","protected":false},"author":1,"featured_media":22317,"comment_status":"open","ping_status":"closed","sticky":false,"template":"","format":"standard","meta":{"footnotes":""},"categories":[1],"tags":[],"class_list":["post-22316","post","type-post","status-publish","format-standard","has-post-thumbnail","hentry","category-idman"],"_links":{"self":[{"href":"https:\/\/millitv.net\/index.php?rest_route=\/wp\/v2\/posts\/22316","targetHints":{"allow":["GET"]}}],"collection":[{"href":"https:\/\/millitv.net\/index.php?rest_route=\/wp\/v2\/posts"}],"about":[{"href":"https:\/\/millitv.net\/index.php?rest_route=\/wp\/v2\/types\/post"}],"author":[{"embeddable":true,"href":"https:\/\/millitv.net\/index.php?rest_route=\/wp\/v2\/users\/1"}],"replies":[{"embeddable":true,"href":"https:\/\/millitv.net\/index.php?rest_route=%2Fwp%2Fv2%2Fcomments&post=22316"}],"version-history":[{"count":1,"href":"https:\/\/millitv.net\/index.php?rest_route=\/wp\/v2\/posts\/22316\/revisions"}],"predecessor-version":[{"id":22318,"href":"https:\/\/millitv.net\/index.php?rest_route=\/wp\/v2\/posts\/22316\/revisions\/22318"}],"wp:featuredmedia":[{"embeddable":true,"href":"https:\/\/millitv.net\/index.php?rest_route=\/wp\/v2\/media\/22317"}],"wp:attachment":[{"href":"https:\/\/millitv.net\/index.php?rest_route=%2Fwp%2Fv2%2Fmedia&parent=22316"}],"wp:term":[{"taxonomy":"category","embeddable":true,"href":"https:\/\/millitv.net\/index.php?rest_route=%2Fwp%2Fv2%2Fcategories&post=22316"},{"taxonomy":"post_tag","embeddable":true,"href":"https:\/\/millitv.net\/index.php?rest_route=%2Fwp%2Fv2%2Ftags&post=22316"}],"curies":[{"name":"wp","href":"https:\/\/api.w.org\/{rel}","templated":true}]}}