{"id":22306,"date":"2026-01-21T15:38:57","date_gmt":"2026-01-21T15:38:57","guid":{"rendered":"https:\/\/millitv.net\/?p=22306"},"modified":"2026-01-21T15:38:58","modified_gmt":"2026-01-21T15:38:58","slug":"deputatdan-teklif-minimum-%c9%99m%c9%99khaqqi-sektorlar-uzr%c9%99-mu%c9%99yy%c9%99nl%c9%99ssin","status":"publish","type":"post","link":"https:\/\/millitv.net\/?p=22306","title":{"rendered":"Deputatdan T\u018fKL\u0130F: Minimum \u0259m\u0259khaqq\u0131 sektorlar \u00fczr\u0259 m\u00fc\u0259yy\u0259nl\u0259\u015fsin"},"content":{"rendered":"\n<p><strong>\u201cMinimum \u0259m\u0259khaqq\u0131 sektorlar \u00fczr\u0259 m\u00fc\u0259yy\u0259nl\u0259\u015fsin\u201d.<\/strong><\/p>\n\n\n\n<p>Bunu deputat V\u00fcqar Bayramov Milli M\u0259clisin \u018fm\u0259k v\u0259 sosial siyas\u0259t komit\u0259sinin bu g\u00fcn ke\u00e7iril\u0259n iclas\u0131nda bildirib.<\/p>\n\n\n\n<p>\u201cB\u0259zi sektorlarda \u0259m\u0259khaqq\u0131 kifay\u0259t q\u0259d\u0259r y\u00fcks\u0259kdir. Burada t\u0259bii ki, minumum \u0259m\u0259khaqq\u0131n\u0131n \u00f6lk\u0259 \u00fczr\u0259 eyni s\u0259viyy\u0259d\u0259 m\u00fc\u0259yy\u0259nl\u0259\u015fdirilm\u0259si h\u0259min sektorda \u0259m\u0259khaqq\u0131 \u00f6d\u0259ni\u015fl\u0259rin\u0259 t\u0259sir g\u00f6st\u0259rir. Minimum \u0259m\u0259khaqq\u0131 il\u0259 ba\u011fl\u0131 \u0259sas meyarlar\u0131 m\u00fc\u0259yy\u0259nl\u0259\u015fdirmi\u015fik.<\/p>\n\n\n\n<p>T\u0259klif etm\u0259k ist\u0259y\u0259rdim ki, b\u00fct\u00fcn hallarda istehsal sah\u0259l\u0259ri v\u0259 sektorlar \u00fczr\u0259 minimum \u0259m\u0259khaqq\u0131 m\u0259bl\u0259\u011finin f\u0259rqli m\u00fc\u0259yy\u0259nl\u0259\u015fdirilm\u0259sin\u0259 baxaq v\u0259 ya bu m\u0259s\u0259l\u0259ni m\u00fczakir\u0259 ed\u0259k. \u018fg\u0259r m\u0259qs\u0259d\u0259uy\u011fun hesab olunarsa, n\u00f6vb\u0259ti m\u0259rh\u0259l\u0259d\u0259 t\u0259kc\u0259 \u00f6lk\u0259 \u00fczr\u0259 vahid, y\u0259ni fiks minimum \u0259m\u0259khaqq\u0131 m\u0259bl\u0259\u011finin deyil, istehsal sah\u0259l\u0259ri v\u0259 sektorlar \u00fczr\u0259 minimum \u0259m\u0259khaqq\u0131 m\u0259bl\u0259\u011fl\u0259rinin m\u00fc\u0259yy\u0259nl\u0259\u015fdirilm\u0259si h\u0259yata ke\u00e7iril\u0259 bil\u0259r\u201d, \u2013 dey\u0259 deputat qeyd edib.<ins><\/ins><\/p>\n\n\n\n<p>Komit\u0259 s\u0259dri Musa Quliyev bildirib ki, vahid tarif c\u0259dv\u0259li il\u0259 \u0259laq\u0259dar h\u00f6kum\u0259td\u0259 i\u015f apar\u0131l\u0131r:\u201cVahid tarif c\u0259dv\u0259linin yeni versiyas\u0131 t\u0259sdiq olunandan sonra sizin dediyiniz m\u0259s\u0259l\u0259y\u0259 baxa bil\u0259rik\u201d.<\/p>\n","protected":false},"excerpt":{"rendered":"<p>\u201cMinimum \u0259m\u0259khaqq\u0131 sektorlar \u00fczr\u0259 m\u00fc\u0259yy\u0259nl\u0259\u015fsin\u201d. Bunu deputat V\u00fcqar Bayramov Milli M\u0259clisin \u018fm\u0259k v\u0259 sosial siyas\u0259t komit\u0259sinin bu g\u00fcn ke\u00e7iril\u0259n iclas\u0131nda bildirib. \u201cB\u0259zi sektorlarda \u0259m\u0259khaqq\u0131 kifay\u0259t q\u0259d\u0259r y\u00fcks\u0259kdir. Burada t\u0259bii ki, minumum \u0259m\u0259khaqq\u0131n\u0131n \u00f6lk\u0259 \u00fczr\u0259 eyni s\u0259viyy\u0259d\u0259 m\u00fc\u0259yy\u0259nl\u0259\u015fdirilm\u0259si h\u0259min sektorda \u0259m\u0259khaqq\u0131 \u00f6d\u0259ni\u015fl\u0259rin\u0259 t\u0259sir g\u00f6st\u0259rir. Minimum \u0259m\u0259khaqq\u0131 il\u0259 ba\u011fl\u0131 \u0259sas meyarlar\u0131 m\u00fc\u0259yy\u0259nl\u0259\u015fdirmi\u015fik. T\u0259klif etm\u0259k ist\u0259y\u0259rdim ki, b\u00fct\u00fcn &hellip;<\/p>\n","protected":false},"author":1,"featured_media":22307,"comment_status":"open","ping_status":"closed","sticky":false,"template":"","format":"standard","meta":{"footnotes":""},"categories":[1],"tags":[],"class_list":["post-22306","post","type-post","status-publish","format-standard","has-post-thumbnail","hentry","category-idman"],"_links":{"self":[{"href":"https:\/\/millitv.net\/index.php?rest_route=\/wp\/v2\/posts\/22306","targetHints":{"allow":["GET"]}}],"collection":[{"href":"https:\/\/millitv.net\/index.php?rest_route=\/wp\/v2\/posts"}],"about":[{"href":"https:\/\/millitv.net\/index.php?rest_route=\/wp\/v2\/types\/post"}],"author":[{"embeddable":true,"href":"https:\/\/millitv.net\/index.php?rest_route=\/wp\/v2\/users\/1"}],"replies":[{"embeddable":true,"href":"https:\/\/millitv.net\/index.php?rest_route=%2Fwp%2Fv2%2Fcomments&post=22306"}],"version-history":[{"count":1,"href":"https:\/\/millitv.net\/index.php?rest_route=\/wp\/v2\/posts\/22306\/revisions"}],"predecessor-version":[{"id":22308,"href":"https:\/\/millitv.net\/index.php?rest_route=\/wp\/v2\/posts\/22306\/revisions\/22308"}],"wp:featuredmedia":[{"embeddable":true,"href":"https:\/\/millitv.net\/index.php?rest_route=\/wp\/v2\/media\/22307"}],"wp:attachment":[{"href":"https:\/\/millitv.net\/index.php?rest_route=%2Fwp%2Fv2%2Fmedia&parent=22306"}],"wp:term":[{"taxonomy":"category","embeddable":true,"href":"https:\/\/millitv.net\/index.php?rest_route=%2Fwp%2Fv2%2Fcategories&post=22306"},{"taxonomy":"post_tag","embeddable":true,"href":"https:\/\/millitv.net\/index.php?rest_route=%2Fwp%2Fv2%2Ftags&post=22306"}],"curies":[{"name":"wp","href":"https:\/\/api.w.org\/{rel}","templated":true}]}}