{"id":22300,"date":"2026-01-21T15:37:37","date_gmt":"2026-01-21T15:37:37","guid":{"rendered":"https:\/\/millitv.net\/?p=22300"},"modified":"2026-01-21T15:37:38","modified_gmt":"2026-01-21T15:37:38","slug":"isl%c9%99y%c9%99n-pensiyacilarin-nezerine-h%c9%99r-4-ild%c9%99n-bir","status":"publish","type":"post","link":"https:\/\/millitv.net\/?p=22300","title":{"rendered":"\u0130\u015fl\u0259y\u0259n pensiya\u00e7\u0131lar\u0131n\u00a0N\u018fZ\u018fR\u0130N\u018f\u00a0\u2013 H\u0259r 4 ild\u0259n bir&#8230;"},"content":{"rendered":"\n<p>\u201c\u018fm\u0259k pensiyalar\u0131\u201d haqq\u0131nda Qanuna uy\u011fun olaraq ya\u015fa g\u00f6r\u0259 \u0259m\u0259k pensiyas\u0131 t\u0259yin edildikd\u0259n sonra i\u015fl\u0259m\u0259y\u0259 davam ed\u0259n pensiya\u00e7\u0131lar\u0131n pensiyas\u0131 sonradan toplanm\u0131\u015f kapitala uy\u011fun olaraq 6 ild\u0259n sonra yenid\u0259n hesablanaraq pensiyaya \u0259lav\u0259 olunur.<br><br>6 ild\u0259n sonra v\u0259t\u0259nda\u015f\u0131n f\u0259rdi hesab\u0131n\u0131n s\u0131\u011forta hiss\u0259sind\u0259 \u00f6d\u0259nil\u0259n m\u0259cburi d\u00f6vl\u0259t sosial s\u0131\u011forta haqlar\u0131n\u0131n 90 faizi n\u0259z\u0259r\u0259 al\u0131nmaqla pensiya kapital\u0131 qeyd\u0259 al\u0131n\u0131r. Pensiyada yeni art\u0131m \u00fc\u00e7\u00fcn i\u015fl\u0259diyi d\u00f6vr \u00fczr\u0259 toplanm\u0131\u015f pensiya kapital\u0131 72-y\u0259 (144 &#8211; 72 (pensiya t\u0259yin edil\u0259n tarixd\u0259n sonra i\u015fl\u0259diyi aylar\u0131n say\u0131) b\u00f6l\u00fcnm\u0259kl\u0259 pensiya m\u0259bl\u0259\u011fi yenid\u0259n hesablan\u0131r.<br><br><strong>Bizim.Media<\/strong>&nbsp;x\u0259b\u0259r verir ki, bunu deputat V\u00fcqar Bayramov Milli M\u0259clisin \u018fm\u0259k v\u0259 sosial siyas\u0259t komit\u0259sinin bug\u00fcnk\u00fc iclas\u0131nda \u00e7\u0131x\u0131\u015f\u0131 zaman\u0131 deyib.<br><br><strong>Deputat t\u0259klif edib ki, i\u015fl\u0259y\u0259n pensiya\u00e7\u0131lar\u0131n pensiya kapital\u0131ndan istifad\u0259 2 d\u0259f\u0259 6 ild\u0259n bir deyil, 3 d\u0259f\u0259 4 ild\u0259n bir h\u0259yata ke\u00e7irilsin:<\/strong><br><br>\u201cG\u00f6r\u00fcnd\u00fcy\u00fc kimi, i\u015fl\u0259y\u0259n v\u0259t\u0259nda\u015flar\u0131m\u0131z\u0131n pensiyas\u0131na \u0259lav\u0259l\u0259r 2 d\u0259f\u0259- 6 ild\u0259n bir edilir. Bu o dem\u0259kdir ki, 65 ya\u015f\u0131nda pensiyaya \u00e7\u0131xan v\u0259 i\u015fl\u0259m\u0259y\u0259 davam ed\u0259n v\u0259t\u0259nda\u015f\u0131m\u0131z\u0131n ikinci d\u0259f\u0259 pensiyas\u0131na \u0259lav\u0259l\u0259r 77 ya\u015f\u0131nda edilir.<br>&nbsp;<\/p>\n\n\n\n<blockquote class=\"wp-block-quote is-layout-flow wp-block-quote-is-layout-flow\">\n<p>\u018fks\u0259r inki\u015faf etmi\u015f \u00f6lk\u0259l\u0259rd\u0259, bu hallarda pensiya kapital\u0131ndan istifad\u0259 \u00fc\u00e7\u00fcn m\u00fc\u0259yy\u0259nl\u0259\u015fdirilmi\u015f m\u00fcdd\u0259t daha q\u0131sa zaman\u0131 \u0259hat\u0259 edir. Ona g\u00f6r\u0259 t\u0259klif ed\u0259rdim ki, \u201c\u018fm\u0259k pensiyalar\u0131\u201d haqq\u0131nda Qanunda d\u0259yi\u015fikliy\u0259 bax\u0131ls\u0131n v\u0259 i\u015fl\u0259y\u0259n pensiya\u00e7\u0131 v\u0259t\u0259nda\u015flar\u0131m\u0131z\u0131n pensiya kapital\u0131ndan istifad\u0259 2 d\u0259f\u0259 6 ild\u0259n bir deyil, 3 d\u0259f\u0259 4 ild\u0259n bir h\u0259yata ke\u00e7irilsin.<\/p>\n<\/blockquote>\n\n\n\n<p><br>Bu hal i\u015fl\u0259y\u0259n pensiya\u00e7\u0131lar\u0131n toplad\u0131\u011f\u0131 pensiya kapital\u0131ndan daha s\u0259m\u0259r\u0259li istifad\u0259sin\u0259 v\u0259 o v\u0259t\u0259nda\u015flar\u0131m\u0131z\u0131n pensiyalar\u0131nda daha \u00e7ox art\u0131ma s\u0259b\u0259b olar. \u0130\u015fl\u0259y\u0259n pensiya\u00e7\u0131lar\u0131n say\u0131n\u0131n 190 min\u0259 yax\u0131n oldu\u011funu n\u0259z\u0259r\u0259 alsaq bu d\u0259yi\u015fiklik il\u0259 \u00e7oxlu sayda v\u0259t\u0259nda\u015flar\u0131m\u0131z\u0131n pensiya m\u0259bl\u0259\u011fl\u0259rini artard\u0131\u201d.<\/p>\n","protected":false},"excerpt":{"rendered":"<p>\u201c\u018fm\u0259k pensiyalar\u0131\u201d haqq\u0131nda Qanuna uy\u011fun olaraq ya\u015fa g\u00f6r\u0259 \u0259m\u0259k pensiyas\u0131 t\u0259yin edildikd\u0259n sonra i\u015fl\u0259m\u0259y\u0259 davam ed\u0259n pensiya\u00e7\u0131lar\u0131n pensiyas\u0131 sonradan toplanm\u0131\u015f kapitala uy\u011fun olaraq 6 ild\u0259n sonra yenid\u0259n hesablanaraq pensiyaya \u0259lav\u0259 olunur.6 ild\u0259n sonra v\u0259t\u0259nda\u015f\u0131n f\u0259rdi hesab\u0131n\u0131n s\u0131\u011forta hiss\u0259sind\u0259 \u00f6d\u0259nil\u0259n m\u0259cburi d\u00f6vl\u0259t sosial s\u0131\u011forta haqlar\u0131n\u0131n 90 faizi n\u0259z\u0259r\u0259 al\u0131nmaqla pensiya kapital\u0131 qeyd\u0259 al\u0131n\u0131r. Pensiyada yeni art\u0131m &hellip;<\/p>\n","protected":false},"author":1,"featured_media":22301,"comment_status":"open","ping_status":"closed","sticky":false,"template":"","format":"standard","meta":{"footnotes":""},"categories":[1],"tags":[],"class_list":["post-22300","post","type-post","status-publish","format-standard","has-post-thumbnail","hentry","category-idman"],"_links":{"self":[{"href":"https:\/\/millitv.net\/index.php?rest_route=\/wp\/v2\/posts\/22300","targetHints":{"allow":["GET"]}}],"collection":[{"href":"https:\/\/millitv.net\/index.php?rest_route=\/wp\/v2\/posts"}],"about":[{"href":"https:\/\/millitv.net\/index.php?rest_route=\/wp\/v2\/types\/post"}],"author":[{"embeddable":true,"href":"https:\/\/millitv.net\/index.php?rest_route=\/wp\/v2\/users\/1"}],"replies":[{"embeddable":true,"href":"https:\/\/millitv.net\/index.php?rest_route=%2Fwp%2Fv2%2Fcomments&post=22300"}],"version-history":[{"count":1,"href":"https:\/\/millitv.net\/index.php?rest_route=\/wp\/v2\/posts\/22300\/revisions"}],"predecessor-version":[{"id":22302,"href":"https:\/\/millitv.net\/index.php?rest_route=\/wp\/v2\/posts\/22300\/revisions\/22302"}],"wp:featuredmedia":[{"embeddable":true,"href":"https:\/\/millitv.net\/index.php?rest_route=\/wp\/v2\/media\/22301"}],"wp:attachment":[{"href":"https:\/\/millitv.net\/index.php?rest_route=%2Fwp%2Fv2%2Fmedia&parent=22300"}],"wp:term":[{"taxonomy":"category","embeddable":true,"href":"https:\/\/millitv.net\/index.php?rest_route=%2Fwp%2Fv2%2Fcategories&post=22300"},{"taxonomy":"post_tag","embeddable":true,"href":"https:\/\/millitv.net\/index.php?rest_route=%2Fwp%2Fv2%2Ftags&post=22300"}],"curies":[{"name":"wp","href":"https:\/\/api.w.org\/{rel}","templated":true}]}}