{"id":22297,"date":"2026-01-21T15:08:33","date_gmt":"2026-01-21T15:08:33","guid":{"rendered":"https:\/\/millitv.net\/?p=22297"},"modified":"2026-01-21T15:08:34","modified_gmt":"2026-01-21T15:08:34","slug":"hami-onun-h%c9%99r%c9%99k%c9%99tind%c9%99n-danisir-o-is%c9%99-n%c9%99-olub-ki-deyir","status":"publish","type":"post","link":"https:\/\/millitv.net\/?p=22297","title":{"rendered":"Ham\u0131 onun h\u0259r\u0259k\u0259tind\u0259n dan\u0131\u015f\u0131r \u2013 O is\u0259 \u201cn\u0259 olub ki? deyir\u2026"},"content":{"rendered":"\n<p>\u0130ki g\u00fcnd\u00fcr Sumqay\u0131tda k\u00fc\u00e7\u0259 ticar\u0259tin\u0259 qar\u015f\u0131 ke\u00e7iril\u0259n reyd zaman\u0131 m\u0259murun sat\u0131c\u0131ya qar\u015f\u0131 kobud davran\u0131\u015f\u0131 v\u0259 yol k\u0259nar\u0131nda yerl\u0259\u015fdirilmi\u015f meyv\u0259l\u0259ri m\u00fcsadir\u0259 etm\u0259si geni\u015f m\u00fczakir\u0259l\u0259r\u0259 s\u0259b\u0259b olub.<\/p>\n\n\n\n<p>Media m\u0259s\u0259l\u0259 il\u0259 ba\u011fl\u0131 Sumqay\u0131t \u015e\u0259h\u0259r \u0130cra Hakimiyy\u0259tinin \u0130stehsal v\u0259 xidm\u0259t sah\u0259l\u0259ri sektorunun ba\u015f m\u0259sl\u0259h\u0259t\u00e7isi i\u015fl\u0259y\u0259n h\u0259min m\u0259murla \u0259laq\u0259 saxlay\u0131b.<\/p>\n\n\n\n<p>Maraql\u0131d\u0131r ki, t\u0259nqid h\u0259d\u0259fin\u0259 \u00e7evril\u0259n h\u0259r\u0259k\u0259tl\u0259rin\u0259 ayd\u0131nl\u0131q g\u0259tirm\u0259si g\u00f6zl\u0259nil\u0259n m\u0259sl\u0259h\u0259t\u00e7i Samir B\u0259d\u0259lov m\u00fcxt\u0259lif b\u0259han\u0259l\u0259rl\u0259 suallar\u0131 cavabland\u0131rmaqdan imtina edib:<\/p>\n\n\n\n<p>\u201cN\u0259 olub, n\u0259 hadis\u0259 ba\u015f verib? Bilmir\u0259m, n\u0259 deyirsiniz. T\u0259dbirl\u0259rl\u0259 ba\u011fl\u0131 sual\u0131n\u0131z varsa, buyurun. Yoxdursa, sa\u011f olun. O bar\u0259d\u0259 ba\u015fqa vaxt dan\u0131\u015far\u0131q\u201d, \u2013 dey\u0259 ba\u015f m\u0259sl\u0259h\u0259t\u00e7i bildirib.<\/p>\n\n\n\n<p>Qeyd ed\u0259k ki, m\u0259s\u0259l\u0259 ictimail\u0259\u015fdirildikd\u0259n sonra sat\u0131c\u0131n\u0131n meyv\u0259l\u0259ri \u00f6z\u00fcn\u0259 geri qaytar\u0131l\u0131b.\/\/azerbaycan24.com<\/p>\n","protected":false},"excerpt":{"rendered":"<p>\u0130ki g\u00fcnd\u00fcr Sumqay\u0131tda k\u00fc\u00e7\u0259 ticar\u0259tin\u0259 qar\u015f\u0131 ke\u00e7iril\u0259n reyd zaman\u0131 m\u0259murun sat\u0131c\u0131ya qar\u015f\u0131 kobud davran\u0131\u015f\u0131 v\u0259 yol k\u0259nar\u0131nda yerl\u0259\u015fdirilmi\u015f meyv\u0259l\u0259ri m\u00fcsadir\u0259 etm\u0259si geni\u015f m\u00fczakir\u0259l\u0259r\u0259 s\u0259b\u0259b olub. Media m\u0259s\u0259l\u0259 il\u0259 ba\u011fl\u0131 Sumqay\u0131t \u015e\u0259h\u0259r \u0130cra Hakimiyy\u0259tinin \u0130stehsal v\u0259 xidm\u0259t sah\u0259l\u0259ri sektorunun ba\u015f m\u0259sl\u0259h\u0259t\u00e7isi i\u015fl\u0259y\u0259n h\u0259min m\u0259murla \u0259laq\u0259 saxlay\u0131b. Maraql\u0131d\u0131r ki, t\u0259nqid h\u0259d\u0259fin\u0259 \u00e7evril\u0259n h\u0259r\u0259k\u0259tl\u0259rin\u0259 ayd\u0131nl\u0131q g\u0259tirm\u0259si g\u00f6zl\u0259nil\u0259n m\u0259sl\u0259h\u0259t\u00e7i &hellip;<\/p>\n","protected":false},"author":1,"featured_media":22298,"comment_status":"open","ping_status":"closed","sticky":false,"template":"","format":"standard","meta":{"footnotes":""},"categories":[1],"tags":[],"class_list":["post-22297","post","type-post","status-publish","format-standard","has-post-thumbnail","hentry","category-idman"],"_links":{"self":[{"href":"https:\/\/millitv.net\/index.php?rest_route=\/wp\/v2\/posts\/22297","targetHints":{"allow":["GET"]}}],"collection":[{"href":"https:\/\/millitv.net\/index.php?rest_route=\/wp\/v2\/posts"}],"about":[{"href":"https:\/\/millitv.net\/index.php?rest_route=\/wp\/v2\/types\/post"}],"author":[{"embeddable":true,"href":"https:\/\/millitv.net\/index.php?rest_route=\/wp\/v2\/users\/1"}],"replies":[{"embeddable":true,"href":"https:\/\/millitv.net\/index.php?rest_route=%2Fwp%2Fv2%2Fcomments&post=22297"}],"version-history":[{"count":1,"href":"https:\/\/millitv.net\/index.php?rest_route=\/wp\/v2\/posts\/22297\/revisions"}],"predecessor-version":[{"id":22299,"href":"https:\/\/millitv.net\/index.php?rest_route=\/wp\/v2\/posts\/22297\/revisions\/22299"}],"wp:featuredmedia":[{"embeddable":true,"href":"https:\/\/millitv.net\/index.php?rest_route=\/wp\/v2\/media\/22298"}],"wp:attachment":[{"href":"https:\/\/millitv.net\/index.php?rest_route=%2Fwp%2Fv2%2Fmedia&parent=22297"}],"wp:term":[{"taxonomy":"category","embeddable":true,"href":"https:\/\/millitv.net\/index.php?rest_route=%2Fwp%2Fv2%2Fcategories&post=22297"},{"taxonomy":"post_tag","embeddable":true,"href":"https:\/\/millitv.net\/index.php?rest_route=%2Fwp%2Fv2%2Ftags&post=22297"}],"curies":[{"name":"wp","href":"https:\/\/api.w.org\/{rel}","templated":true}]}}