{"id":22294,"date":"2026-01-21T15:06:06","date_gmt":"2026-01-21T15:06:06","guid":{"rendered":"https:\/\/millitv.net\/?p=22294"},"modified":"2026-01-21T15:06:07","modified_gmt":"2026-01-21T15:06:07","slug":"ayt%c9%99n-sumqayitli-m%c9%99muru-mudafi%c9%99-etdi-musadir%c9%99-il%c9%99-d%c9%99rs-verdi","status":"publish","type":"post","link":"https:\/\/millitv.net\/?p=22294","title":{"rendered":"Ayt\u0259n sumqay\u0131tl\u0131 m\u0259muru m\u00fcdafi\u0259 etdi: M\u00fcsadir\u0259 il\u0259 d\u0259rs verdi"},"content":{"rendered":"\n<p>X\u0259z\u0259r TV-nin efirind\u0259 Sumqay\u0131tdak\u0131 qalmaqall\u0131 hadis\u0259 m\u00fczakir\u0259 edilib.<\/p>\n\n\n\n<p>Apar\u0131c\u0131 Mehman R\u0259sulov meyv\u0259 sat\u0131c\u0131s\u0131n\u0131, Ayt\u0259n S\u0259d\u0259fova is\u0259 dahs \u00e7ox reyd ke\u00e7ir\u0259n v\u0259 m\u00fcsadir\u0259 ed\u0259n m\u0259muru m\u00fcdafi\u0259 ed\u0259n fikirl\u0259r s\u0259sl\u0259ndirib.\/\/azerbaycan24.com<\/p>\n\n\n\n<p><a href=\"https:\/\/www.instagram.com\/p\/DTvG7bPjLSi\/?igsh=MXR6M3V4bDRrZHE1Zg==\" target=\"_blank\" rel=\"noopener\">Videonu t\u0259qdim edirik.<\/a><\/p>\n","protected":false},"excerpt":{"rendered":"<p>X\u0259z\u0259r TV-nin efirind\u0259 Sumqay\u0131tdak\u0131 qalmaqall\u0131 hadis\u0259 m\u00fczakir\u0259 edilib. Apar\u0131c\u0131 Mehman R\u0259sulov meyv\u0259 sat\u0131c\u0131s\u0131n\u0131, Ayt\u0259n S\u0259d\u0259fova is\u0259 dahs \u00e7ox reyd ke\u00e7ir\u0259n v\u0259 m\u00fcsadir\u0259 ed\u0259n m\u0259muru m\u00fcdafi\u0259 ed\u0259n fikirl\u0259r s\u0259sl\u0259ndirib.\/\/azerbaycan24.com Videonu t\u0259qdim edirik.<\/p>\n","protected":false},"author":1,"featured_media":22295,"comment_status":"open","ping_status":"closed","sticky":false,"template":"","format":"standard","meta":{"footnotes":""},"categories":[1],"tags":[],"class_list":["post-22294","post","type-post","status-publish","format-standard","has-post-thumbnail","hentry","category-idman"],"_links":{"self":[{"href":"https:\/\/millitv.net\/index.php?rest_route=\/wp\/v2\/posts\/22294","targetHints":{"allow":["GET"]}}],"collection":[{"href":"https:\/\/millitv.net\/index.php?rest_route=\/wp\/v2\/posts"}],"about":[{"href":"https:\/\/millitv.net\/index.php?rest_route=\/wp\/v2\/types\/post"}],"author":[{"embeddable":true,"href":"https:\/\/millitv.net\/index.php?rest_route=\/wp\/v2\/users\/1"}],"replies":[{"embeddable":true,"href":"https:\/\/millitv.net\/index.php?rest_route=%2Fwp%2Fv2%2Fcomments&post=22294"}],"version-history":[{"count":1,"href":"https:\/\/millitv.net\/index.php?rest_route=\/wp\/v2\/posts\/22294\/revisions"}],"predecessor-version":[{"id":22296,"href":"https:\/\/millitv.net\/index.php?rest_route=\/wp\/v2\/posts\/22294\/revisions\/22296"}],"wp:featuredmedia":[{"embeddable":true,"href":"https:\/\/millitv.net\/index.php?rest_route=\/wp\/v2\/media\/22295"}],"wp:attachment":[{"href":"https:\/\/millitv.net\/index.php?rest_route=%2Fwp%2Fv2%2Fmedia&parent=22294"}],"wp:term":[{"taxonomy":"category","embeddable":true,"href":"https:\/\/millitv.net\/index.php?rest_route=%2Fwp%2Fv2%2Fcategories&post=22294"},{"taxonomy":"post_tag","embeddable":true,"href":"https:\/\/millitv.net\/index.php?rest_route=%2Fwp%2Fv2%2Ftags&post=22294"}],"curies":[{"name":"wp","href":"https:\/\/api.w.org\/{rel}","templated":true}]}}