{"id":22279,"date":"2026-01-21T14:21:20","date_gmt":"2026-01-21T14:21:20","guid":{"rendered":"https:\/\/millitv.net\/?p=22279"},"modified":"2026-01-21T14:21:21","modified_gmt":"2026-01-21T14:21:21","slug":"bu-mexanizm-m%c9%99rh%c9%99l%c9%99li-s%c9%99kild%c9%99-l%c9%99gv-edil%c9%99c%c9%99k-pensiya-alanlarin-nezerine","status":"publish","type":"post","link":"https:\/\/millitv.net\/?p=22279","title":{"rendered":"Bu mexanizm m\u0259rh\u0259l\u0259li \u015f\u0259kild\u0259 l\u0259\u011fv edil\u0259c\u0259k\u00a0&#8211; Pensiya alanlar\u0131n N\u018fZ\u018fR\u0130N\u018f"},"content":{"rendered":"\n<p>Pensiya sistemi h\u0259r \u00f6lk\u0259d\u0259 sosial rifah\u0131n \u0259sas g\u00f6st\u0259ricil\u0259rind\u0259n biri hesab olunur. M\u00fcxt\u0259lif d\u00f6vl\u0259tl\u0259r bu sah\u0259d\u0259 f\u0259rqli yana\u015fmalar t\u0259tbiq edir. M\u0259s\u0259l\u0259n, Rusiyada pensiya almaq \u00fc\u00e7\u00fcn minimum 15 il s\u0131\u011forta staj\u0131na malik olmaq kifay\u0259tdir v\u0259 pensiya m\u0259bl\u0259\u011fi v\u0259t\u0259nda\u015f\u0131n \u0259m\u0259khaqq\u0131 \u0259sas\u0131nda hesablan\u0131r. Bu yana\u015fma uzun m\u00fcdd\u0259t \u00e7al\u0131\u015fan v\u0259 r\u0259smi \u0259m\u0259khaqq\u0131 alan \u015f\u0259xsl\u0259rin g\u0259l\u0259c\u0259k t\u0259minat\u0131n\u0131 \u0259sas g\u00f6t\u00fcr\u00fcr. Az\u0259rbaycanda is\u0259 pensiya h\u00fcququ s\u0131\u011forta staj\u0131 il\u0259 yana\u015f\u0131, f\u0259rdi hesabda toplanan sosial s\u0131\u011forta kapital\u0131ndan as\u0131l\u0131d\u0131r. Son ill\u0259r apar\u0131lan islahatlar pensiya sistemin\u0259 daha \u00e7ox maliyy\u0259 intizam\u0131 g\u0259tirs\u0259 d\u0259, c\u0259miyy\u0259td\u0259 m\u00fc\u0259yy\u0259n naraz\u0131l\u0131qlara da s\u0259b\u0259b olur.<\/p>\n\n\n\n<p>\u0130qtisad\u00e7\u0131 ekspert Xalid K\u0259rimli&nbsp;a\u00e7\u0131qlamas\u0131nda deyib ki, Az\u0259rbaycanda pensiya h\u00fcququ \u0259ld\u0259 etm\u0259k \u00fc\u00e7\u00fcn minimum 25 illik i\u015f staj\u0131 t\u0259l\u0259b olunur:<\/p>\n\n\n\n<p>\u201cLakin 2026-c\u0131 il\u0259 q\u0259d\u0259r h\u00f6kum\u0259t v\u0259t\u0259nda\u015flara 25 illik sosial s\u0131\u011forta staj\u0131n\u0131 faktiki olaraq h\u0259diyy\u0259 edirdi. 2026-c\u0131 ild\u0259n etibar\u0259n h\u0259diyy\u0259 staj h\u0259r il bir il azald\u0131lacaq. Faktiki olaraq, 2026-c\u0131 il\u0259 q\u0259d\u0259r pensiyaya \u00e7\u0131xmaq \u00fc\u00e7\u00fcn s\u0131f\u0131r illik real i\u015f staj\u0131 kifay\u0259t edirdi. Ancaq 2026-c\u0131 ild\u0259n sonra bu m\u00fcdd\u0259t ild\u0259n-il\u0259 azalacaq. M\u0259s\u0259l\u0259n, n\u00f6vb\u0259ti ild\u0259 24 il, sonrak\u0131 ill\u0259rd\u0259 is\u0259 daha az staj h\u0259diyy\u0259 olunacaq. Y\u0259ni Az\u0259rbaycan bu sah\u0259d\u0259 \u00f6z\u00fcn\u0259m\u0259xsus sosial model se\u00e7ib v\u0259 bu yolu ard\u0131c\u0131l \u015f\u0259kild\u0259 davam etdirir. H\u0259r \u00f6lk\u0259nin pensiya sistemi f\u0259rqlidir. T\u00fcrkiy\u0259d\u0259 ba\u015fqa model t\u0259tbiq olunur, Rusiyada ba\u015fqa, Hindistanda is\u0259 tamamil\u0259 f\u0259rqli yana\u015fma var. Az\u0259rbaycan is\u0259 bu istiqam\u0259td\u0259 kifay\u0259t q\u0259d\u0259r sosial y\u00f6n\u00fcml\u00fc bir yol tutub\u201d.<\/p>\n\n\n\n<p>O bildirib ki, d\u00f6vl\u0259t bu staj h\u0259diyy\u0259sini d\u0259 ona g\u00f6r\u0259 t\u0259tbiq edirdi ki, m\u00fcxt\u0259lif s\u0259b\u0259bl\u0259rd\u0259n r\u0259smi i\u015fl\u0259y\u0259 bilm\u0259y\u0259n, sosial s\u0131\u011forta \u00f6d\u0259ni\u015fi olmayan \u015f\u0259xsl\u0259r \u00fc\u00e7\u00fcn ke\u00e7id d\u00f6vr\u00fc yarad\u0131ls\u0131n:<\/p>\n\n\n\n<p>\u201cBu bar\u0259d\u0259 ill\u0259r \u00f6nc\u0259d\u0259n x\u0259b\u0259rdarl\u0131q da edilmi\u015fdi. \u018fslind\u0259 sosial s\u0131\u011forta staj\u0131 il\u0259 ba\u011fl\u0131 h\u0259diyy\u0259 mexanizminin m\u00fcdd\u0259ti 2023-c\u00fc ild\u0259 ba\u015fa \u00e7atmal\u0131 idi, lakin h\u00f6kum\u0259t onu \u0259lav\u0259 olaraq \u00fc\u00e7 il uzatd\u0131. 2026-c\u0131 ild\u0259n sonra is\u0259 bu mexanizm m\u0259rh\u0259l\u0259li \u015f\u0259kild\u0259 l\u0259\u011fv edil\u0259c\u0259k. Haz\u0131rda faktiki i\u015f staj\u0131 s\u0131f\u0131r il hesab olunur v\u0259 pensiya h\u00fcququ \u0259sas\u0259n \u0259m\u0259k haqq\u0131 \u00fcz\u0259rind\u0259n formala\u015f\u0131r. Pensiya sistemi h\u0259r yerd\u0259 oldu\u011fu kimi Az\u0259rbaycanda da \u0259m\u0259k haqq\u0131 \u0259sas\u0131nda qurulub. M\u0259s\u0259l\u0259n, \u00f6z\u0259l sektorda \u00e7al\u0131\u015fan \u015f\u0259xsl\u0259rin ayl\u0131q \u0259m\u0259k haqq\u0131s\u0131ndan 10 faiz m\u0259cburi pensiya s\u0131\u011fortas\u0131 tutulur. Bu v\u0259sait \u015f\u0259xsin pensiya kapital\u0131n\u0131 formala\u015fd\u0131r\u0131r v\u0259 g\u0259l\u0259c\u0259kd\u0259 alaca\u011f\u0131 pensiyan\u0131n m\u0259bl\u0259\u011fi d\u0259 m\u0259hz h\u0259min kapital \u0259sas\u0131nda hesablan\u0131r\u201d.\/Demokrat.az<\/p>\n","protected":false},"excerpt":{"rendered":"<p>Pensiya sistemi h\u0259r \u00f6lk\u0259d\u0259 sosial rifah\u0131n \u0259sas g\u00f6st\u0259ricil\u0259rind\u0259n biri hesab olunur. M\u00fcxt\u0259lif d\u00f6vl\u0259tl\u0259r bu sah\u0259d\u0259 f\u0259rqli yana\u015fmalar t\u0259tbiq edir. M\u0259s\u0259l\u0259n, Rusiyada pensiya almaq \u00fc\u00e7\u00fcn minimum 15 il s\u0131\u011forta staj\u0131na malik olmaq kifay\u0259tdir v\u0259 pensiya m\u0259bl\u0259\u011fi v\u0259t\u0259nda\u015f\u0131n \u0259m\u0259khaqq\u0131 \u0259sas\u0131nda hesablan\u0131r. Bu yana\u015fma uzun m\u00fcdd\u0259t \u00e7al\u0131\u015fan v\u0259 r\u0259smi \u0259m\u0259khaqq\u0131 alan \u015f\u0259xsl\u0259rin g\u0259l\u0259c\u0259k t\u0259minat\u0131n\u0131 \u0259sas g\u00f6t\u00fcr\u00fcr. Az\u0259rbaycanda is\u0259 &hellip;<\/p>\n","protected":false},"author":1,"featured_media":22280,"comment_status":"open","ping_status":"closed","sticky":false,"template":"","format":"standard","meta":{"footnotes":""},"categories":[1],"tags":[],"class_list":["post-22279","post","type-post","status-publish","format-standard","has-post-thumbnail","hentry","category-idman"],"_links":{"self":[{"href":"https:\/\/millitv.net\/index.php?rest_route=\/wp\/v2\/posts\/22279","targetHints":{"allow":["GET"]}}],"collection":[{"href":"https:\/\/millitv.net\/index.php?rest_route=\/wp\/v2\/posts"}],"about":[{"href":"https:\/\/millitv.net\/index.php?rest_route=\/wp\/v2\/types\/post"}],"author":[{"embeddable":true,"href":"https:\/\/millitv.net\/index.php?rest_route=\/wp\/v2\/users\/1"}],"replies":[{"embeddable":true,"href":"https:\/\/millitv.net\/index.php?rest_route=%2Fwp%2Fv2%2Fcomments&post=22279"}],"version-history":[{"count":1,"href":"https:\/\/millitv.net\/index.php?rest_route=\/wp\/v2\/posts\/22279\/revisions"}],"predecessor-version":[{"id":22281,"href":"https:\/\/millitv.net\/index.php?rest_route=\/wp\/v2\/posts\/22279\/revisions\/22281"}],"wp:featuredmedia":[{"embeddable":true,"href":"https:\/\/millitv.net\/index.php?rest_route=\/wp\/v2\/media\/22280"}],"wp:attachment":[{"href":"https:\/\/millitv.net\/index.php?rest_route=%2Fwp%2Fv2%2Fmedia&parent=22279"}],"wp:term":[{"taxonomy":"category","embeddable":true,"href":"https:\/\/millitv.net\/index.php?rest_route=%2Fwp%2Fv2%2Fcategories&post=22279"},{"taxonomy":"post_tag","embeddable":true,"href":"https:\/\/millitv.net\/index.php?rest_route=%2Fwp%2Fv2%2Ftags&post=22279"}],"curies":[{"name":"wp","href":"https:\/\/api.w.org\/{rel}","templated":true}]}}