{"id":22276,"date":"2026-01-21T13:39:40","date_gmt":"2026-01-21T13:39:40","guid":{"rendered":"https:\/\/millitv.net\/?p=22276"},"modified":"2026-01-21T16:50:39","modified_gmt":"2026-01-21T16:50:39","slug":"qarabagin-almanlarla-11-ci-dueli-tilsim-qirilacaq","status":"publish","type":"post","link":"https:\/\/millitv.net\/?p=22276","title":{"rendered":"&#8220;Qaraba\u011f&#8221;\u0131n almanlarla 11-ci dueli &#8211; Tilsim q\u0131r\u0131lacaq?"},"content":{"rendered":"\n<p><strong>\u201cQaraba\u011f\u201d UEFA \u00c7empionlar Liqas\u0131n\u0131n 7-ci turu \u00e7\u0259r\u00e7iv\u0259sind\u0259 \u201cAyntraxt\u201d klubunu q\u0259bul ed\u0259c\u0259k. Bununla A\u011fdam t\u0259msil\u00e7isi Almaniya klublar\u0131na qar\u015f\u0131 11-ci r\u0259smi oyununu ke\u00e7ir\u0259c\u0259k.<\/strong><\/p>\n\n\n\n<p>Publika.az-\u0131n m\u0259lumat\u0131na g\u00f6r\u0259, A\u011fdam t\u0259msil\u00e7isi \u00fc\u00e7\u00fcn bu r\u0259qibl\u0259rl\u0259 oyunlar h\u0259r zaman b\u00f6y\u00fck t\u0259cr\u00fcb\u0259 v\u0259 \u00e7\u0259tin m\u00fcbariz\u0259 il\u0259 yadda qal\u0131b.<\/p>\n\n\n\n<p>Qurban Qurbanovun r\u0259hb\u0259rliyi alt\u0131nda indiy\u0259d\u0259k Bundesliqa t\u0259msil\u00e7il\u0259ri il\u0259 ke\u00e7iril\u0259n 10 g\u00f6r\u00fc\u015f\u00fcn ham\u0131s\u0131 Avropa Liqas\u0131 \u00e7\u0259r\u00e7iv\u0259sind\u0259 ba\u015f tutub. \u00dcmumi n\u0259tic\u0259l\u0259r\u0259 n\u0259z\u0259r salsaq, \u201ck\u00f6hl\u0259n atlar\u201d bu duell\u0259rd\u0259 h\u0259l\u0259 ki, q\u0259l\u0259b\u0259 sevinci ya\u015faya bilm\u0259yib: 2 he\u00e7-he\u00e7\u0259 v\u0259 8 m\u0259\u011flubiyy\u0259t. Top f\u0259rqind\u0259 d\u0259 almanlar\u0131n b\u00f6y\u00fck \u00fcst\u00fcnl\u00fcy\u00fc var &#8211; 8:23.<\/p>\n\n\n\n<p>Maraql\u0131d\u0131r ki, &#8220;Qaraba\u011f&#8221; bug\u00fcnk\u00fc r\u0259qibi il\u0259 13 il \u0259vv\u0259l d\u0259 \u00fcz-\u00fcz\u0259 g\u0259lib. 2013-14 m\u00f6vs\u00fcm\u00fcnd\u0259 Avropa Liqas\u0131n\u0131n pley-off m\u0259rh\u0259l\u0259sind\u0259 ba\u015f tutan h\u0259r iki g\u00f6r\u00fc\u015fd\u0259 Frankfurt t\u0259msil\u00e7isi qalib g\u0259l\u0259r\u0259k t\u0259msil\u00e7imizin qrup m\u0259rh\u0259l\u0259sin\u0259 ke\u00e7m\u0259sin\u0259 mane olub. 2024-25 m\u00f6vs\u00fcm\u00fcnd\u0259 &#8220;Bayer Leverkuzen&#8221;l\u0259 dramatik m\u00fcbariz\u0259d\u0259n sonra azarke\u015fl\u0259r bu d\u0259f\u0259 alman tilsiminin q\u0131r\u0131laca\u011f\u0131na \u00fcmid edirl\u0259r.<\/p>\n\n\n\n<p><strong>UEFA \u00c7empionlar Liqas\u0131n\u0131n \u0259sas m\u0259rh\u0259l\u0259sinin VII turunda \u00fcz-\u00fcz\u0259 g\u0259l\u0259c\u0259k &#8220;Qaraba\u011f&#8221; v\u0259 Almaniyan\u0131n &#8220;Ayntraxt&#8221; kollektivl\u0259rinin start hey\u0259tl\u0259ri b\u0259lli olub.<\/strong><\/p>\n\n\n\n<p>Komandalar meydana a\u015fa\u011f\u0131dak\u0131 &#8220;11-lik&#8221;l\u0259rl\u0259 \u00e7\u0131xacaqlar.<\/p>\n\n\n\n<p>&#8220;Qaraba\u011f&#8221;: Mateu\u015f Koxalski, Mateus Silva, Marko Yankovi\u00e7, Abdullah Zubir (k), Joni Montiel, B\u0259hlul Mustafazad\u0259, Leandro Andrade, Kamilo Duran, Pedro Bikalyo, Elvin C\u0259f\u0259rquliyev, Kevin Medina<\/p>\n\n\n\n<p>&#8220;Ayntraxt&#8221;: Kauan Santos, Artyur Teate, Robin Kox (k), Ansqar Knauff, Rasmus Kristensen, Elie Skiri, Huqo Larsson, Nnamdi Kollinz, Nataniel Braun, Ri\u00e7u Doan, Can Uzun.<\/p>\n\n\n\n<p>Qeyd ed\u0259k ki, &#8220;Qaraba\u011f&#8221; &#8211; &#8220;Ayntraxt&#8221; oyunu bu g\u00fcn, saat 21:45-d\u0259 Tofiq B\u0259hramov ad\u0131na Respublika stadionunda ke\u00e7iril\u0259c\u0259k.<\/p>\n\n\n\n<p>Qeyd ed\u0259k ki, &#8220;Qaraba\u011f&#8221; &#8211; &#8220;Ayntraxt&#8221; oyunu bu g\u00fcn saat 21:45-d\u0259 Tofiq B\u0259hramov ad\u0131na Respublika Stadionunda ke\u00e7iril\u0259c\u0259k.<ins><\/ins><\/p>\n\n\n\n<figure class=\"wp-block-table\"><table class=\"has-fixed-layout\"><tbody><tr><td><strong>M\u00f6vs\u00fcm<\/strong><\/td><td><strong>Turnir<\/strong><\/td><td><strong>R\u0259qib<\/strong><\/td><td><strong>N\u0259tic\u0259l\u0259r<\/strong><\/td><\/tr><tr><td><strong>2010-11<\/strong><\/td><td>Avropa Liqas\u0131, Pley-off<\/td><td><strong>Borussiya Dortmund<\/strong><\/td><td>0:1; 0:4<\/td><\/tr><tr><td><strong>2013-14<\/strong><\/td><td>Avropa Liqas\u0131, Pley-off<\/td><td><strong>Ayntraxt Frankfurt<\/strong><\/td><td>0:2; 1:2<\/td><\/tr><tr><td><strong>2022-23<\/strong><\/td><td>Avropa Liqas\u0131, Qrup m\u0259rh\u0259l\u0259si<\/td><td><strong>Frayburq<\/strong><\/td><td>1:1; 1:2<\/td><\/tr><tr><td><strong>2023-24<\/strong><\/td><td>Avropa Liqas\u0131, Qrup m\u0259rh\u0259l\u0259si<\/td><td><strong>Bayer Leverkuzen<\/strong><\/td><td>0:1; 1:5<\/td><\/tr><tr><td><strong>2023-24<\/strong><\/td><td>Avropa Liqas\u0131, 1\/8 Final<\/td><td><strong>Bayer Leverkuzen<\/strong><\/td><td>2:2; 2:3<\/td><\/tr><\/tbody><\/table><\/figure>\n","protected":false},"excerpt":{"rendered":"<p>\u201cQaraba\u011f\u201d UEFA \u00c7empionlar Liqas\u0131n\u0131n 7-ci turu \u00e7\u0259r\u00e7iv\u0259sind\u0259 \u201cAyntraxt\u201d klubunu q\u0259bul ed\u0259c\u0259k. Bununla A\u011fdam t\u0259msil\u00e7isi Almaniya klublar\u0131na qar\u015f\u0131 11-ci r\u0259smi oyununu ke\u00e7ir\u0259c\u0259k. Publika.az-\u0131n m\u0259lumat\u0131na g\u00f6r\u0259, A\u011fdam t\u0259msil\u00e7isi \u00fc\u00e7\u00fcn bu r\u0259qibl\u0259rl\u0259 oyunlar h\u0259r zaman b\u00f6y\u00fck t\u0259cr\u00fcb\u0259 v\u0259 \u00e7\u0259tin m\u00fcbariz\u0259 il\u0259 yadda qal\u0131b. Qurban Qurbanovun r\u0259hb\u0259rliyi alt\u0131nda indiy\u0259d\u0259k Bundesliqa t\u0259msil\u00e7il\u0259ri il\u0259 ke\u00e7iril\u0259n 10 g\u00f6r\u00fc\u015f\u00fcn ham\u0131s\u0131 Avropa Liqas\u0131 \u00e7\u0259r\u00e7iv\u0259sind\u0259 &hellip;<\/p>\n","protected":false},"author":1,"featured_media":22277,"comment_status":"open","ping_status":"closed","sticky":false,"template":"","format":"standard","meta":{"footnotes":""},"categories":[1],"tags":[],"class_list":["post-22276","post","type-post","status-publish","format-standard","has-post-thumbnail","hentry","category-idman"],"_links":{"self":[{"href":"https:\/\/millitv.net\/index.php?rest_route=\/wp\/v2\/posts\/22276","targetHints":{"allow":["GET"]}}],"collection":[{"href":"https:\/\/millitv.net\/index.php?rest_route=\/wp\/v2\/posts"}],"about":[{"href":"https:\/\/millitv.net\/index.php?rest_route=\/wp\/v2\/types\/post"}],"author":[{"embeddable":true,"href":"https:\/\/millitv.net\/index.php?rest_route=\/wp\/v2\/users\/1"}],"replies":[{"embeddable":true,"href":"https:\/\/millitv.net\/index.php?rest_route=%2Fwp%2Fv2%2Fcomments&post=22276"}],"version-history":[{"count":2,"href":"https:\/\/millitv.net\/index.php?rest_route=\/wp\/v2\/posts\/22276\/revisions"}],"predecessor-version":[{"id":22313,"href":"https:\/\/millitv.net\/index.php?rest_route=\/wp\/v2\/posts\/22276\/revisions\/22313"}],"wp:featuredmedia":[{"embeddable":true,"href":"https:\/\/millitv.net\/index.php?rest_route=\/wp\/v2\/media\/22277"}],"wp:attachment":[{"href":"https:\/\/millitv.net\/index.php?rest_route=%2Fwp%2Fv2%2Fmedia&parent=22276"}],"wp:term":[{"taxonomy":"category","embeddable":true,"href":"https:\/\/millitv.net\/index.php?rest_route=%2Fwp%2Fv2%2Fcategories&post=22276"},{"taxonomy":"post_tag","embeddable":true,"href":"https:\/\/millitv.net\/index.php?rest_route=%2Fwp%2Fv2%2Ftags&post=22276"}],"curies":[{"name":"wp","href":"https:\/\/api.w.org\/{rel}","templated":true}]}}