{"id":22270,"date":"2026-01-21T13:28:59","date_gmt":"2026-01-21T13:28:59","guid":{"rendered":"https:\/\/millitv.net\/?p=22270"},"modified":"2026-01-21T15:49:38","modified_gmt":"2026-01-21T15:49:38","slug":"isa-h%c9%99bibb%c9%99yliy%c9%99-c%c9%99tir-tutan-s%c9%99xs-kimdir-foto","status":"publish","type":"post","link":"https:\/\/millitv.net\/?p=22270","title":{"rendered":"\u0130sa H\u0259bibb\u0259yliy\u0259 \u00e7\u0259tir tutan K\u0130MD\u0130R? &#8211; \u0130\u015fd\u0259n \u00c7IXARILIB?"},"content":{"rendered":"\n<p><strong>AMEA-n\u0131n prezidenti \u0130sa H\u0259bibb\u0259yliy\u0259 \u00e7\u0259tir tutan \u015f\u0259xsin kimliyi b\u0259lli olub.<\/strong><\/p>\n\n\n\n<p>Konkret.az x\u0259b\u0259r verir ki, bu \u015f\u0259xs AMEA R\u0259yas\u0259t Hey\u0259tinin elmi katibi Co\u015fqun M\u0259mm\u0259dovdur.<\/p>\n\n\n\n<p>Qeyd ed\u0259k ki, akademik \u0130sa H\u0259bibb\u0259yli son ill\u0259rd\u0259 davran\u0131\u015flar\u0131 v\u0259 a\u00e7\u0131qlamalar\u0131 il\u0259 median\u0131n diqq\u0259tind\u0259n yay\u0131nm\u0131r. Bu d\u0259f\u0259 o, 20 Yanvar faci\u0259sinin ild\u00f6n\u00fcm\u00fcnd\u0259 \u0259m\u0259kda\u015f\u0131n\u0131n tutdu\u011fu \u00e7\u0259tirl\u0259 g\u00fcnd\u0259m olub.<\/p>\n\n\n\n<p>Xat\u0131rladaq ki, Prezident \u0130lham \u018fliyev 20 Yanvar \u015f\u0259hidl\u0259rin\u0259 ehtiram\u0131n\u0131 bildir\u0259rk\u0259n \u00e7\u0259tirini \u00f6z\u00fc tutmu\u015fdu. Sosial \u015f\u0259b\u0259k\u0259l\u0259rd\u0259 d\u00f6vl\u0259t ba\u015f\u00e7\u0131s\u0131n\u0131n bu add\u0131m\u0131 t\u0259qdir olunmu\u015fdu.<\/p>\n\n\n\n<script async src=\"https:\/\/telegram.org\/js\/telegram-widget.js?22\" data-telegram-post=\"Axaraz\/112007\" data-width=\"100%\"><\/script>\n\n\n\n<p>************<\/p>\n\n\n\n<p><strong>\u00d6t\u0259n g\u00fcn Az\u0259rbaycan Milli Elml\u0259r Akademiyas\u0131n\u0131n (AMEA) prezidenti \u0130sa H\u0259bibb\u0259ylinin 20 Yanvar faci\u0259sinin 36-c\u0131 ild\u00f6n\u00fcm\u00fc il\u0259 \u0259laq\u0259dar \u015e\u0259hidl\u0259r xiyaban\u0131n\u0131 ziyar\u0259ti zaman\u0131 AMEA R\u0259yas\u0259t Hey\u0259tinin elmi katibi Co\u015fqun M\u0259mm\u0259dovun ona \u00e7\u0259tir tutmas\u0131 sosial \u015f\u0259b\u0259k\u0259l\u0259rd\u0259 geni\u015f m\u00fczakir\u0259l\u0259r\u0259 s\u0259b\u0259b olub.<\/strong><\/p>\n\n\n\n<p>Yay\u0131lan m\u0259lumatlara g\u00f6r\u0259, \u0130sa H\u0259bibb\u0259yli ona \u00e7\u0259tir tutan \u015f\u0259xsi v\u0259zif\u0259sind\u0259n azad ed\u0259r\u0259k ba\u015fqa v\u0259zif\u0259y\u0259 ke\u00e7irib. \u0130ddialarda s\u0259b\u0259b kimi is\u0259 bu davran\u0131\u015f\u0131n \u0130sa H\u0259bibb\u0259ylinin ictimaiyy\u0259tin q\u0131na\u011f\u0131na tu\u015f g\u0259lm\u0259si g\u00f6st\u0259rilib.<\/p>\n\n\n\n<p>Milli.Az m\u0259s\u0259l\u0259 il\u0259 ba\u011fl\u0131 AMEA il\u0259 \u0259laq\u0259 saxlay\u0131b.<\/p>\n\n\n\n<p>Akademiyadan sor\u011fumuza cavab olaraq bildirilib ki, yay\u0131lan m\u0259lumatlar h\u0259qiq\u0259ti \u0259ks etdirmir.<\/p>\n\n\n\n<p>Qeyd olunub ki, s\u00f6z\u00fcged\u0259n \u015f\u0259xs haz\u0131rda \u00f6z v\u0259zif\u0259sini icra etm\u0259kd\u0259 davam edir.<\/p>\n","protected":false},"excerpt":{"rendered":"<p>AMEA-n\u0131n prezidenti \u0130sa H\u0259bibb\u0259yliy\u0259 \u00e7\u0259tir tutan \u015f\u0259xsin kimliyi b\u0259lli olub. Konkret.az x\u0259b\u0259r verir ki, bu \u015f\u0259xs AMEA R\u0259yas\u0259t Hey\u0259tinin elmi katibi Co\u015fqun M\u0259mm\u0259dovdur. Qeyd ed\u0259k ki, akademik \u0130sa H\u0259bibb\u0259yli son ill\u0259rd\u0259 davran\u0131\u015flar\u0131 v\u0259 a\u00e7\u0131qlamalar\u0131 il\u0259 median\u0131n diqq\u0259tind\u0259n yay\u0131nm\u0131r. Bu d\u0259f\u0259 o, 20 Yanvar faci\u0259sinin ild\u00f6n\u00fcm\u00fcnd\u0259 \u0259m\u0259kda\u015f\u0131n\u0131n tutdu\u011fu \u00e7\u0259tirl\u0259 g\u00fcnd\u0259m olub. Xat\u0131rladaq ki, Prezident \u0130lham \u018fliyev &hellip;<\/p>\n","protected":false},"author":1,"featured_media":22271,"comment_status":"open","ping_status":"closed","sticky":false,"template":"","format":"standard","meta":{"footnotes":""},"categories":[1],"tags":[],"class_list":["post-22270","post","type-post","status-publish","format-standard","has-post-thumbnail","hentry","category-idman"],"_links":{"self":[{"href":"https:\/\/millitv.net\/index.php?rest_route=\/wp\/v2\/posts\/22270","targetHints":{"allow":["GET"]}}],"collection":[{"href":"https:\/\/millitv.net\/index.php?rest_route=\/wp\/v2\/posts"}],"about":[{"href":"https:\/\/millitv.net\/index.php?rest_route=\/wp\/v2\/types\/post"}],"author":[{"embeddable":true,"href":"https:\/\/millitv.net\/index.php?rest_route=\/wp\/v2\/users\/1"}],"replies":[{"embeddable":true,"href":"https:\/\/millitv.net\/index.php?rest_route=%2Fwp%2Fv2%2Fcomments&post=22270"}],"version-history":[{"count":2,"href":"https:\/\/millitv.net\/index.php?rest_route=\/wp\/v2\/posts\/22270\/revisions"}],"predecessor-version":[{"id":22312,"href":"https:\/\/millitv.net\/index.php?rest_route=\/wp\/v2\/posts\/22270\/revisions\/22312"}],"wp:featuredmedia":[{"embeddable":true,"href":"https:\/\/millitv.net\/index.php?rest_route=\/wp\/v2\/media\/22271"}],"wp:attachment":[{"href":"https:\/\/millitv.net\/index.php?rest_route=%2Fwp%2Fv2%2Fmedia&parent=22270"}],"wp:term":[{"taxonomy":"category","embeddable":true,"href":"https:\/\/millitv.net\/index.php?rest_route=%2Fwp%2Fv2%2Fcategories&post=22270"},{"taxonomy":"post_tag","embeddable":true,"href":"https:\/\/millitv.net\/index.php?rest_route=%2Fwp%2Fv2%2Ftags&post=22270"}],"curies":[{"name":"wp","href":"https:\/\/api.w.org\/{rel}","templated":true}]}}