{"id":22267,"date":"2026-01-21T13:27:51","date_gmt":"2026-01-21T13:27:51","guid":{"rendered":"https:\/\/millitv.net\/?p=22267"},"modified":"2026-01-21T13:27:52","modified_gmt":"2026-01-21T13:27:52","slug":"pensiya-alanlarin-diqqetine-vaxtindan-%c9%99vv%c9%99l-artim-190-min-sexs","status":"publish","type":"post","link":"https:\/\/millitv.net\/?p=22267","title":{"rendered":"Pensiya alanlar\u0131n D\u0130QQ\u018fT\u0130N\u018f &#8211; Vaxt\u0131ndan \u0259vv\u0259l ARTIM, 190 M\u0130N \u015e\u018fXS&#8230;"},"content":{"rendered":"\n<p><strong>Az\u0259rbaycanda i\u015fl\u0259y\u0259n pensiya\u00e7\u0131 v\u0259t\u0259nda\u015flar\u0131n pensiya kapital\u0131ndan istifad\u0259sinin d\u00f6rd ild\u0259n bir olmaqla \u00fc\u00e7 d\u0259f\u0259 h\u0259yata ke\u00e7irilm\u0259si t\u0259klif edilir.<\/strong><\/p>\n\n\n\n<p>Oxu.az x\u0259b\u0259r verir ki, bu fikirl\u0259ri Milli M\u0259clisin \u018fm\u0259k v\u0259 sosial siyas\u0259t komit\u0259sinin \u00fczv\u00fc, deputat V\u00fcqar Bayramov bug\u00fcnk\u00fc iclasda deyib.<\/p>\n\n\n\n<p>O bildirib ki, &#8220;\u018fm\u0259k pensiyalar\u0131 haqq\u0131nda&#8221; Qanuna \u0259sas\u0259n, ya\u015fa g\u00f6r\u0259 \u0259m\u0259k pensiyas\u0131 t\u0259yin edildikd\u0259n sonra i\u015fl\u0259m\u0259y\u0259 davam ed\u0259n pensiya\u00e7\u0131lar\u0131n pensiyas\u0131 sonradan toplanm\u0131\u015f kapitala uy\u011fun olaraq, alt\u0131 ild\u0259n sonra yenid\u0259n hesablanaraq pensiyaya \u0259lav\u0259 olunur:<\/p>\n\n\n\n<p>&#8220;Alt\u0131 ild\u0259n sonra v\u0259t\u0259nda\u015f\u0131n f\u0259rdi hesab\u0131n\u0131n s\u0131\u011forta hiss\u0259sind\u0259 \u00f6d\u0259nil\u0259n m\u0259cburi d\u00f6vl\u0259t sosial s\u0131\u011forta haqlar\u0131n\u0131n 90 faizi n\u0259z\u0259r\u0259 al\u0131nmaqla pensiya kapital\u0131 qeyd\u0259 al\u0131n\u0131r. Pensiyada yeni art\u0131m \u00fc\u00e7\u00fcn i\u015fl\u0259diyi d\u00f6vr \u00fczr\u0259 toplanm\u0131\u015f pensiya kapital\u0131 72-y\u0259 b\u00f6l\u00fcnm\u0259kl\u0259 pensiya m\u0259bl\u0259\u011fi yenid\u0259n hesablan\u0131r. \u0130\u015fl\u0259y\u0259n v\u0259t\u0259nda\u015flar\u0131m\u0131z\u0131n pensiyas\u0131na \u0259lav\u0259l\u0259r iki d\u0259f\u0259 &#8211; alt\u0131 ild\u0259n bir edilir. Bu o dem\u0259kdir ki, 65 ya\u015f\u0131nda pensiyaya \u00e7\u0131xan v\u0259 i\u015fl\u0259m\u0259y\u0259 davam ed\u0259n v\u0259t\u0259nda\u015f\u0131m\u0131z\u0131n ikinci d\u0259f\u0259 pensiyas\u0131na \u0259lav\u0259l\u0259r 77 ya\u015f\u0131nda olunur. \u018fks\u0259r inki\u015faf etmi\u015f \u00f6lk\u0259l\u0259rd\u0259 bu hallarda pensiya kapital\u0131ndan istifad\u0259 \u00fc\u00e7\u00fcn m\u00fc\u0259yy\u0259nl\u0259\u015fdirilmi\u015f m\u00fcdd\u0259t daha q\u0131sa zaman\u0131 \u0259hat\u0259 edir. T\u0259klif ed\u0259rdim ki, &#8220;\u018fm\u0259k pensiyalar\u0131 haqq\u0131nda&#8221; Qanuna d\u0259yi\u015fikliy\u0259 bax\u0131ls\u0131n v\u0259 i\u015fl\u0259y\u0259n pensiya\u00e7\u0131 v\u0259t\u0259nda\u015flar\u0131m\u0131z\u0131n pensiya kapital\u0131ndan istifad\u0259 imkan\u0131 iki d\u0259f\u0259 alt\u0131 ild\u0259n bir deyil, \u00fc\u00e7 d\u0259f\u0259 d\u00f6rd ild\u0259n bir h\u0259yata ke\u00e7irilsin. Bu hal i\u015fl\u0259y\u0259n pensiya\u00e7\u0131lar\u0131n toplad\u0131qlar\u0131 pensiya kapital\u0131ndan daha s\u0259m\u0259r\u0259li istifad\u0259sin\u0259 v\u0259 o v\u0259t\u0259nda\u015flar\u0131m\u0131z\u0131n pensiyalar\u0131nda daha \u00e7ox art\u0131ma s\u0259b\u0259b olar. \u0130\u015fl\u0259y\u0259n pensiya\u00e7\u0131lar\u0131n say\u0131n\u0131n 190 min\u0259 yax\u0131n o<\/p>\n","protected":false},"excerpt":{"rendered":"<p>Az\u0259rbaycanda i\u015fl\u0259y\u0259n pensiya\u00e7\u0131 v\u0259t\u0259nda\u015flar\u0131n pensiya kapital\u0131ndan istifad\u0259sinin d\u00f6rd ild\u0259n bir olmaqla \u00fc\u00e7 d\u0259f\u0259 h\u0259yata ke\u00e7irilm\u0259si t\u0259klif edilir. Oxu.az x\u0259b\u0259r verir ki, bu fikirl\u0259ri Milli M\u0259clisin \u018fm\u0259k v\u0259 sosial siyas\u0259t komit\u0259sinin \u00fczv\u00fc, deputat V\u00fcqar Bayramov bug\u00fcnk\u00fc iclasda deyib. O bildirib ki, &#8220;\u018fm\u0259k pensiyalar\u0131 haqq\u0131nda&#8221; Qanuna \u0259sas\u0259n, ya\u015fa g\u00f6r\u0259 \u0259m\u0259k pensiyas\u0131 t\u0259yin edildikd\u0259n sonra i\u015fl\u0259m\u0259y\u0259 davam ed\u0259n &hellip;<\/p>\n","protected":false},"author":1,"featured_media":22268,"comment_status":"open","ping_status":"closed","sticky":false,"template":"","format":"standard","meta":{"footnotes":""},"categories":[1],"tags":[],"class_list":["post-22267","post","type-post","status-publish","format-standard","has-post-thumbnail","hentry","category-idman"],"_links":{"self":[{"href":"https:\/\/millitv.net\/index.php?rest_route=\/wp\/v2\/posts\/22267","targetHints":{"allow":["GET"]}}],"collection":[{"href":"https:\/\/millitv.net\/index.php?rest_route=\/wp\/v2\/posts"}],"about":[{"href":"https:\/\/millitv.net\/index.php?rest_route=\/wp\/v2\/types\/post"}],"author":[{"embeddable":true,"href":"https:\/\/millitv.net\/index.php?rest_route=\/wp\/v2\/users\/1"}],"replies":[{"embeddable":true,"href":"https:\/\/millitv.net\/index.php?rest_route=%2Fwp%2Fv2%2Fcomments&post=22267"}],"version-history":[{"count":1,"href":"https:\/\/millitv.net\/index.php?rest_route=\/wp\/v2\/posts\/22267\/revisions"}],"predecessor-version":[{"id":22269,"href":"https:\/\/millitv.net\/index.php?rest_route=\/wp\/v2\/posts\/22267\/revisions\/22269"}],"wp:featuredmedia":[{"embeddable":true,"href":"https:\/\/millitv.net\/index.php?rest_route=\/wp\/v2\/media\/22268"}],"wp:attachment":[{"href":"https:\/\/millitv.net\/index.php?rest_route=%2Fwp%2Fv2%2Fmedia&parent=22267"}],"wp:term":[{"taxonomy":"category","embeddable":true,"href":"https:\/\/millitv.net\/index.php?rest_route=%2Fwp%2Fv2%2Fcategories&post=22267"},{"taxonomy":"post_tag","embeddable":true,"href":"https:\/\/millitv.net\/index.php?rest_route=%2Fwp%2Fv2%2Ftags&post=22267"}],"curies":[{"name":"wp","href":"https:\/\/api.w.org\/{rel}","templated":true}]}}