{"id":22252,"date":"2026-01-21T13:20:20","date_gmt":"2026-01-21T13:20:20","guid":{"rendered":"https:\/\/millitv.net\/?p=22252"},"modified":"2026-01-21T13:20:21","modified_gmt":"2026-01-21T13:20:21","slug":"minimum-%c9%99m%c9%99k-haqqi-il%c9%99-bagli-sevindirici-xeber","status":"publish","type":"post","link":"https:\/\/millitv.net\/?p=22252","title":{"rendered":"Minimum \u0259m\u0259k haqq\u0131 il\u0259 ba\u011fl\u0131 SEV\u0130ND\u0130R\u0130C\u0130 X\u018fB\u018fR"},"content":{"rendered":"\n<p><strong>Az\u0259rbaycanda minimum \u0259m\u0259k haqq\u0131n\u0131n m\u0259bl\u0259\u011fin\u0259 ild\u0259 bir d\u0259f\u0259d\u0259n az olmayaraq yenid\u0259n bax\u0131lacaq.<\/strong><\/p>\n\n\n\n<p>Bununla ba\u011fl\u0131 \u018fm\u0259k M\u0259c\u0259ll\u0259sin\u0259 d\u0259yi\u015fiklik t\u0259klif edilir.<\/p>\n\n\n\n<p>Milli M\u0259clisin \u018fm\u0259k v\u0259 sosial siyas\u0259t komit\u0259sinin bug\u00fcnk\u00fc iclas\u0131nda m\u00fczakir\u0259y\u0259 \u00e7\u0131xar\u0131lan d\u0259yi\u015fikliy\u0259 \u0259sas\u0259n, minimum \u0259m\u0259k haqq\u0131n\u0131n m\u0259bl\u0259\u011fin\u0259 m\u00fcvafiq icra hakimiyy\u0259ti orqan\u0131n\u0131n m\u00fc\u0259yy\u0259n etdiyi orqan\u0131n t\u0259klifl\u0259ri \u0259sas\u0131nda m\u00fcvafiq icra hakimiyy\u0259ti orqan\u0131n\u0131n m\u00fc\u0259yy\u0259n etdiyi orqan t\u0259r\u0259find\u0259n ild\u0259 bir d\u0259f\u0259d\u0259n az olmayaraq yenid\u0259n bax\u0131lacaq.<\/p>\n\n\n\n<p>Qeyd edilib ki, i\u015f\u00e7il\u0259rin minimum ya\u015fay\u0131\u015f s\u0259viyy\u0259sini t\u0259min ed\u0259n v\u0259 bu g\u00fcn b\u00fct\u00fcn d\u00fcnyada sosial siyas\u0259t al\u0259tl\u0259rind\u0259n biri olan minimum \u0259m\u0259k haqq\u0131n\u0131n t\u0259nziml\u0259nm\u0259si bir \u00e7ox beyn\u0259lxalq qurumlar\u0131n, x\u00fcsus\u0259n d\u0259 Beyn\u0259lxalq \u018fm\u0259k T\u0259\u015fkilat\u0131n\u0131n h\u0259ll etdiyi v\u0259 diqq\u0259td\u0259 saxlad\u0131\u011f\u0131 m\u0259s\u0259l\u0259l\u0259rd\u0259ndir.<\/p>\n\n\n\n<p>Bu x\u00fcsusda, D\u00fcnya Bank\u0131 Qrupunun &#8220;Business Ready&#8221; hesabat\u0131nda qanunvericiliyin minimum \u0259m\u0259khaqq\u0131n\u0131n d\u00f6vri yenil\u0259nm\u0259sinin m\u0259cburiliyinin t\u0259sbit edilm\u0259m\u0259si bal itir\u0259n suallar kateqoriyas\u0131na \u015famil edilib.<ins><\/ins><\/p>\n\n\n\n<p>Qeyd olunanlar n\u0259z\u0259r\u0259 al\u0131naraq Ba\u015f nazirinin m\u00fcavini, Biznes m\u00fchiti v\u0259 beyn\u0259lxalq reytinql\u0259r \u00fczr\u0259 Komissiyan\u0131n s\u0259dri t\u0259r\u0259find\u0259n 2025-ci il 19 fevral tarixind\u0259 t\u0259sdiq edilmi\u015f &#8220;D\u00fcnya Bank\u0131 Qrupunun &#8220;Business Ready&#8221; hesabat\u0131n\u0131n &#8220;\u0130\u015f\u00e7i q\u00fcvv\u0259si&#8221; indikatoru il\u0259 ba\u011fl\u0131 &#8220;\u018fm\u0259k m\u00fcnasib\u0259tl\u0259ri v\u0259 m\u0259\u015f\u011fulluq sah\u0259sind\u0259 qanunvericilik islahatlar\u0131n\u0131n apar\u0131lmas\u0131&#8221; t\u0259dbirinin icras\u0131n\u0131 t\u0259min etm\u0259k m\u0259qs\u0259dil\u0259 \u018fm\u0259k M\u0259c\u0259ll\u0259sind\u0259 d\u0259yi\u015fiklik edilm\u0259si z\u0259rur\u0259tind\u0259n ir\u0259li g\u0259l\u0259n qanun layih\u0259si haz\u0131rlan\u0131b.<\/p>\n\n\n\n<p>Bildirilib ki, layih\u0259nin q\u0259bulu \u00f6lk\u0259d\u0259 sosial m\u00fcdafi\u0259nin effektiv al\u0259ti say\u0131lan minimum \u0259m\u0259k haqq\u0131n\u0131n m\u00fc\u0259yy\u0259nl\u0259\u015fm\u0259sinin d\u00f6vriliyini t\u0259min ed\u0259c\u0259k v\u0259 s\u00f6z\u00fcged\u0259n hesabatda qeyd olunan sualla ba\u011fl\u0131 \u00f6lk\u0259nin bal itirilm\u0259si s\u0259b\u0259bi aradan qalxacaq.<\/p>\n","protected":false},"excerpt":{"rendered":"<p>Az\u0259rbaycanda minimum \u0259m\u0259k haqq\u0131n\u0131n m\u0259bl\u0259\u011fin\u0259 ild\u0259 bir d\u0259f\u0259d\u0259n az olmayaraq yenid\u0259n bax\u0131lacaq. Bununla ba\u011fl\u0131 \u018fm\u0259k M\u0259c\u0259ll\u0259sin\u0259 d\u0259yi\u015fiklik t\u0259klif edilir. Milli M\u0259clisin \u018fm\u0259k v\u0259 sosial siyas\u0259t komit\u0259sinin bug\u00fcnk\u00fc iclas\u0131nda m\u00fczakir\u0259y\u0259 \u00e7\u0131xar\u0131lan d\u0259yi\u015fikliy\u0259 \u0259sas\u0259n, minimum \u0259m\u0259k haqq\u0131n\u0131n m\u0259bl\u0259\u011fin\u0259 m\u00fcvafiq icra hakimiyy\u0259ti orqan\u0131n\u0131n m\u00fc\u0259yy\u0259n etdiyi orqan\u0131n t\u0259klifl\u0259ri \u0259sas\u0131nda m\u00fcvafiq icra hakimiyy\u0259ti orqan\u0131n\u0131n m\u00fc\u0259yy\u0259n etdiyi orqan t\u0259r\u0259find\u0259n ild\u0259 bir &hellip;<\/p>\n","protected":false},"author":1,"featured_media":22253,"comment_status":"open","ping_status":"closed","sticky":false,"template":"","format":"standard","meta":{"footnotes":""},"categories":[1],"tags":[],"class_list":["post-22252","post","type-post","status-publish","format-standard","has-post-thumbnail","hentry","category-idman"],"_links":{"self":[{"href":"https:\/\/millitv.net\/index.php?rest_route=\/wp\/v2\/posts\/22252","targetHints":{"allow":["GET"]}}],"collection":[{"href":"https:\/\/millitv.net\/index.php?rest_route=\/wp\/v2\/posts"}],"about":[{"href":"https:\/\/millitv.net\/index.php?rest_route=\/wp\/v2\/types\/post"}],"author":[{"embeddable":true,"href":"https:\/\/millitv.net\/index.php?rest_route=\/wp\/v2\/users\/1"}],"replies":[{"embeddable":true,"href":"https:\/\/millitv.net\/index.php?rest_route=%2Fwp%2Fv2%2Fcomments&post=22252"}],"version-history":[{"count":1,"href":"https:\/\/millitv.net\/index.php?rest_route=\/wp\/v2\/posts\/22252\/revisions"}],"predecessor-version":[{"id":22254,"href":"https:\/\/millitv.net\/index.php?rest_route=\/wp\/v2\/posts\/22252\/revisions\/22254"}],"wp:featuredmedia":[{"embeddable":true,"href":"https:\/\/millitv.net\/index.php?rest_route=\/wp\/v2\/media\/22253"}],"wp:attachment":[{"href":"https:\/\/millitv.net\/index.php?rest_route=%2Fwp%2Fv2%2Fmedia&parent=22252"}],"wp:term":[{"taxonomy":"category","embeddable":true,"href":"https:\/\/millitv.net\/index.php?rest_route=%2Fwp%2Fv2%2Fcategories&post=22252"},{"taxonomy":"post_tag","embeddable":true,"href":"https:\/\/millitv.net\/index.php?rest_route=%2Fwp%2Fv2%2Ftags&post=22252"}],"curies":[{"name":"wp","href":"https:\/\/api.w.org\/{rel}","templated":true}]}}