{"id":22239,"date":"2026-01-20T20:40:39","date_gmt":"2026-01-20T20:40:39","guid":{"rendered":"https:\/\/millitv.net\/?p=22239"},"modified":"2026-01-20T20:40:40","modified_gmt":"2026-01-20T20:40:40","slug":"qarabagi-gozl%c9%99y%c9%99n-tehluke-hazirlasmaq-ucun-cox-vaxtimiz-olmadi","status":"publish","type":"post","link":"https:\/\/millitv.net\/?p=22239","title":{"rendered":"&#8220;Qaraba\u011f&#8221;\u0131 g\u00f6zl\u0259y\u0259n T\u018fHL\u00dcK\u018f &#8211; \u201cHaz\u0131rla\u015fmaq \u00fc\u00e7\u00fcn \u00e7ox vaxt\u0131m\u0131z olmad\u0131\u201c"},"content":{"rendered":"\n<p><strong>UEFA \u00c7empionlar Liqas\u0131ndak\u0131 n\u00f6vb\u0259ti oyun &#8220;Qaraba\u011f&#8221; \u00fc\u00e7\u00fcn \u00e7ox vacibdir.<\/strong><\/p>\n\n\n\n<p>Publika.az\u00a0x\u0259b\u0259r verir ki, bunu komandan\u0131n ba\u015f m\u0259\u015fq\u00e7isi Qurban Qurbanov m\u0259tbuat konfrans\u0131nda deyib.<\/p>\n\n\n\n<p>T\u0259cr\u00fcb\u0259li m\u00fct\u0259x\u0259ssis Bak\u0131da Almaniyan\u0131n &#8220;Ayntraxt&#8221; (Frankfurt) komandas\u0131na qar\u015f\u0131 ke\u00e7ir\u0259c\u0259kl\u0259ri UEFA \u00c7empionlar Liqas\u0131n\u0131n \u0259sas m\u0259rh\u0259l\u0259sinin VII turunun oyunu il\u0259 ba\u011fl\u0131 fikirl\u0259rini b\u00f6l\u00fc\u015f\u00fcb:<\/p>\n\n\n\n<p>&#8220;\u00c7ox vacib oyundur. Haz\u0131rla\u015fmaq \u00fc\u00e7\u00fcn \u00e7ox vaxt\u0131m\u0131z olmad\u0131. Sakit mat\u00e7a haz\u0131rla\u015fm\u0131\u015f\u0131q. Az vaxtdan s\u0259m\u0259r\u0259li istifad\u0259 etdik. Futbol\u00e7ular\u0131 fiziki bax\u0131mdan haz\u0131rlamal\u0131 idik. Meydanda intizaml\u0131 kollektivl\u0259r g\u00f6r\u0259c\u0259yik&#8221;.<\/p>\n\n\n\n<p>Xat\u0131rladaq ki, &#8220;Qaraba\u011f&#8221; &#8211; &#8220;Ayntraxt&#8221; mat\u00e7\u0131 yanvar\u0131n 21-d\u0259, saat 21:45-d\u0259 Tofiq B\u0259hramov ad\u0131na Respublika stadionunda ke\u00e7iril\u0259c\u0259k.<\/p>\n","protected":false},"excerpt":{"rendered":"<p>UEFA \u00c7empionlar Liqas\u0131ndak\u0131 n\u00f6vb\u0259ti oyun &#8220;Qaraba\u011f&#8221; \u00fc\u00e7\u00fcn \u00e7ox vacibdir. Publika.az\u00a0x\u0259b\u0259r verir ki, bunu komandan\u0131n ba\u015f m\u0259\u015fq\u00e7isi Qurban Qurbanov m\u0259tbuat konfrans\u0131nda deyib. T\u0259cr\u00fcb\u0259li m\u00fct\u0259x\u0259ssis Bak\u0131da Almaniyan\u0131n &#8220;Ayntraxt&#8221; (Frankfurt) komandas\u0131na qar\u015f\u0131 ke\u00e7ir\u0259c\u0259kl\u0259ri UEFA \u00c7empionlar Liqas\u0131n\u0131n \u0259sas m\u0259rh\u0259l\u0259sinin VII turunun oyunu il\u0259 ba\u011fl\u0131 fikirl\u0259rini b\u00f6l\u00fc\u015f\u00fcb: &#8220;\u00c7ox vacib oyundur. Haz\u0131rla\u015fmaq \u00fc\u00e7\u00fcn \u00e7ox vaxt\u0131m\u0131z olmad\u0131. Sakit mat\u00e7a haz\u0131rla\u015fm\u0131\u015f\u0131q. Az vaxtdan &hellip;<\/p>\n","protected":false},"author":1,"featured_media":22240,"comment_status":"open","ping_status":"closed","sticky":false,"template":"","format":"standard","meta":{"footnotes":""},"categories":[1],"tags":[],"class_list":["post-22239","post","type-post","status-publish","format-standard","has-post-thumbnail","hentry","category-idman"],"_links":{"self":[{"href":"https:\/\/millitv.net\/index.php?rest_route=\/wp\/v2\/posts\/22239","targetHints":{"allow":["GET"]}}],"collection":[{"href":"https:\/\/millitv.net\/index.php?rest_route=\/wp\/v2\/posts"}],"about":[{"href":"https:\/\/millitv.net\/index.php?rest_route=\/wp\/v2\/types\/post"}],"author":[{"embeddable":true,"href":"https:\/\/millitv.net\/index.php?rest_route=\/wp\/v2\/users\/1"}],"replies":[{"embeddable":true,"href":"https:\/\/millitv.net\/index.php?rest_route=%2Fwp%2Fv2%2Fcomments&post=22239"}],"version-history":[{"count":1,"href":"https:\/\/millitv.net\/index.php?rest_route=\/wp\/v2\/posts\/22239\/revisions"}],"predecessor-version":[{"id":22241,"href":"https:\/\/millitv.net\/index.php?rest_route=\/wp\/v2\/posts\/22239\/revisions\/22241"}],"wp:featuredmedia":[{"embeddable":true,"href":"https:\/\/millitv.net\/index.php?rest_route=\/wp\/v2\/media\/22240"}],"wp:attachment":[{"href":"https:\/\/millitv.net\/index.php?rest_route=%2Fwp%2Fv2%2Fmedia&parent=22239"}],"wp:term":[{"taxonomy":"category","embeddable":true,"href":"https:\/\/millitv.net\/index.php?rest_route=%2Fwp%2Fv2%2Fcategories&post=22239"},{"taxonomy":"post_tag","embeddable":true,"href":"https:\/\/millitv.net\/index.php?rest_route=%2Fwp%2Fv2%2Ftags&post=22239"}],"curies":[{"name":"wp","href":"https:\/\/api.w.org\/{rel}","templated":true}]}}