{"id":22,"date":"2023-07-10T18:14:26","date_gmt":"2023-07-10T18:14:26","guid":{"rendered":"https:\/\/millinews.az\/2023\/07\/10\/din-in-4-%c9%99m%c9%99kdasina-ali-xususi-rutb%c9%99-verilib\/"},"modified":"2023-07-10T18:14:26","modified_gmt":"2023-07-10T18:14:26","slug":"din-in-4-%c9%99m%c9%99kdasina-ali-xususi-rutb%c9%99-verilib","status":"publish","type":"post","link":"https:\/\/millitv.net\/?p=22","title":{"rendered":"D\u0130N-in 4 \u0259m\u0259kda\u015f\u0131na ali x\u00fcsusi r\u00fctb\u0259 verilib"},"content":{"rendered":"<div id=\"maincontent\">&#13;<br \/>\n        &#13;<\/p>\n<p><strong>Daxili i\u015fl\u0259r orqanlar\u0131n\u0131n 4 \u0259m\u0259kda\u015f\u0131na ali x\u00fcsusi r\u00fctb\u0259 verilib.<\/strong><\/p>\n<p><a href=\"https:\/\/metbuat.az\" target=\"_blank\" class=\"kw-link\" rel=\"noopener\">Metbuat.az<\/a> x\u0259b\u0259r verir ki, bunu Daxili \u0130\u015fl\u0259r Nazirliyind\u0259 ke\u00e7iril\u0259n kollegiya iclas\u0131nda nazir general-polkovnik Vilay\u0259t Eyvazov deyib. &#13;\n<\/p>\n<p>Nazir bildirib ki, daxili i\u015fl\u0259r orqanlar\u0131n\u0131n f\u0259aliyy\u0259tini h\u0259mi\u015f\u0259 y\u00fcks\u0259k qiym\u0259tl\u0259ndir\u0259n Prezidentin S\u0259r\u0259ncamlar\u0131 il\u0259 ictimai t\u0259hl\u00fck\u0259sizliyin v\u0259 asayi\u015fin t\u0259min edilm\u0259sind\u0259, cinay\u0259tkarl\u0131\u011fa qar\u015f\u0131 m\u00fcbariz\u0259d\u0259 x\u00fcsusi xidm\u0259tl\u0259rin\u0259, qar\u015f\u0131ya qoyulmu\u015f tap\u015f\u0131r\u0131qlar\u0131n icras\u0131nda f\u0259rql\u0259ndikl\u0259rin\u0259 g\u00f6r\u0259 38 \u0259m\u0259kda\u015f v\u0259 h\u0259rbi qulluq\u00e7u d\u00f6vl\u0259t m\u00fckafatlar\u0131na layiq g\u00f6r\u00fcl\u00fcb, habel\u0259 r\u0259hb\u0259r v\u0259zif\u0259li 4 \u0259m\u0259kda\u015fa ali x\u00fcsusi r\u00fctb\u0259 verilib.&#13;<br \/>\n        &#13;<br \/>\n&#13;<br \/>\n        &#13;<br \/>\n&#13;\n        <\/p>\n<p><noscript><\/p>\n<p>You must enable Javascript on your browser for the site to work optimally and display sections completely.<\/p>\n<p><\/noscript>\t\t&#13;<br \/>\n\t\t&#13;\n    <\/div>\n<p><script type=\"text\/javascript\">jQuery(document).ready(function () {\n(function(d, s, id) {\n    var js, fjs = d.getElementsByTagName(s)[0];\n    if (d.getElementById(id))\n        return;\n    js = d.createElement(s);\n    js.id = id;\n    js.src = \"\/\/connect.facebook.net\/az_AZ\/all.js#xfbml=1&appId=1002485763137712\";\n    fjs.parentNode.insertBefore(js, fjs);\n}(document, 'script', 'facebook-jssdk'));                \n});<\/script><\/p>\n","protected":false},"excerpt":{"rendered":"<p>&#13; &#13; Daxili i\u015fl\u0259r orqanlar\u0131n\u0131n 4 \u0259m\u0259kda\u015f\u0131na ali x\u00fcsusi r\u00fctb\u0259 verilib. Metbuat.az x\u0259b\u0259r verir ki, bunu Daxili \u0130\u015fl\u0259r Nazirliyind\u0259 ke\u00e7iril\u0259n kollegiya iclas\u0131nda nazir general-polkovnik Vilay\u0259t Eyvazov deyib. &#13; Nazir bildirib ki, daxili i\u015fl\u0259r orqanlar\u0131n\u0131n f\u0259aliyy\u0259tini h\u0259mi\u015f\u0259 y\u00fcks\u0259k qiym\u0259tl\u0259ndir\u0259n Prezidentin S\u0259r\u0259ncamlar\u0131 il\u0259 ictimai t\u0259hl\u00fck\u0259sizliyin v\u0259 asayi\u015fin t\u0259min edilm\u0259sind\u0259, cinay\u0259tkarl\u0131\u011fa qar\u015f\u0131 m\u00fcbariz\u0259d\u0259 x\u00fcsusi xidm\u0259tl\u0259rin\u0259, qar\u015f\u0131ya qoyulmu\u015f tap\u015f\u0131r\u0131qlar\u0131n &hellip;<\/p>\n","protected":false},"author":1,"featured_media":23,"comment_status":"open","ping_status":"open","sticky":false,"template":"","format":"standard","meta":{"footnotes":""},"categories":[1],"tags":[],"class_list":["post-22","post","type-post","status-publish","format-standard","has-post-thumbnail","hentry","category-idman"],"_links":{"self":[{"href":"https:\/\/millitv.net\/index.php?rest_route=\/wp\/v2\/posts\/22","targetHints":{"allow":["GET"]}}],"collection":[{"href":"https:\/\/millitv.net\/index.php?rest_route=\/wp\/v2\/posts"}],"about":[{"href":"https:\/\/millitv.net\/index.php?rest_route=\/wp\/v2\/types\/post"}],"author":[{"embeddable":true,"href":"https:\/\/millitv.net\/index.php?rest_route=\/wp\/v2\/users\/1"}],"replies":[{"embeddable":true,"href":"https:\/\/millitv.net\/index.php?rest_route=%2Fwp%2Fv2%2Fcomments&post=22"}],"version-history":[{"count":0,"href":"https:\/\/millitv.net\/index.php?rest_route=\/wp\/v2\/posts\/22\/revisions"}],"wp:featuredmedia":[{"embeddable":true,"href":"https:\/\/millitv.net\/index.php?rest_route=\/wp\/v2\/media\/23"}],"wp:attachment":[{"href":"https:\/\/millitv.net\/index.php?rest_route=%2Fwp%2Fv2%2Fmedia&parent=22"}],"wp:term":[{"taxonomy":"category","embeddable":true,"href":"https:\/\/millitv.net\/index.php?rest_route=%2Fwp%2Fv2%2Fcategories&post=22"},{"taxonomy":"post_tag","embeddable":true,"href":"https:\/\/millitv.net\/index.php?rest_route=%2Fwp%2Fv2%2Ftags&post=22"}],"curies":[{"name":"wp","href":"https:\/\/api.w.org\/{rel}","templated":true}]}}