{"id":2180,"date":"2023-10-16T06:57:20","date_gmt":"2023-10-16T06:57:20","guid":{"rendered":"https:\/\/millinews.az\/xeber\/hemas-dan-at%C9%99sk%C9%99s-bar%C9%99d%C9%99-ilk-aciqlama\/"},"modified":"2023-10-16T06:57:20","modified_gmt":"2023-10-16T06:57:20","slug":"hemas-dan-at%C9%99sk%C9%99s-bar%C9%99d%C9%99-ilk-aciqlama","status":"publish","type":"post","link":"https:\/\/millitv.net\/?p=2180","title":{"rendered":"H\u018fMAS-dan at\u0259\u015fk\u0259s bar\u0259d\u0259 ilk a\u00e7\u0131qlama"},"content":{"rendered":"<div id=\"maincontent\">&#13;<br \/>\n        &#13;<\/p>\n<p><strong>H\u018fMAS t\u0259\u015fkilat\u0131 Q\u0259zza zola\u011f\u0131nda elan edil\u0259n at\u0259\u015fk\u0259s bar\u0259d\u0259 a\u00e7\u0131qlama verib. <\/strong><\/p>\n<p><a href=\"https:\/\/Millinews.az\" target=\"_blank\" class=\"kw-link\" rel=\"noopener\">Millinews.az<\/a> R\u00f6yters agentliyin\u0259 istinad\u0259n x\u0259b\u0259r verir ki, a\u00e7\u0131qlamada deyilir ki, at\u0259\u015fk\u0259sin raz\u0131la\u015fd\u0131r\u0131ld\u0131\u011f\u0131na dair onlarda m\u0259lumat yoxdur. Qeyd ed\u0259k ki, xarici K\u0130V-l\u0259rd\u0259 Q\u0259zza zola\u011f\u0131nda 5 saat at\u0259\u015fk\u0259s elan edilm\u0259si bar\u0259d\u0259 m\u0259lumat d\u0259rc edilib. R\u00f6ytersin m\u0259lumat\u0131na g\u00f6r\u0259, AB\u015e, \u0130srail v\u0259 Misir Q\u0259zzada at\u0259\u015fk\u0259s haqq\u0131nda raz\u0131l\u0131\u011fa g\u0259libl\u0259r. At\u0259\u015fk\u0259s m\u00fcdd\u0259tind\u0259 Misir Q\u0259zza il\u0259 olan R\u0259fah s\u0259rh\u0259d ke\u00e7id m\u0259nt\u0259q\u0259sini yenid\u0259n a\u00e7acaq. M\u0259qs\u0259d \u0259cn\u0259bi v\u0259t\u0259nda\u015flar\u0131n Q\u0259zzadan \u00e7\u0131x\u0131\u015f\u0131n\u0131 t\u0259min etm\u0259k v\u0259 b\u00f6lg\u0259y\u0259  humanitar yard\u0131m \u00e7atd\u0131rmaqd\u0131r. &#13;<br \/>\n&#13;<br \/>\n        &#13;<br \/>\n&#13;<br \/>\n        &#13;<br \/>\n&#13;\n        <\/p>\n<p><noscript><\/p>\n<p>You must enable Javascript on your browser for the site to work optimally and display sections completely.<\/p>\n<p><\/noscript>\t\t&#13;<br \/>\n\t\t&#13;\n    <\/div>\n<p><script type=\"text\/javascript\">jQuery(document).ready(function () {\n(function(d, s, id) {\n    var js, fjs = d.getElementsByTagName(s)[0];\n    if (d.getElementById(id))\n        return;\n    js = d.createElement(s);\n    js.id = id;\n    js.src = \"\/\/connect.facebook.net\/az_AZ\/all.js#xfbml=1&appId=1002485763137712\";\n    fjs.parentNode.insertBefore(js, fjs);\n}(document, 'script', 'facebook-jssdk'));                \n});<\/script><\/p>\n","protected":false},"excerpt":{"rendered":"<p>&#13; &#13; H\u018fMAS t\u0259\u015fkilat\u0131 Q\u0259zza zola\u011f\u0131nda elan edil\u0259n at\u0259\u015fk\u0259s bar\u0259d\u0259 a\u00e7\u0131qlama verib. Millinews.az R\u00f6yters agentliyin\u0259 istinad\u0259n x\u0259b\u0259r verir ki, a\u00e7\u0131qlamada deyilir ki, at\u0259\u015fk\u0259sin raz\u0131la\u015fd\u0131r\u0131ld\u0131\u011f\u0131na dair onlarda m\u0259lumat yoxdur. Qeyd ed\u0259k ki, xarici K\u0130V-l\u0259rd\u0259 Q\u0259zza zola\u011f\u0131nda 5 saat at\u0259\u015fk\u0259s elan edilm\u0259si bar\u0259d\u0259 m\u0259lumat d\u0259rc edilib. R\u00f6ytersin m\u0259lumat\u0131na g\u00f6r\u0259, AB\u015e, \u0130srail v\u0259 Misir Q\u0259zzada at\u0259\u015fk\u0259s haqq\u0131nda raz\u0131l\u0131\u011fa &hellip;<\/p>\n","protected":false},"author":1,"featured_media":2181,"comment_status":"open","ping_status":"closed","sticky":false,"template":"","format":"standard","meta":{"footnotes":""},"categories":[9],"tags":[],"class_list":["post-2180","post","type-post","status-publish","format-standard","has-post-thumbnail","hentry","category-xeber"],"_links":{"self":[{"href":"https:\/\/millitv.net\/index.php?rest_route=\/wp\/v2\/posts\/2180","targetHints":{"allow":["GET"]}}],"collection":[{"href":"https:\/\/millitv.net\/index.php?rest_route=\/wp\/v2\/posts"}],"about":[{"href":"https:\/\/millitv.net\/index.php?rest_route=\/wp\/v2\/types\/post"}],"author":[{"embeddable":true,"href":"https:\/\/millitv.net\/index.php?rest_route=\/wp\/v2\/users\/1"}],"replies":[{"embeddable":true,"href":"https:\/\/millitv.net\/index.php?rest_route=%2Fwp%2Fv2%2Fcomments&post=2180"}],"version-history":[{"count":0,"href":"https:\/\/millitv.net\/index.php?rest_route=\/wp\/v2\/posts\/2180\/revisions"}],"wp:featuredmedia":[{"embeddable":true,"href":"https:\/\/millitv.net\/index.php?rest_route=\/wp\/v2\/media\/2181"}],"wp:attachment":[{"href":"https:\/\/millitv.net\/index.php?rest_route=%2Fwp%2Fv2%2Fmedia&parent=2180"}],"wp:term":[{"taxonomy":"category","embeddable":true,"href":"https:\/\/millitv.net\/index.php?rest_route=%2Fwp%2Fv2%2Fcategories&post=2180"},{"taxonomy":"post_tag","embeddable":true,"href":"https:\/\/millitv.net\/index.php?rest_route=%2Fwp%2Fv2%2Ftags&post=2180"}],"curies":[{"name":"wp","href":"https:\/\/api.w.org\/{rel}","templated":true}]}}