{"id":217,"date":"2023-07-22T07:05:46","date_gmt":"2023-07-22T07:05:46","guid":{"rendered":"https:\/\/millinews.az\/?p=217"},"modified":"2023-07-22T07:05:48","modified_gmt":"2023-07-22T07:05:48","slug":"pulnan-sevism%c9%99k-h%c9%99y%c9%99canli-olur-dey%c9%99n-psixoloq-basini-bagladi-foto","status":"publish","type":"post","link":"https:\/\/millitv.net\/?p=217","title":{"rendered":"&#8220;Pulnan sevi\u015fm\u0259k h\u0259y\u0259canl\u0131 olur&#8221; dey\u0259n psixoloq ba\u015f\u0131n\u0131 ba\u011flad\u0131 &#8211; FOTO"},"content":{"rendered":"\n<p><strong>T\u00fcrkiy\u0259nin tan\u0131nm\u0131\u015f psixoloqu Esra Ezmeci payla\u015f\u0131m\u0131 il\u0259 g\u00fcnd\u0259m olub.<\/strong><\/p>\n\n\n\n<figure class=\"wp-block-image\"><img decoding=\"async\" src=\"https:\/\/metbuat.az\/uploads\/326\/00bec075f4-yh56u56uj6.jpg\" alt=\"\" title=\"\"><\/figure>\n\n\n\n<p>O \u0259vv\u0259lki a\u00e7\u0131qlamalar\u0131nda&nbsp;psixoloq h\u0259yat yolda\u015f\u0131 il\u0259 pul qar\u015f\u0131l\u0131\u011f\u0131nda cinsi m\u00fcnasib\u0259t\u0259 girdiyini deyib. Sosial \u015f\u0259b\u0259k\u0259 istifad\u0259\u00e7il\u0259ri etiraf\u0131n ard\u0131nca psixoloqa \u00f6z\u0259l h\u0259yat\u0131 il\u0259 ba\u011fl\u0131 suallar verm\u0259y\u0259 davam edibl\u0259r.<\/p>\n\n\n\n<p>Bel\u0259 ki, izl\u0259yicil\u0259rd\u0259n biri \u201cH\u0259yat yolda\u015f\u0131n\u0131zla pul qar\u015f\u0131l\u0131\u011f\u0131nda intim \u0259laq\u0259 ya\u015fama\u011f\u0131n\u0131z normald\u0131rm\u0131?\u201d sual\u0131n\u0131 \u00fcnvanlay\u0131b. Esra is\u0259 qar\u015f\u0131l\u0131\u011f\u0131nda \u201cBu, c\u00fctl\u00fckl\u0259r aras\u0131nda h\u0259y\u0259can art\u0131ran fantaziya da ola bil\u0259r. \u018fg\u0259r h\u0259r iki t\u0259r\u0259f d\u0259 bundan raz\u0131d\u0131rsa, problem olmaz\u201d, -dey\u0259 bildirib.<\/p>\n\n\n\n<figure class=\"wp-block-image\"><img decoding=\"async\" src=\"https:\/\/metbuat.az\/uploads\/326\/7a55b72150-63bd7ea067b40202301230504.jpg\" alt=\"\" title=\"\"><\/figure>\n\n\n\n<figure class=\"wp-block-image\"><img decoding=\"async\" src=\"https:\/\/metbuat.az\/images\/metbuat\/images_d\/1465757_0.jpg\" alt=\"\" title=\"\"><\/figure>\n\n\n\n<p>ii<\/p>\n\n\n\n<figure class=\"wp-block-image\"><img decoding=\"async\" src=\"https:\/\/metbuat.az\/images\/metbuat\/images_d\/1465757_2.jpg\" alt=\"\" title=\"\"><\/figure>\n","protected":false},"excerpt":{"rendered":"<p>T\u00fcrkiy\u0259nin tan\u0131nm\u0131\u015f psixoloqu Esra Ezmeci payla\u015f\u0131m\u0131 il\u0259 g\u00fcnd\u0259m olub. O \u0259vv\u0259lki a\u00e7\u0131qlamalar\u0131nda&nbsp;psixoloq h\u0259yat yolda\u015f\u0131 il\u0259 pul qar\u015f\u0131l\u0131\u011f\u0131nda cinsi m\u00fcnasib\u0259t\u0259 girdiyini deyib. Sosial \u015f\u0259b\u0259k\u0259 istifad\u0259\u00e7il\u0259ri etiraf\u0131n ard\u0131nca psixoloqa \u00f6z\u0259l h\u0259yat\u0131 il\u0259 ba\u011fl\u0131 suallar verm\u0259y\u0259 davam edibl\u0259r. Bel\u0259 ki, izl\u0259yicil\u0259rd\u0259n biri \u201cH\u0259yat yolda\u015f\u0131n\u0131zla pul qar\u015f\u0131l\u0131\u011f\u0131nda intim \u0259laq\u0259 ya\u015fama\u011f\u0131n\u0131z normald\u0131rm\u0131?\u201d sual\u0131n\u0131 \u00fcnvanlay\u0131b. Esra is\u0259 qar\u015f\u0131l\u0131\u011f\u0131nda \u201cBu, c\u00fctl\u00fckl\u0259r aras\u0131nda &hellip;<\/p>\n","protected":false},"author":1,"featured_media":218,"comment_status":"open","ping_status":"closed","sticky":false,"template":"","format":"standard","meta":{"footnotes":""},"categories":[6],"tags":[],"class_list":["post-217","post","type-post","status-publish","format-standard","has-post-thumbnail","hentry","category-maqazin"],"_links":{"self":[{"href":"https:\/\/millitv.net\/index.php?rest_route=\/wp\/v2\/posts\/217","targetHints":{"allow":["GET"]}}],"collection":[{"href":"https:\/\/millitv.net\/index.php?rest_route=\/wp\/v2\/posts"}],"about":[{"href":"https:\/\/millitv.net\/index.php?rest_route=\/wp\/v2\/types\/post"}],"author":[{"embeddable":true,"href":"https:\/\/millitv.net\/index.php?rest_route=\/wp\/v2\/users\/1"}],"replies":[{"embeddable":true,"href":"https:\/\/millitv.net\/index.php?rest_route=%2Fwp%2Fv2%2Fcomments&post=217"}],"version-history":[{"count":0,"href":"https:\/\/millitv.net\/index.php?rest_route=\/wp\/v2\/posts\/217\/revisions"}],"wp:featuredmedia":[{"embeddable":true,"href":"https:\/\/millitv.net\/index.php?rest_route=\/wp\/v2\/media\/218"}],"wp:attachment":[{"href":"https:\/\/millitv.net\/index.php?rest_route=%2Fwp%2Fv2%2Fmedia&parent=217"}],"wp:term":[{"taxonomy":"category","embeddable":true,"href":"https:\/\/millitv.net\/index.php?rest_route=%2Fwp%2Fv2%2Fcategories&post=217"},{"taxonomy":"post_tag","embeddable":true,"href":"https:\/\/millitv.net\/index.php?rest_route=%2Fwp%2Fv2%2Ftags&post=217"}],"curies":[{"name":"wp","href":"https:\/\/api.w.org\/{rel}","templated":true}]}}