{"id":2150,"date":"2023-10-16T04:54:01","date_gmt":"2023-10-16T04:54:01","guid":{"rendered":"https:\/\/millinews.az\/xeber\/f%C9%99l%C9%99stin-m%C9%99s%C9%99l%C9%99si-uzr%C9%99-regional-sammit-keciril%C9%99-bil%C9%99r\/"},"modified":"2023-10-16T04:54:01","modified_gmt":"2023-10-16T04:54:01","slug":"f%C9%99l%C9%99stin-m%C9%99s%C9%99l%C9%99si-uzr%C9%99-regional-sammit-keciril%C9%99-bil%C9%99r","status":"publish","type":"post","link":"https:\/\/millitv.net\/?p=2150","title":{"rendered":"F\u0259l\u0259stin m\u0259s\u0259l\u0259si \u00fczr\u0259 regional sammit ke\u00e7iril\u0259 bil\u0259r"},"content":{"rendered":"<p><img decoding=\"async\" src=\"https:\/\/cdn.oxu.az\/uploads\/W1siZiIsIjIwMjMvMTAvMTUvMTYvMjAvMTAvMzQ2MjNkZDYtYjlmNS00ZWIzLTlhOGUtNzgxN2ZmODQ3NDkwLzQwNzRhMWU1MmZmMTE2OWJkNmIxMmFkZTg5MTFkNzUyLmpwZyJdLFsicCIsImVuY29kZSIsImpwZyIsIi1xdWFsaXR5IDgwIl0sWyJwIiwidGh1bWIiLCI2MjB4NDY1XHUwMDNlIl1d?sha=0bf7cab589d228b8\" alt=\"\" title=\"\"><\/p>\n<div><a class=\"subs-in-social subs-whatsapp\" href=\"https:\/\/whatsapp.com\/channel\/0029VaAakbx89ingOoeiTp40\" target=\"_blank\" rel=\"noopener\"><\/p>\n<p>Bizim WhatsApp kanal\u0131m\u0131za buradan abun\u0259 ola bil\u0259rsiniz<\/p>\n<p><\/a><\/p>\n<p>Misir F\u0259l\u0259stin probleminin m\u00fczakir\u0259si \u00fc\u00e7\u00fcn beyn\u0259lxalq regional sammitin ke\u00e7irilm\u0259si t\u0259\u015f\u0259bb\u00fcs\u00fc il\u0259 \u00e7\u0131x\u0131\u015f edib.<\/p>\n<p>Bu bar\u0259d\u0259 Misir Prezidenti \u018fbd\u00fclf\u0259ttah \u0259s-Sisinin d\u0259ft\u0259rxanas\u0131 Milli T\u0259hl\u00fck\u0259sizlik \u015euras\u0131n\u0131n iclas\u0131n\u0131n yekunlar\u0131na dair m\u0259lumat yay\u0131b.<\/p>\n<p>Bundan \u0259lav\u0259, iclasda g\u0259rginliyin azald\u0131lmas\u0131 v\u0259 m\u00fclki \u015f\u0259xsl\u0259r\u0259 qar\u015f\u0131 zorak\u0131l\u0131\u011f\u0131n dayand\u0131r\u0131lmas\u0131 \u00fc\u00e7\u00fcn t\u0259r\u0259fda\u015flarla m\u0259sl\u0259h\u0259tl\u0259\u015fm\u0259l\u0259rin davam etdirilm\u0259si, F\u0259l\u0259stinin Q\u0259zza zola\u011f\u0131na yard\u0131m g\u00f6st\u0259rilm\u0259si \u00fc\u00e7\u00fcn beyn\u0259lxalq v\u0259 regional t\u0259\u015fkilatlarla t\u0259maslar\u0131n intensivl\u0259\u015fdirilm\u0259si q\u0259rara al\u0131n\u0131b.<\/p>\n<p>M\u0259nb\u0259: TASS<\/p>\n<\/div>\n","protected":false},"excerpt":{"rendered":"<p>Bizim WhatsApp kanal\u0131m\u0131za buradan abun\u0259 ola bil\u0259rsiniz Misir F\u0259l\u0259stin probleminin m\u00fczakir\u0259si \u00fc\u00e7\u00fcn beyn\u0259lxalq regional sammitin ke\u00e7irilm\u0259si t\u0259\u015f\u0259bb\u00fcs\u00fc il\u0259 \u00e7\u0131x\u0131\u015f edib. Bu bar\u0259d\u0259 Misir Prezidenti \u018fbd\u00fclf\u0259ttah \u0259s-Sisinin d\u0259ft\u0259rxanas\u0131 Milli T\u0259hl\u00fck\u0259sizlik \u015euras\u0131n\u0131n iclas\u0131n\u0131n yekunlar\u0131na dair m\u0259lumat yay\u0131b. Bundan \u0259lav\u0259, iclasda g\u0259rginliyin azald\u0131lmas\u0131 v\u0259 m\u00fclki \u015f\u0259xsl\u0259r\u0259 qar\u015f\u0131 zorak\u0131l\u0131\u011f\u0131n dayand\u0131r\u0131lmas\u0131 \u00fc\u00e7\u00fcn t\u0259r\u0259fda\u015flarla m\u0259sl\u0259h\u0259tl\u0259\u015fm\u0259l\u0259rin davam etdirilm\u0259si, F\u0259l\u0259stinin Q\u0259zza zola\u011f\u0131na yard\u0131m &hellip;<\/p>\n","protected":false},"author":1,"featured_media":2151,"comment_status":"open","ping_status":"closed","sticky":false,"template":"","format":"standard","meta":{"footnotes":""},"categories":[9],"tags":[],"class_list":["post-2150","post","type-post","status-publish","format-standard","has-post-thumbnail","hentry","category-xeber"],"_links":{"self":[{"href":"https:\/\/millitv.net\/index.php?rest_route=\/wp\/v2\/posts\/2150","targetHints":{"allow":["GET"]}}],"collection":[{"href":"https:\/\/millitv.net\/index.php?rest_route=\/wp\/v2\/posts"}],"about":[{"href":"https:\/\/millitv.net\/index.php?rest_route=\/wp\/v2\/types\/post"}],"author":[{"embeddable":true,"href":"https:\/\/millitv.net\/index.php?rest_route=\/wp\/v2\/users\/1"}],"replies":[{"embeddable":true,"href":"https:\/\/millitv.net\/index.php?rest_route=%2Fwp%2Fv2%2Fcomments&post=2150"}],"version-history":[{"count":0,"href":"https:\/\/millitv.net\/index.php?rest_route=\/wp\/v2\/posts\/2150\/revisions"}],"wp:featuredmedia":[{"embeddable":true,"href":"https:\/\/millitv.net\/index.php?rest_route=\/wp\/v2\/media\/2151"}],"wp:attachment":[{"href":"https:\/\/millitv.net\/index.php?rest_route=%2Fwp%2Fv2%2Fmedia&parent=2150"}],"wp:term":[{"taxonomy":"category","embeddable":true,"href":"https:\/\/millitv.net\/index.php?rest_route=%2Fwp%2Fv2%2Fcategories&post=2150"},{"taxonomy":"post_tag","embeddable":true,"href":"https:\/\/millitv.net\/index.php?rest_route=%2Fwp%2Fv2%2Ftags&post=2150"}],"curies":[{"name":"wp","href":"https:\/\/api.w.org\/{rel}","templated":true}]}}