{"id":2142,"date":"2023-10-16T03:47:52","date_gmt":"2023-10-16T03:47:52","guid":{"rendered":"https:\/\/millinews.az\/xeber\/oxu-az-avropada-antisemitizm-gucl%C9%99nir-y%C9%99hudil%C9%99rin-evl%C9%99ri-isar%C9%99l%C9%99ndi\/"},"modified":"2023-10-16T03:47:52","modified_gmt":"2023-10-16T03:47:52","slug":"oxu-az-avropada-antisemitizm-gucl%C9%99nir-y%C9%99hudil%C9%99rin-evl%C9%99ri-isar%C9%99l%C9%99ndi","status":"publish","type":"post","link":"https:\/\/millitv.net\/?p=2142","title":{"rendered":"Millinews.az &#8211; Avropada antisemitizm g\u00fccl\u0259nir: Y\u0259hudil\u0259rin evl\u0259ri i\u015far\u0259l\u0259ndi"},"content":{"rendered":"<p><img decoding=\"async\" src=\"https:\/\/cdn.oxu.az\/uploads\/W1siZiIsIjIwMjMvMTAvMTUvMTkvMTUvMjMvMTI5MjE3MmItMWM0MC00ODhhLWJkYjYtOGExMTlkMmU1Y2VjLzVhOTQyY2FkMTcwMTNlZDkwNzY1Y2Q2ODA5ZWE3MzA3LmpwZyJdLFsicCIsImVuY29kZSIsImpwZyIsIi1xdWFsaXR5IDgwIl0sWyJwIiwidGh1bWIiLCI2MjB4NDY1XHUwMDNlIl1d?sha=ab8ef9272dfe26b2\" alt=\"\" title=\"\"><\/p>\n<div><a class=\"subs-in-social subs-whatsapp\" href=\"https:\/\/whatsapp.com\/channel\/0029VaAakbx89ingOoeiTp40\" target=\"_blank\" rel=\"noopener\"><\/p>\n<p>Bizim WhatsApp kanal\u0131m\u0131za buradan abun\u0259 ola bil\u0259rsiniz<\/p>\n<p><\/a><\/p>\n<p>Avropa \u015f\u0259h\u0259rl\u0259rind\u0259 antisemit \u0259hval-ruhiyy\u0259 getdikc\u0259 artmaqdad\u0131r.<\/p>\n<p>Bu, ilk n\u00f6vb\u0259d\u0259 y\u0259hudi t\u0259qibl\u0259rinin d\u0259rin tarixi k\u00f6kl\u0259r\u0259 malik oldu\u011fu Almaniyada \u00f6z\u00fcn\u00fc g\u00f6st\u0259rir. Bel\u0259 ki, y\u0259hudil\u0259rin ya\u015fad\u0131\u011f\u0131 evl\u0259r art\u0131q Davud Ulduzu il\u0259 i\u015far\u0259l\u0259nm\u0259y\u0259 ba\u015flan\u0131b.<\/p>\n<p>Ba\u015f ver\u0259nl\u0259rd\u0259n Berlind\u0259ki ictimai f\u0259allar \u015fikay\u0259tl\u0259nibl\u0259r.<\/p>\n<p>Onlar\u0131n fikrinc\u0259, evl\u0259rin \u00fcz\u0259rind\u0259ki i\u015far\u0259l\u0259r t\u0259kc\u0259 Almaniyada deyil, dig\u0259r \u00f6lk\u0259l\u0259rd\u0259 d\u0259 peyda olub.<\/p>\n<p>M\u0259nb\u0259: lenta.ru<\/p>\n<\/div>\n","protected":false},"excerpt":{"rendered":"<p>Bizim WhatsApp kanal\u0131m\u0131za buradan abun\u0259 ola bil\u0259rsiniz Avropa \u015f\u0259h\u0259rl\u0259rind\u0259 antisemit \u0259hval-ruhiyy\u0259 getdikc\u0259 artmaqdad\u0131r. Bu, ilk n\u00f6vb\u0259d\u0259 y\u0259hudi t\u0259qibl\u0259rinin d\u0259rin tarixi k\u00f6kl\u0259r\u0259 malik oldu\u011fu Almaniyada \u00f6z\u00fcn\u00fc g\u00f6st\u0259rir. Bel\u0259 ki, y\u0259hudil\u0259rin ya\u015fad\u0131\u011f\u0131 evl\u0259r art\u0131q Davud Ulduzu il\u0259 i\u015far\u0259l\u0259nm\u0259y\u0259 ba\u015flan\u0131b. Ba\u015f ver\u0259nl\u0259rd\u0259n Berlind\u0259ki ictimai f\u0259allar \u015fikay\u0259tl\u0259nibl\u0259r. Onlar\u0131n fikrinc\u0259, evl\u0259rin \u00fcz\u0259rind\u0259ki i\u015far\u0259l\u0259r t\u0259kc\u0259 Almaniyada deyil, dig\u0259r \u00f6lk\u0259l\u0259rd\u0259 d\u0259 peyda &hellip;<\/p>\n","protected":false},"author":1,"featured_media":2143,"comment_status":"open","ping_status":"closed","sticky":false,"template":"","format":"standard","meta":{"footnotes":""},"categories":[9],"tags":[],"class_list":["post-2142","post","type-post","status-publish","format-standard","has-post-thumbnail","hentry","category-xeber"],"_links":{"self":[{"href":"https:\/\/millitv.net\/index.php?rest_route=\/wp\/v2\/posts\/2142","targetHints":{"allow":["GET"]}}],"collection":[{"href":"https:\/\/millitv.net\/index.php?rest_route=\/wp\/v2\/posts"}],"about":[{"href":"https:\/\/millitv.net\/index.php?rest_route=\/wp\/v2\/types\/post"}],"author":[{"embeddable":true,"href":"https:\/\/millitv.net\/index.php?rest_route=\/wp\/v2\/users\/1"}],"replies":[{"embeddable":true,"href":"https:\/\/millitv.net\/index.php?rest_route=%2Fwp%2Fv2%2Fcomments&post=2142"}],"version-history":[{"count":0,"href":"https:\/\/millitv.net\/index.php?rest_route=\/wp\/v2\/posts\/2142\/revisions"}],"wp:featuredmedia":[{"embeddable":true,"href":"https:\/\/millitv.net\/index.php?rest_route=\/wp\/v2\/media\/2143"}],"wp:attachment":[{"href":"https:\/\/millitv.net\/index.php?rest_route=%2Fwp%2Fv2%2Fmedia&parent=2142"}],"wp:term":[{"taxonomy":"category","embeddable":true,"href":"https:\/\/millitv.net\/index.php?rest_route=%2Fwp%2Fv2%2Fcategories&post=2142"},{"taxonomy":"post_tag","embeddable":true,"href":"https:\/\/millitv.net\/index.php?rest_route=%2Fwp%2Fv2%2Ftags&post=2142"}],"curies":[{"name":"wp","href":"https:\/\/api.w.org\/{rel}","templated":true}]}}