{"id":2134,"date":"2023-10-16T02:41:21","date_gmt":"2023-10-16T02:41:21","guid":{"rendered":"https:\/\/millinews.az\/xeber\/ekvadorda-prezidentliy%C9%99-namiz%C9%99d-secki-m%C9%99nt%C9%99q%C9%99sin%C9%99-gull%C9%99kecirm%C9%99z-jiletd%C9%99-g%C9%99ldi\/"},"modified":"2023-10-16T02:41:21","modified_gmt":"2023-10-16T02:41:21","slug":"ekvadorda-prezidentliy%C9%99-namiz%C9%99d-secki-m%C9%99nt%C9%99q%C9%99sin%C9%99-gull%C9%99kecirm%C9%99z-jiletd%C9%99-g%C9%99ldi","status":"publish","type":"post","link":"https:\/\/millitv.net\/?p=2134","title":{"rendered":"Ekvadorda prezidentliy\u0259 namiz\u0259d se\u00e7ki m\u0259nt\u0259q\u0259sin\u0259 g\u00fcll\u0259ke\u00e7irm\u0259z jiletd\u0259 g\u0259ldi"},"content":{"rendered":"<p><img decoding=\"async\" src=\"https:\/\/cdn.oxu.az\/uploads\/W1siZiIsIjIwMjMvMTAvMTUvMTcvNTAvNDMvYTZmYjkwYWQtMDgxNi00MzU2LWFkYWMtNGE1NWM3NjE0MDBlL2UuSlBHIl0sWyJwIiwiZW5jb2RlIiwianBnIiwiLXF1YWxpdHkgODAiXSxbInAiLCJ0aHVtYiIsIjYyMHg0NjVcdTAwM2UiXV0?sha=af98701fc7cf0aec\" alt=\"\" title=\"\"><\/p>\n<div><a class=\"subs-in-social subs-whatsapp\" href=\"https:\/\/whatsapp.com\/channel\/0029VaAakbx89ingOoeiTp40\" target=\"_blank\" rel=\"noopener\"><\/p>\n<p>Bizim WhatsApp kanal\u0131m\u0131za buradan abun\u0259 ola bil\u0259rsiniz<\/p>\n<p><\/a><\/p>\n<p>Ekvador prezidentliyin\u0259 namiz\u0259d Luisa Qonzales prezident se\u00e7kil\u0259rinin ikinci turunda s\u0259sverm\u0259 m\u0259nt\u0259q\u0259sin\u0259 g\u00fcll\u0259ke\u00e7irm\u0259z jilet geyin\u0259r\u0259k v\u0259 m\u00fchafiz\u0259nin m\u00fc\u015fayi\u0259ti il\u0259 g\u0259lib.<\/p>\n<p>Siyas\u0259t\u00e7i boya-ba\u015fa \u00e7atd\u0131\u011f\u0131 Manabi \u0259yal\u0259tinin \u00c7on \u015f\u0259h\u0259rind\u0259ki m\u0259kt\u0259bd\u0259 s\u0259s verib. Qonzalesi h\u0259rb\u00e7il\u0259r m\u00fc\u015fayi\u0259t edibl\u0259r.<\/p>\n<p>Bildirilir ki, onun r\u0259qibi Daniel Noboa da art\u0131q s\u0259s verib.<\/p>\n<p>Qeyd ed\u0259k ki, s\u0259sverm\u0259 prosesi se\u00e7kil\u0259rin birinci turuna 11 g\u00fcn qalm\u0131\u015f, avqustun 9-da prezidentliy\u0259 namiz\u0259d Fernando Villavisensionun \u00f6ld\u00fcr\u00fclm\u0259sind\u0259n sonra t\u0259tbiq edil\u0259n f\u00f6vq\u0259lad\u0259 v\u0259ziyy\u0259t \u015f\u0259raitind\u0259 ke\u00e7irilir.<\/p>\n<p>\u0130ndiki prezident Gilyermo Lasso may ay\u0131nda onun impi\u00e7mentin\u0259 baxacaq parlamenti buraxmaq \u00fc\u00e7\u00fcn erk\u0259n se\u00e7kil\u0259r t\u0259yin etmi\u015fdi. Yeni d\u00f6vl\u0259t ba\u015f\u00e7\u0131s\u0131 bu il noyabr\u0131n sonu v\u0259 ya dekabr\u0131n \u0259vv\u0259lind\u0259 v\u0259zif\u0259sinin icras\u0131na ba\u015flayacaq. N\u00f6vb\u0259ti prezident v\u0259 parlament se\u00e7kil\u0259ri 2025-ci ild\u0259 ke\u00e7irilm\u0259lidir.<\/p>\n<p>M\u0259nb\u0259: TASS<\/p>\n<\/div>\n","protected":false},"excerpt":{"rendered":"<p>Bizim WhatsApp kanal\u0131m\u0131za buradan abun\u0259 ola bil\u0259rsiniz Ekvador prezidentliyin\u0259 namiz\u0259d Luisa Qonzales prezident se\u00e7kil\u0259rinin ikinci turunda s\u0259sverm\u0259 m\u0259nt\u0259q\u0259sin\u0259 g\u00fcll\u0259ke\u00e7irm\u0259z jilet geyin\u0259r\u0259k v\u0259 m\u00fchafiz\u0259nin m\u00fc\u015fayi\u0259ti il\u0259 g\u0259lib. Siyas\u0259t\u00e7i boya-ba\u015fa \u00e7atd\u0131\u011f\u0131 Manabi \u0259yal\u0259tinin \u00c7on \u015f\u0259h\u0259rind\u0259ki m\u0259kt\u0259bd\u0259 s\u0259s verib. Qonzalesi h\u0259rb\u00e7il\u0259r m\u00fc\u015fayi\u0259t edibl\u0259r. Bildirilir ki, onun r\u0259qibi Daniel Noboa da art\u0131q s\u0259s verib. Qeyd ed\u0259k ki, s\u0259sverm\u0259 prosesi &hellip;<\/p>\n","protected":false},"author":1,"featured_media":2135,"comment_status":"open","ping_status":"closed","sticky":false,"template":"","format":"standard","meta":{"footnotes":""},"categories":[9],"tags":[],"class_list":["post-2134","post","type-post","status-publish","format-standard","has-post-thumbnail","hentry","category-xeber"],"_links":{"self":[{"href":"https:\/\/millitv.net\/index.php?rest_route=\/wp\/v2\/posts\/2134","targetHints":{"allow":["GET"]}}],"collection":[{"href":"https:\/\/millitv.net\/index.php?rest_route=\/wp\/v2\/posts"}],"about":[{"href":"https:\/\/millitv.net\/index.php?rest_route=\/wp\/v2\/types\/post"}],"author":[{"embeddable":true,"href":"https:\/\/millitv.net\/index.php?rest_route=\/wp\/v2\/users\/1"}],"replies":[{"embeddable":true,"href":"https:\/\/millitv.net\/index.php?rest_route=%2Fwp%2Fv2%2Fcomments&post=2134"}],"version-history":[{"count":0,"href":"https:\/\/millitv.net\/index.php?rest_route=\/wp\/v2\/posts\/2134\/revisions"}],"wp:featuredmedia":[{"embeddable":true,"href":"https:\/\/millitv.net\/index.php?rest_route=\/wp\/v2\/media\/2135"}],"wp:attachment":[{"href":"https:\/\/millitv.net\/index.php?rest_route=%2Fwp%2Fv2%2Fmedia&parent=2134"}],"wp:term":[{"taxonomy":"category","embeddable":true,"href":"https:\/\/millitv.net\/index.php?rest_route=%2Fwp%2Fv2%2Fcategories&post=2134"},{"taxonomy":"post_tag","embeddable":true,"href":"https:\/\/millitv.net\/index.php?rest_route=%2Fwp%2Fv2%2Ftags&post=2134"}],"curies":[{"name":"wp","href":"https:\/\/api.w.org\/{rel}","templated":true}]}}