{"id":21102,"date":"2025-12-12T13:19:23","date_gmt":"2025-12-12T13:19:23","guid":{"rendered":"https:\/\/millitv.net\/?p=21102"},"modified":"2025-12-12T13:19:24","modified_gmt":"2025-12-12T13:19:24","slug":"qurban-qurbanov-2025-ci-ilin-%C9%99n-yaxsi-m%C9%99sqcisi-secildi","status":"publish","type":"post","link":"https:\/\/millitv.net\/?p=21102","title":{"rendered":"Qurban Qurbanov 2025-ci ilin \u0259n yax\u015f\u0131 m\u0259\u015fq\u00e7isi se\u00e7ildi"},"content":{"rendered":"\n<p><strong>Az\u0259rbaycanda 2025-ci ilin \u0259n yax\u015f\u0131 futbol m\u0259\u015fq\u00e7isinin ad\u0131 m\u0259lum olub.<\/strong><\/p>\n\n\n\n<p>Komandaaz sayt\u0131n\u0131n jurnalistl\u0259r aras\u0131nda ke\u00e7irdiyi \u0259n\u0259n\u0259vi sor\u011fuda \u201cQaraba\u011f\u201d\u0131n ba\u015f m\u0259\u015fq\u00e7isi Qurban Qurbanov dig\u0259r namiz\u0259dl\u0259ri b\u00f6y\u00fck f\u0259rql\u0259 qabaqlayaraq, birinci yeri tutub.<\/p>\n\n\n\n<p>Qurbanov 63 jurnalistin qat\u0131ld\u0131\u011f\u0131 sor\u011fuda 58 s\u0259s toplamaqla, 2025-ci ilin \u0259n yax\u015f\u0131 m\u0259\u015fq\u00e7isi se\u00e7ilib. Bununla da, o, 15-ci d\u0259f\u0259 Az\u0259rbaycan\u0131n \u0259n yax\u015f\u0131 m\u0259\u015fq\u00e7isi ad\u0131n\u0131 qazan\u0131b.<\/p>\n\n\n\n<p>Sor\u011fuda i\u015ftirak ed\u0259nl\u0259rd\u0259n 2-si son m\u00f6vz\u00fcmd\u0259 \u201cSabah\u201da \u00f6lk\u0259 kubokunu qazand\u0131ran Vasili Berezutskiy\u0259, 1-i \u201cZir\u0259\u201dnin \u201cs\u00fckan\u0131 arxas\u0131nda\u201d olan R\u0259\u015fad Sad\u0131qova, 1-i \u201cAraz-Nax\u00e7\u0131van\u201d\u0131n \u00e7al\u0131\u015fd\u0131r\u0131c\u0131s\u0131 Elmar Bax\u015f\u0131yev\u0259, 1-i is\u0259 milli komandan\u0131n v\u0259 \u201c\u015eamax\u0131\u201dn\u0131n ba\u015f m\u0259\u015fq\u00e7isi Ayxan Abbasova s\u0259s verib.<\/p>\n\n\n\n<p>\u201cQaraba\u011f\u201d \u00f6t\u0259n m\u00f6vs\u00fcmd\u0259 Qurban Qurbanovun r\u0259hb\u0259rliyi alt\u0131nda Az\u0259rbaycan Premyer Liqas\u0131nda \u00e7empionluq sevinci ya\u015fay\u0131b. Bundan ba\u015fqa, Qurbanovun komandas\u0131 tarixind\u0259 ikinci d\u0259f\u0259 UEFA \u00c7empionlar Liqas\u0131nda \u0259sas m\u0259rh\u0259l\u0259y\u0259 y\u00fcks\u0259lib. Haz\u0131rda da bu turnird\u0259 \u00e7\u0131x\u0131\u015f\u0131n\u0131 davam etdir\u0259n \u201ck\u00f6hl\u0259n atlar\u201d \u201cBenfika\u201d, \u201cKopenhagen\u201d kimi komandalar\u0131 m\u0259\u011flub edib, \u201c\u00c7elsi\u201d il\u0259 oyunda b\u0259rab\u0259r\u0259 qal\u0131b.<\/p>\n","protected":false},"excerpt":{"rendered":"<p>Az\u0259rbaycanda 2025-ci ilin \u0259n yax\u015f\u0131 futbol m\u0259\u015fq\u00e7isinin ad\u0131 m\u0259lum olub. Komandaaz sayt\u0131n\u0131n jurnalistl\u0259r aras\u0131nda ke\u00e7irdiyi \u0259n\u0259n\u0259vi sor\u011fuda \u201cQaraba\u011f\u201d\u0131n ba\u015f m\u0259\u015fq\u00e7isi Qurban Qurbanov dig\u0259r namiz\u0259dl\u0259ri b\u00f6y\u00fck f\u0259rql\u0259 qabaqlayaraq, birinci yeri tutub. Qurbanov 63 jurnalistin qat\u0131ld\u0131\u011f\u0131 sor\u011fuda 58 s\u0259s toplamaqla, 2025-ci ilin \u0259n yax\u015f\u0131 m\u0259\u015fq\u00e7isi se\u00e7ilib. Bununla da, o, 15-ci d\u0259f\u0259 Az\u0259rbaycan\u0131n \u0259n yax\u015f\u0131 m\u0259\u015fq\u00e7isi ad\u0131n\u0131 qazan\u0131b. &hellip;<\/p>\n","protected":false},"author":1,"featured_media":21103,"comment_status":"open","ping_status":"closed","sticky":false,"template":"","format":"standard","meta":{"footnotes":""},"categories":[1],"tags":[],"class_list":["post-21102","post","type-post","status-publish","format-standard","has-post-thumbnail","hentry","category-idman"],"_links":{"self":[{"href":"https:\/\/millitv.net\/index.php?rest_route=\/wp\/v2\/posts\/21102","targetHints":{"allow":["GET"]}}],"collection":[{"href":"https:\/\/millitv.net\/index.php?rest_route=\/wp\/v2\/posts"}],"about":[{"href":"https:\/\/millitv.net\/index.php?rest_route=\/wp\/v2\/types\/post"}],"author":[{"embeddable":true,"href":"https:\/\/millitv.net\/index.php?rest_route=\/wp\/v2\/users\/1"}],"replies":[{"embeddable":true,"href":"https:\/\/millitv.net\/index.php?rest_route=%2Fwp%2Fv2%2Fcomments&post=21102"}],"version-history":[{"count":1,"href":"https:\/\/millitv.net\/index.php?rest_route=\/wp\/v2\/posts\/21102\/revisions"}],"predecessor-version":[{"id":21104,"href":"https:\/\/millitv.net\/index.php?rest_route=\/wp\/v2\/posts\/21102\/revisions\/21104"}],"wp:featuredmedia":[{"embeddable":true,"href":"https:\/\/millitv.net\/index.php?rest_route=\/wp\/v2\/media\/21103"}],"wp:attachment":[{"href":"https:\/\/millitv.net\/index.php?rest_route=%2Fwp%2Fv2%2Fmedia&parent=21102"}],"wp:term":[{"taxonomy":"category","embeddable":true,"href":"https:\/\/millitv.net\/index.php?rest_route=%2Fwp%2Fv2%2Fcategories&post=21102"},{"taxonomy":"post_tag","embeddable":true,"href":"https:\/\/millitv.net\/index.php?rest_route=%2Fwp%2Fv2%2Ftags&post=21102"}],"curies":[{"name":"wp","href":"https:\/\/api.w.org\/{rel}","templated":true}]}}