{"id":21087,"date":"2025-12-11T15:24:21","date_gmt":"2025-12-11T15:24:21","guid":{"rendered":"https:\/\/millitv.net\/?p=21087"},"modified":"2025-12-11T15:24:22","modified_gmt":"2025-12-11T15:24:22","slug":"bakida-ayaks-azarkesl%C9%99rini-t%C9%99%C9%99ccubl%C9%99ndir%C9%99n-xidm%C9%99t-fotolar","status":"publish","type":"post","link":"https:\/\/millitv.net\/?p=21087","title":{"rendered":"Bak\u0131da \u201cAyaks\u201d azarke\u015fl\u0259rini t\u0259\u0259cc\u00fcbl\u0259ndir\u0259n xidm\u0259t&#8230; &#8211;\u00a0FOTOLAR"},"content":{"rendered":"\n<p><strong>UEFA \u00c7empionlar Liqas\u0131n\u0131n \u0259sas m\u0259rh\u0259l\u0259si \u00e7\u0259r\u00e7iv\u0259sind\u0259 Bak\u0131da ke\u00e7iril\u0259n \u201cQaraba\u011f\u201d \u2013 \u201cAyaks\u201d (2:4) oyunu zaman\u0131 stadionun t\u0259hl\u00fck\u0259sizlik \u0259m\u0259kda\u015flar\u0131n\u0131n \u2013 st\u00fcardlar\u0131n xidm\u0259ti niderlandl\u0131 azarke\u015fl\u0259rin diqq\u0259tini c\u0259lb edib.<\/strong><\/p>\n\n\n\n<p>Teleqraf x\u0259b\u0259r verir ki, bu bar\u0259d\u0259 Amsterdam t\u0259msil\u00e7isinin m\u0259\u015fhur \u201cajaxlife.nl\u201d portal\u0131 yaz\u0131 d\u0259rc edib.<\/p>\n\n\n\n<p>Qonaq komandan\u0131n azarke\u015fl\u0259ri mat\u00e7 boyunca meydan\u0131n k\u0259nar\u0131nda ya\u011f\u0131\u015f alt\u0131nda xidm\u0259t aparan st\u00fcardlar\u0131n h\u0259m say\u0131, h\u0259m d\u0259 intizam\u0131n\u0131 x\u00fcsusil\u0259 vur\u011fulay\u0131blar. Onlar\u0131n s\u00f6zl\u0259rin\u0259 g\u00f6r\u0259, st\u00fcardlar meydan\u00e7an\u0131n \u0259traf\u0131nda s\u0131ralanaraq, tribunaya n\u0259zar\u0259ti t\u0259min edibl\u0259r.<\/p>\n\n\n\n<p>St\u00fcardlar arxalar\u0131 meydan\u00e7aya \u00e7evrilmi\u015f v\u0259ziyy\u0259td\u0259 dayanaraq yaln\u0131z tribunalar\u0131 izl\u0259yib, \u015f\u0259xsi s\u00f6hb\u0259tl\u0259r\u0259 v\u0259 h\u0259r\u0259k\u0259t\u0259 yol verm\u0259yibl\u0259r. Meydandak\u0131 g\u0259rgin oyuna v\u0259 g\u00fccl\u00fc ya\u011f\u0131\u015fa baxmayaraq, t\u0259hl\u00fck\u0259sizlik \u0259m\u0259kda\u015flar\u0131n\u0131n intizam\u0131 qonaqlar\u0131n t\u0259\u0259cc\u00fcb\u00fcn\u0259 s\u0259b\u0259b olub.<\/p>\n\n\n\n<figure class=\"wp-block-image\"><img decoding=\"async\" src=\"https:\/\/teleqraf.az\/storage\/2025\/12\/11\/h2.jpg\" alt=\"\" title=\"\"><\/figure>\n\n\n\n<p>Bildirilib ki, meydan\u0131n k\u0259nar\u0131nda t\u0259hl\u00fck\u0259sizlik t\u0259dbirl\u0259ri iki qat naryadla t\u0259min olunub \u2013 ilk s\u0131rada kamuflyaj tipli ya\u011f\u0131\u015fl\u0131qlar geyinmi\u015f st\u00fcardlar, onlar\u0131n \u00f6n\u00fcnd\u0259 is\u0259 qara geyim formas\u0131 v\u0259 sar\u0131 jiletli \u0259m\u0259kda\u015flar dayan\u0131b. Azarke\u015fl\u0259r bu proses\u0259 b\u00f6y\u00fck sayda personal\u0131n c\u0259lb olunmas\u0131na g\u00f6r\u0259, stadionda sakit v\u0259 t\u0259hl\u00fck\u0259siz atmosfer yarad\u0131ld\u0131\u011f\u0131na v\u0259 insidentin ya\u015fanmad\u0131\u011f\u0131n\u0131 vur\u011fulay\u0131blar.<\/p>\n\n\n\n<p>Mat\u00e7 ba\u015fa \u00e7atd\u0131qdan sonra da t\u0259hl\u00fck\u0259sizlik \u0259m\u0259kda\u015flar\u0131n\u0131n xidm\u0259tini davam etdirdiyi diqq\u0259t\u0259 \u00e7atd\u0131r\u0131l\u0131b. Qonaq komandan\u0131n n\u00fcmay\u0259nd\u0259l\u0259ri stadionun b\u00f6y\u00fck hiss\u0259si bo\u015fald\u0131qdan sonra bel\u0259 st\u00fcardlar\u0131n \u0259n az\u0131 10\u201315 d\u0259qiq\u0259 \u0259rzind\u0259 m\u00f6vqel\u0259rini t\u0259rk etm\u0259diyini qeyd edibl\u0259r.<\/p>\n\n\n\n<figure class=\"wp-block-image\"><img decoding=\"async\" src=\"https:\/\/teleqraf.az\/storage\/2025\/12\/11\/h5.jpg\" alt=\"\" title=\"\"><\/figure>\n\n\n\n<p>Sonda bildirilib ki, t\u0259hl\u00fck\u0259sizlik \u0259m\u0259kda\u015flar\u0131n\u0131n yuxar\u0131dan veril\u0259n siqnal \u0259sas\u0131nda koordinasiyal\u0131 \u015f\u0259kild\u0259 \u0259razini t\u0259rk etm\u0259si qonaq sektorundan alq\u0131\u015flarla qar\u015f\u0131lan\u0131b.<\/p>\n\n\n\n<p>Qeyd ed\u0259k ki, \u201cAyaks\u201d azake\u015fl\u0259rinin n\u00fcmun\u0259vi xidm\u0259t\u0259 g\u00f6r\u0259 diqq\u0259tini \u00e7\u0259k\u0259n t\u0259hl\u00fck\u0259sizlik i\u015f\u00e7il\u0259ri Daxili \u0130\u015fl\u0259r Nazirliyinin \u0259m\u0259kda\u015flar\u0131 v\u0259 bu quruma ba\u011fl\u0131 Daxili Qo\u015funlar\u0131n\u0131n h\u0259rb\u00e7il\u0259ri olub.<\/p>\n","protected":false},"excerpt":{"rendered":"<p>UEFA \u00c7empionlar Liqas\u0131n\u0131n \u0259sas m\u0259rh\u0259l\u0259si \u00e7\u0259r\u00e7iv\u0259sind\u0259 Bak\u0131da ke\u00e7iril\u0259n \u201cQaraba\u011f\u201d \u2013 \u201cAyaks\u201d (2:4) oyunu zaman\u0131 stadionun t\u0259hl\u00fck\u0259sizlik \u0259m\u0259kda\u015flar\u0131n\u0131n \u2013 st\u00fcardlar\u0131n xidm\u0259ti niderlandl\u0131 azarke\u015fl\u0259rin diqq\u0259tini c\u0259lb edib. Teleqraf x\u0259b\u0259r verir ki, bu bar\u0259d\u0259 Amsterdam t\u0259msil\u00e7isinin m\u0259\u015fhur \u201cajaxlife.nl\u201d portal\u0131 yaz\u0131 d\u0259rc edib. Qonaq komandan\u0131n azarke\u015fl\u0259ri mat\u00e7 boyunca meydan\u0131n k\u0259nar\u0131nda ya\u011f\u0131\u015f alt\u0131nda xidm\u0259t aparan st\u00fcardlar\u0131n h\u0259m say\u0131, h\u0259m d\u0259 &hellip;<\/p>\n","protected":false},"author":1,"featured_media":21088,"comment_status":"open","ping_status":"closed","sticky":false,"template":"","format":"standard","meta":{"footnotes":""},"categories":[1],"tags":[],"class_list":["post-21087","post","type-post","status-publish","format-standard","has-post-thumbnail","hentry","category-idman"],"_links":{"self":[{"href":"https:\/\/millitv.net\/index.php?rest_route=\/wp\/v2\/posts\/21087","targetHints":{"allow":["GET"]}}],"collection":[{"href":"https:\/\/millitv.net\/index.php?rest_route=\/wp\/v2\/posts"}],"about":[{"href":"https:\/\/millitv.net\/index.php?rest_route=\/wp\/v2\/types\/post"}],"author":[{"embeddable":true,"href":"https:\/\/millitv.net\/index.php?rest_route=\/wp\/v2\/users\/1"}],"replies":[{"embeddable":true,"href":"https:\/\/millitv.net\/index.php?rest_route=%2Fwp%2Fv2%2Fcomments&post=21087"}],"version-history":[{"count":1,"href":"https:\/\/millitv.net\/index.php?rest_route=\/wp\/v2\/posts\/21087\/revisions"}],"predecessor-version":[{"id":21089,"href":"https:\/\/millitv.net\/index.php?rest_route=\/wp\/v2\/posts\/21087\/revisions\/21089"}],"wp:featuredmedia":[{"embeddable":true,"href":"https:\/\/millitv.net\/index.php?rest_route=\/wp\/v2\/media\/21088"}],"wp:attachment":[{"href":"https:\/\/millitv.net\/index.php?rest_route=%2Fwp%2Fv2%2Fmedia&parent=21087"}],"wp:term":[{"taxonomy":"category","embeddable":true,"href":"https:\/\/millitv.net\/index.php?rest_route=%2Fwp%2Fv2%2Fcategories&post=21087"},{"taxonomy":"post_tag","embeddable":true,"href":"https:\/\/millitv.net\/index.php?rest_route=%2Fwp%2Fv2%2Ftags&post=21087"}],"curies":[{"name":"wp","href":"https:\/\/api.w.org\/{rel}","templated":true}]}}