{"id":21074,"date":"2025-12-11T11:07:27","date_gmt":"2025-12-11T11:07:27","guid":{"rendered":"https:\/\/millitv.net\/?p=21074"},"modified":"2025-12-11T11:07:28","modified_gmt":"2025-12-11T11:07:28","slug":"qarabag-geriye-dusdu-bu-gost%C9%99ricid%C9%99-%C9%99n-z%C9%99ifl%C9%99r-arasindadir","status":"publish","type":"post","link":"https:\/\/millitv.net\/?p=21074","title":{"rendered":"&#8220;Qaraba\u011f&#8221; GER\u0130Y\u018f D\u00dc\u015eD\u00dc &#8211; Bu g\u00f6st\u0259ricid\u0259 \u0259n z\u0259ifl\u0259r aras\u0131ndad\u0131r"},"content":{"rendered":"\n<p><strong>&#8220;Qaraba\u011f&#8221;\u0131n futbol\u00e7ular\u0131 alt\u0131 turdan sonra UEFA \u00c7empionlar Liqas\u0131n\u0131n \u0259sas m\u0259rh\u0259l\u0259sind\u0259 \u0259n az z\u0259rb\u0259 vuranlar aras\u0131ndad\u0131r.<\/strong><\/p>\n\n\n\n<p>Teleqraf-\u0131n \u0259ld\u0259 etdiyi m\u0259lumata g\u00f6r\u0259, Qurban Qurbanovun r\u0259hb\u0259rlik etdiyi kollektiv gerid\u0259 qalan mat\u00e7larda c\u0259mi 66 d\u0259f\u0259 z\u0259rb\u0259 endiribl\u0259r.<\/p>\n\n\n\n<p>Bu, 36 komanda aras\u0131nda d\u00f6rc\u00fcnc\u00fc \u0259n z\u0259if g\u00f6st\u0259ricidir. &#8220;K\u00f6hl\u0259n atlar&#8221;\u0131n 66 c\u0259hdind\u0259n 27-si qap\u0131 \u00e7\u0259r\u00e7iv\u0259sin\u0259 y\u00f6n\u0259lib ki, bunlardan c\u0259mi onu qolla n\u0259tic\u0259l\u0259nib.<\/p>\n\n\n\n<p>Siyah\u0131ya 121 z\u0259rb\u0259 il\u0259 Fransan\u0131n PSJ klubu ba\u015f\u00e7\u0131l\u0131q edir. A\u011fdam t\u0259msil\u00e7isinin n\u00f6vb\u0259ti r\u0259qibi olan Almaniyan\u0131n &#8220;Ayntraxt Frankfurt&#8221; komandas\u0131 is\u0259 43 z\u0259rb\u0259 il\u0259 bu g\u00f6st\u0259ricinin \u0259n z\u0259ifidir.<\/p>\n\n\n\n<p>Qeyd ed\u0259k ki, &#8220;Qaraba\u011f&#8221; son mat\u00e7\u0131nda Bak\u0131da Niderland\u0131n &#8220;Ayaks&#8221; klubuna 2:4 hesab\u0131 il\u0259 uduzub.<\/p>\n","protected":false},"excerpt":{"rendered":"<p>&#8220;Qaraba\u011f&#8221;\u0131n futbol\u00e7ular\u0131 alt\u0131 turdan sonra UEFA \u00c7empionlar Liqas\u0131n\u0131n \u0259sas m\u0259rh\u0259l\u0259sind\u0259 \u0259n az z\u0259rb\u0259 vuranlar aras\u0131ndad\u0131r. Teleqraf-\u0131n \u0259ld\u0259 etdiyi m\u0259lumata g\u00f6r\u0259, Qurban Qurbanovun r\u0259hb\u0259rlik etdiyi kollektiv gerid\u0259 qalan mat\u00e7larda c\u0259mi 66 d\u0259f\u0259 z\u0259rb\u0259 endiribl\u0259r. Bu, 36 komanda aras\u0131nda d\u00f6rc\u00fcnc\u00fc \u0259n z\u0259if g\u00f6st\u0259ricidir. &#8220;K\u00f6hl\u0259n atlar&#8221;\u0131n 66 c\u0259hdind\u0259n 27-si qap\u0131 \u00e7\u0259r\u00e7iv\u0259sin\u0259 y\u00f6n\u0259lib ki, bunlardan c\u0259mi onu qolla n\u0259tic\u0259l\u0259nib. &hellip;<\/p>\n","protected":false},"author":1,"featured_media":21075,"comment_status":"open","ping_status":"closed","sticky":false,"template":"","format":"standard","meta":{"footnotes":""},"categories":[1],"tags":[],"class_list":["post-21074","post","type-post","status-publish","format-standard","has-post-thumbnail","hentry","category-idman"],"_links":{"self":[{"href":"https:\/\/millitv.net\/index.php?rest_route=\/wp\/v2\/posts\/21074","targetHints":{"allow":["GET"]}}],"collection":[{"href":"https:\/\/millitv.net\/index.php?rest_route=\/wp\/v2\/posts"}],"about":[{"href":"https:\/\/millitv.net\/index.php?rest_route=\/wp\/v2\/types\/post"}],"author":[{"embeddable":true,"href":"https:\/\/millitv.net\/index.php?rest_route=\/wp\/v2\/users\/1"}],"replies":[{"embeddable":true,"href":"https:\/\/millitv.net\/index.php?rest_route=%2Fwp%2Fv2%2Fcomments&post=21074"}],"version-history":[{"count":1,"href":"https:\/\/millitv.net\/index.php?rest_route=\/wp\/v2\/posts\/21074\/revisions"}],"predecessor-version":[{"id":21076,"href":"https:\/\/millitv.net\/index.php?rest_route=\/wp\/v2\/posts\/21074\/revisions\/21076"}],"wp:featuredmedia":[{"embeddable":true,"href":"https:\/\/millitv.net\/index.php?rest_route=\/wp\/v2\/media\/21075"}],"wp:attachment":[{"href":"https:\/\/millitv.net\/index.php?rest_route=%2Fwp%2Fv2%2Fmedia&parent=21074"}],"wp:term":[{"taxonomy":"category","embeddable":true,"href":"https:\/\/millitv.net\/index.php?rest_route=%2Fwp%2Fv2%2Fcategories&post=21074"},{"taxonomy":"post_tag","embeddable":true,"href":"https:\/\/millitv.net\/index.php?rest_route=%2Fwp%2Fv2%2Ftags&post=21074"}],"curies":[{"name":"wp","href":"https:\/\/api.w.org\/{rel}","templated":true}]}}