{"id":21012,"date":"2025-12-10T13:28:55","date_gmt":"2025-12-10T13:28:55","guid":{"rendered":"https:\/\/millitv.net\/?p=21012"},"modified":"2025-12-10T13:28:56","modified_gmt":"2025-12-10T13:28:56","slug":"63-yasli-nazirin-30-yasli-xanimi-bakida-foto","status":"publish","type":"post","link":"https:\/\/millitv.net\/?p=21012","title":{"rendered":"63 ya\u015fl\u0131 nazirin 30 ya\u015fl\u0131 xan\u0131m\u0131 Bak\u0131da &#8211; Foto"},"content":{"rendered":"\n<p><strong>\u0130ran\u0131n xarici i\u015fl\u0259r naziri Abbas Arak\u00e7\u0131n\u0131n h\u0259yat yolda\u015f\u0131 Arzu \u018fhm\u0259dv\u0259ndin Bak\u0131ya s\u0259f\u0259ri il\u0259 ba\u011fl\u0131 g\u00f6r\u00fcnt\u00fcl\u0259ri payla\u015f\u0131l\u0131b.<\/strong><\/p>\n\n\n\n<p>Axar.az\u00a0x\u0259b\u0259r verir ki, bu bar\u0259d\u0259 \u0130ran medias\u0131 m\u0259lumat verib.<\/p>\n\n\n\n<p>63 ya\u015fl\u0131 nazirin 30 ya\u015flar\u0131ndak\u0131 g\u0259nc xan\u0131m\u0131n\u0131n g\u00f6r\u00fcnt\u00fcl\u0259ri maraqla qar\u015f\u0131lan\u0131b.<\/p>\n\n\n\n<p>Qeyd ed\u0259k ki, Abbas Arak\u00e7\u0131 iki g\u00fcn \u0259vv\u0259l r\u0259smi proqram \u00e7\u0259r\u00e7iv\u0259sind\u0259 Az\u0259rbaycana s\u0259f\u0259r edib.<\/p>\n\n\n\n<script async src=\"https:\/\/telegram.org\/js\/telegram-widget.js?22\" data-telegram-post=\"Axaraz\/107989\" data-width=\"100%\"><\/script>\n","protected":false},"excerpt":{"rendered":"<p>\u0130ran\u0131n xarici i\u015fl\u0259r naziri Abbas Arak\u00e7\u0131n\u0131n h\u0259yat yolda\u015f\u0131 Arzu \u018fhm\u0259dv\u0259ndin Bak\u0131ya s\u0259f\u0259ri il\u0259 ba\u011fl\u0131 g\u00f6r\u00fcnt\u00fcl\u0259ri payla\u015f\u0131l\u0131b. Axar.az\u00a0x\u0259b\u0259r verir ki, bu bar\u0259d\u0259 \u0130ran medias\u0131 m\u0259lumat verib. 63 ya\u015fl\u0131 nazirin 30 ya\u015flar\u0131ndak\u0131 g\u0259nc xan\u0131m\u0131n\u0131n g\u00f6r\u00fcnt\u00fcl\u0259ri maraqla qar\u015f\u0131lan\u0131b. Qeyd ed\u0259k ki, Abbas Arak\u00e7\u0131 iki g\u00fcn \u0259vv\u0259l r\u0259smi proqram \u00e7\u0259r\u00e7iv\u0259sind\u0259 Az\u0259rbaycana s\u0259f\u0259r edib.<\/p>\n","protected":false},"author":1,"featured_media":21013,"comment_status":"open","ping_status":"closed","sticky":false,"template":"","format":"standard","meta":{"footnotes":""},"categories":[1],"tags":[],"class_list":["post-21012","post","type-post","status-publish","format-standard","has-post-thumbnail","hentry","category-idman"],"_links":{"self":[{"href":"https:\/\/millitv.net\/index.php?rest_route=\/wp\/v2\/posts\/21012","targetHints":{"allow":["GET"]}}],"collection":[{"href":"https:\/\/millitv.net\/index.php?rest_route=\/wp\/v2\/posts"}],"about":[{"href":"https:\/\/millitv.net\/index.php?rest_route=\/wp\/v2\/types\/post"}],"author":[{"embeddable":true,"href":"https:\/\/millitv.net\/index.php?rest_route=\/wp\/v2\/users\/1"}],"replies":[{"embeddable":true,"href":"https:\/\/millitv.net\/index.php?rest_route=%2Fwp%2Fv2%2Fcomments&post=21012"}],"version-history":[{"count":1,"href":"https:\/\/millitv.net\/index.php?rest_route=\/wp\/v2\/posts\/21012\/revisions"}],"predecessor-version":[{"id":21014,"href":"https:\/\/millitv.net\/index.php?rest_route=\/wp\/v2\/posts\/21012\/revisions\/21014"}],"wp:featuredmedia":[{"embeddable":true,"href":"https:\/\/millitv.net\/index.php?rest_route=\/wp\/v2\/media\/21013"}],"wp:attachment":[{"href":"https:\/\/millitv.net\/index.php?rest_route=%2Fwp%2Fv2%2Fmedia&parent=21012"}],"wp:term":[{"taxonomy":"category","embeddable":true,"href":"https:\/\/millitv.net\/index.php?rest_route=%2Fwp%2Fv2%2Fcategories&post=21012"},{"taxonomy":"post_tag","embeddable":true,"href":"https:\/\/millitv.net\/index.php?rest_route=%2Fwp%2Fv2%2Ftags&post=21012"}],"curies":[{"name":"wp","href":"https:\/\/api.w.org\/{rel}","templated":true}]}}