{"id":21003,"date":"2025-12-10T07:04:22","date_gmt":"2025-12-10T07:04:22","guid":{"rendered":"https:\/\/millitv.net\/?p=21003"},"modified":"2025-12-10T07:04:24","modified_gmt":"2025-12-10T07:04:24","slug":"pensiya-v%C9%99-muavin%C9%99tl%C9%99rl%C9%99-bagli-sad-xeber-guz%C9%99stl%C9%99r-is%C9%99-l%C9%99gv-edilir","status":"publish","type":"post","link":"https:\/\/millitv.net\/?p=21003","title":{"rendered":"Pensiya v\u0259 m\u00fcavin\u0259tl\u0259rl\u0259 ba\u011fl\u0131 \u015eAD X\u018fB\u018fR &#8211; G\u00fcz\u0259\u015ftl\u0259r is\u0259 l\u0259\u011fv edilir"},"content":{"rendered":"\n<p>2026-c\u0131 ilin d\u00f6vl\u0259t b\u00fcdc\u0259sinin \u0259n m\u00fch\u00fcm yenilikl\u0259rind\u0259n biri D\u00f6vl\u0259t Neft Fondundan edil\u0259n transfertl\u0259rin azald\u0131lmas\u0131d\u0131r. Bu add\u0131m h\u00f6kum\u0259tin neft g\u0259lirl\u0259rind\u0259n as\u0131l\u0131l\u0131\u011f\u0131 t\u0259dric\u0259n minimuma endirm\u0259 siyas\u0259ti kimi qiym\u0259tl\u0259ndirilir.<\/p>\n\n\n\n<p><br>Bu s\u00f6zl\u0259ri iqtisad\u00e7\u0131 Xalid K\u0259rimli Milli M\u0259clisd\u0259 2026-c\u0131 il d\u00f6vl\u0259t b\u00fcdc\u0259sinin \u00fc\u00e7\u00fcnc\u00fc oxunu\u015fda q\u0259bul edilm\u0259si haqda dan\u0131\u015fark\u0259n deyib.<\/p>\n\n\n\n<p><br>O bildirib ki, bir s\u0131ra m\u00f6vcud vergi g\u00fcz\u0259\u015ftl\u0259ri l\u0259\u011fv edilir, t\u00fct\u00fcn v\u0259 spirtli i\u00e7kil\u0259r\u0259 aksizl\u0259rin art\u0131r\u0131lmas\u0131 n\u0259z\u0259rd\u0259 tutulur:<br>\u201cBununla yana\u015f\u0131, g\u0259lir vergisin\u0259 t\u0259tbiq edil\u0259n g\u00fcz\u0259\u015ftl\u0259r d\u0259 n\u00f6vb\u0259ti \u00fc\u00e7 il \u0259rzind\u0259 tam \u015f\u0259kild\u0259 aradan qald\u0131r\u0131lacaq. Bu d\u0259yi\u015fiklikl\u0259r v\u0259t\u0259nda\u015flar\u0131n b\u00fcdc\u0259nin formala\u015fmas\u0131nda rolunu art\u0131racaq v\u0259 vergi y\u00fck\u00fc hiss edil\u0259c\u0259k d\u0259r\u0259c\u0259d\u0259 y\u00fcks\u0259l\u0259c\u0259k\u201d.<\/p>\n\n\n\n<p><br>\u0130qtisad\u00e7\u0131 vur\u011fulay\u0131b ki, 2026-c\u0131 ild\u0259n etibar\u0259n h\u00f6kum\u0259t i\u015fl\u0259m\u0259y\u0259n v\u0259 ya r\u0259smi i\u015fi olmayan \u015f\u0259xsl\u0259rin icbari tibbi s\u0131\u011forta haqlar\u0131n\u0131 art\u0131q d\u00f6vl\u0259t b\u00fcdc\u0259sind\u0259n \u00f6d\u0259m\u0259y\u0259c\u0259k. Bu kateqoriyaya aid \u015f\u0259xsl\u0259r tibbi s\u0131\u011forta \u00f6d\u0259ni\u015fl\u0259rini \u00f6zl\u0259ri qar\u015f\u0131lamal\u0131 olacaqlar.<\/p>\n\n\n\n<p><br>\u201cAz\u0259rbaycan\u0131n pensiya qanunvericiliyin\u0259 \u0259sas\u0259n, pensiyalar h\u0259r il orta ayl\u0131q maa\u015f\u0131n art\u0131m tempin\u0259 uy\u011fun indeksl\u0259\u015fdirilir. 2026-c\u0131 ild\u0259 pensiyalar\u0131n t\u0259xmin\u0259n 9.2\u20139.3% art\u0131r\u0131lmas\u0131 g\u00f6zl\u0259nilir. Sosial m\u00fcdafi\u0259 sah\u0259sind\u0259 d\u0259 d\u0259yi\u015fiklikl\u0259r var: ya\u015fay\u0131\u015f minimumunun y\u00fcks\u0259lm\u0259si fonunda \u00fcnvanl\u0131 sosial yard\u0131m\u0131n t\u0259xmin\u0259n 5.3% (y\u0259ni 15 manat civar\u0131nda) art\u0131r\u0131lmas\u0131 planla\u015fd\u0131r\u0131l\u0131r\u201d, &#8211; o qeyd edib.<\/p>\n","protected":false},"excerpt":{"rendered":"<p>2026-c\u0131 ilin d\u00f6vl\u0259t b\u00fcdc\u0259sinin \u0259n m\u00fch\u00fcm yenilikl\u0259rind\u0259n biri D\u00f6vl\u0259t Neft Fondundan edil\u0259n transfertl\u0259rin azald\u0131lmas\u0131d\u0131r. Bu add\u0131m h\u00f6kum\u0259tin neft g\u0259lirl\u0259rind\u0259n as\u0131l\u0131l\u0131\u011f\u0131 t\u0259dric\u0259n minimuma endirm\u0259 siyas\u0259ti kimi qiym\u0259tl\u0259ndirilir. Bu s\u00f6zl\u0259ri iqtisad\u00e7\u0131 Xalid K\u0259rimli Milli M\u0259clisd\u0259 2026-c\u0131 il d\u00f6vl\u0259t b\u00fcdc\u0259sinin \u00fc\u00e7\u00fcnc\u00fc oxunu\u015fda q\u0259bul edilm\u0259si haqda dan\u0131\u015fark\u0259n deyib. O bildirib ki, bir s\u0131ra m\u00f6vcud vergi g\u00fcz\u0259\u015ftl\u0259ri l\u0259\u011fv edilir, t\u00fct\u00fcn &hellip;<\/p>\n","protected":false},"author":1,"featured_media":21004,"comment_status":"open","ping_status":"closed","sticky":false,"template":"","format":"standard","meta":{"footnotes":""},"categories":[1],"tags":[],"class_list":["post-21003","post","type-post","status-publish","format-standard","has-post-thumbnail","hentry","category-idman"],"_links":{"self":[{"href":"https:\/\/millitv.net\/index.php?rest_route=\/wp\/v2\/posts\/21003","targetHints":{"allow":["GET"]}}],"collection":[{"href":"https:\/\/millitv.net\/index.php?rest_route=\/wp\/v2\/posts"}],"about":[{"href":"https:\/\/millitv.net\/index.php?rest_route=\/wp\/v2\/types\/post"}],"author":[{"embeddable":true,"href":"https:\/\/millitv.net\/index.php?rest_route=\/wp\/v2\/users\/1"}],"replies":[{"embeddable":true,"href":"https:\/\/millitv.net\/index.php?rest_route=%2Fwp%2Fv2%2Fcomments&post=21003"}],"version-history":[{"count":1,"href":"https:\/\/millitv.net\/index.php?rest_route=\/wp\/v2\/posts\/21003\/revisions"}],"predecessor-version":[{"id":21005,"href":"https:\/\/millitv.net\/index.php?rest_route=\/wp\/v2\/posts\/21003\/revisions\/21005"}],"wp:featuredmedia":[{"embeddable":true,"href":"https:\/\/millitv.net\/index.php?rest_route=\/wp\/v2\/media\/21004"}],"wp:attachment":[{"href":"https:\/\/millitv.net\/index.php?rest_route=%2Fwp%2Fv2%2Fmedia&parent=21003"}],"wp:term":[{"taxonomy":"category","embeddable":true,"href":"https:\/\/millitv.net\/index.php?rest_route=%2Fwp%2Fv2%2Fcategories&post=21003"},{"taxonomy":"post_tag","embeddable":true,"href":"https:\/\/millitv.net\/index.php?rest_route=%2Fwp%2Fv2%2Ftags&post=21003"}],"curies":[{"name":"wp","href":"https:\/\/api.w.org\/{rel}","templated":true}]}}