{"id":20997,"date":"2025-12-09T16:25:05","date_gmt":"2025-12-09T16:25:05","guid":{"rendered":"https:\/\/millitv.net\/?p=20997"},"modified":"2025-12-09T16:25:07","modified_gmt":"2025-12-09T16:25:07","slug":"qarabagin-futbolcusu-flamenqoya-transfer-olunur","status":"publish","type":"post","link":"https:\/\/millitv.net\/?p=20997","title":{"rendered":"\u201cQaraba\u011f\u201d\u0131n futbol\u00e7usu \u201cFlamenqo\u201dya transfer olunur?"},"content":{"rendered":"\n<p><strong>\u201cM\u0259tbuatda \u00e7oxlu x\u0259b\u0259rl\u0259r \u00e7\u0131x\u0131r. B\u00fct\u00fcn x\u0259b\u0259rl\u0259r\u0259 inanmaq m\u0259cburiyy\u0259tind\u0259 deyilik\u201d.<\/strong><\/p>\n\n\n\n<p>MilliTv.NET\u00a0x\u0259b\u0259r verir ki, bu s\u00f6zl\u0259ri \u201cQaraba\u011f\u201d\u0131n futbol\u00e7usu Mateus Silva Braziliya medias\u0131nda \u201cFlamenqo\u201dya transfer olunaca\u011f\u0131 il\u0259 ba\u011fl\u0131 yay\u0131lan informasiyalara m\u00fcnasib\u0259t bildir\u0259rk\u0259n deyib.<\/p>\n\n\n\n<p>O, b\u00fct\u00fcn diqq\u0259tini A\u011fdam klubuna y\u00f6n\u0259ltdiyini bildirib:<\/p>\n\n\n\n<p>\u201dBiz yolun ortas\u0131nday\u0131q. \u00d6z missiyam\u0131z var. Onu bitirm\u0259liyik. Bir i\u015f\u0259 fokuslanm\u0131\u015f\u0131q v\u0259 diqq\u0259timizi yay\u0131nd\u0131rmaml\u0131y\u0131q. D\u00fc\u015f\u00fcnm\u0259k \u00fc\u00e7\u00fcn vaxt\u0131m\u0131z var. Missiyam\u0131z\u0131 sona q\u0259d\u0259r ba\u015fa vurmal\u0131y\u0131q\u201d.<\/p>\n\n\n\n<p>Qeyd ed\u0259k ki, bu ilin yanvar\u0131nda \u201cQaraba\u011f\u201ddan Juninyo Olavio \u201cFlamenqo\u201dya 5 milyon avroya transfer olunub.<\/p>\n","protected":false},"excerpt":{"rendered":"<p>\u201cM\u0259tbuatda \u00e7oxlu x\u0259b\u0259rl\u0259r \u00e7\u0131x\u0131r. B\u00fct\u00fcn x\u0259b\u0259rl\u0259r\u0259 inanmaq m\u0259cburiyy\u0259tind\u0259 deyilik\u201d. MilliTv.NET\u00a0x\u0259b\u0259r verir ki, bu s\u00f6zl\u0259ri \u201cQaraba\u011f\u201d\u0131n futbol\u00e7usu Mateus Silva Braziliya medias\u0131nda \u201cFlamenqo\u201dya transfer olunaca\u011f\u0131 il\u0259 ba\u011fl\u0131 yay\u0131lan informasiyalara m\u00fcnasib\u0259t bildir\u0259rk\u0259n deyib. O, b\u00fct\u00fcn diqq\u0259tini A\u011fdam klubuna y\u00f6n\u0259ltdiyini bildirib: \u201dBiz yolun ortas\u0131nday\u0131q. \u00d6z missiyam\u0131z var. Onu bitirm\u0259liyik. Bir i\u015f\u0259 fokuslanm\u0131\u015f\u0131q v\u0259 diqq\u0259timizi yay\u0131nd\u0131rmaml\u0131y\u0131q. D\u00fc\u015f\u00fcnm\u0259k \u00fc\u00e7\u00fcn vaxt\u0131m\u0131z var. &hellip;<\/p>\n","protected":false},"author":1,"featured_media":20998,"comment_status":"open","ping_status":"closed","sticky":false,"template":"","format":"standard","meta":{"footnotes":""},"categories":[1],"tags":[],"class_list":["post-20997","post","type-post","status-publish","format-standard","has-post-thumbnail","hentry","category-idman"],"_links":{"self":[{"href":"https:\/\/millitv.net\/index.php?rest_route=\/wp\/v2\/posts\/20997","targetHints":{"allow":["GET"]}}],"collection":[{"href":"https:\/\/millitv.net\/index.php?rest_route=\/wp\/v2\/posts"}],"about":[{"href":"https:\/\/millitv.net\/index.php?rest_route=\/wp\/v2\/types\/post"}],"author":[{"embeddable":true,"href":"https:\/\/millitv.net\/index.php?rest_route=\/wp\/v2\/users\/1"}],"replies":[{"embeddable":true,"href":"https:\/\/millitv.net\/index.php?rest_route=%2Fwp%2Fv2%2Fcomments&post=20997"}],"version-history":[{"count":1,"href":"https:\/\/millitv.net\/index.php?rest_route=\/wp\/v2\/posts\/20997\/revisions"}],"predecessor-version":[{"id":20999,"href":"https:\/\/millitv.net\/index.php?rest_route=\/wp\/v2\/posts\/20997\/revisions\/20999"}],"wp:featuredmedia":[{"embeddable":true,"href":"https:\/\/millitv.net\/index.php?rest_route=\/wp\/v2\/media\/20998"}],"wp:attachment":[{"href":"https:\/\/millitv.net\/index.php?rest_route=%2Fwp%2Fv2%2Fmedia&parent=20997"}],"wp:term":[{"taxonomy":"category","embeddable":true,"href":"https:\/\/millitv.net\/index.php?rest_route=%2Fwp%2Fv2%2Fcategories&post=20997"},{"taxonomy":"post_tag","embeddable":true,"href":"https:\/\/millitv.net\/index.php?rest_route=%2Fwp%2Fv2%2Ftags&post=20997"}],"curies":[{"name":"wp","href":"https:\/\/api.w.org\/{rel}","templated":true}]}}