{"id":20988,"date":"2025-12-09T09:22:04","date_gmt":"2025-12-09T09:22:04","guid":{"rendered":"https:\/\/millitv.net\/?p=20988"},"modified":"2025-12-09T09:22:05","modified_gmt":"2025-12-09T09:22:05","slug":"yeni-il-bayraminda-qar-yagacaq-aciqlama","status":"publish","type":"post","link":"https:\/\/millitv.net\/?p=20988","title":{"rendered":"Yeni il bayram\u0131nda qar ya\u011facaq? &#8211;\u00a0A\u00c7IQLAMA"},"content":{"rendered":"\n<p><strong>Yeni il\u0259 say\u0131l\u0131 g\u00fcnl\u0259r qalm\u0131\u015fk\u0259n, paytaxt sakinl\u0259rini \u0259n \u00e7ox maraqland\u0131ran suallardan biri Bak\u0131ya qar\u0131n ya\u011f\u0131b-ya\u011fmayaca\u011f\u0131d\u0131r. X\u00fcsusil\u0259 2015\u20132016-c\u0131 ill\u0259rin m\u0259\u015fhur qarl\u0131 g\u00fcnl\u0259rini xat\u0131rlayanlar bu d\u0259f\u0259 d\u0259 eyni ab-havan\u0131n olaca\u011f\u0131na \u00fcmid edirl\u0259r.<\/strong><\/p>\n\n\n\n<p>B\u0259s qar\u015f\u0131dan g\u0259l\u0259n bayram g\u00fcnl\u0259rind\u0259 \u00f6lk\u0259 \u0259razisind\u0259 hava nec\u0259 olacaq? Paytaxt v\u0259 regionlarda qar ehtimal\u0131 varm\u0131?<\/p>\n\n\n\n<p><strong>Sfera.az-a a\u00e7\u0131qlamas\u0131nda&nbsp;ekoloq Qorxmaz \u0130brahimli bildirib ki, bizim yerl\u0259\u015fdiyimiz subtropik-m\u00fclayim qur\u015fa\u011f\u0131na n\u0259z\u0259r yetirs\u0259k, bu qur\u015faq \u0259sas\u0259n isti olan \u0259razidir. Onun s\u00f6zl\u0259rin\u0259 g\u00f6r\u0259, biz \u00e7ox zaman q\u0131\u015f\u0131 Bak\u0131da g\u00f6rm\u0259k ist\u0259yirik, amma Bak\u0131 yar\u0131m-s\u0259hra \u015f\u0259h\u0259ridir:<\/strong><\/p>\n\n\n\n<figure class=\"wp-block-image\"><img decoding=\"async\" src=\"https:\/\/cdn.sfera.az\/file\/articles\/2025\/12\/09\/1765268104_qorxmaz-ib.jpg\" alt=\"\" title=\"\"><\/figure>\n\n\n\n<p>\u201cY\u0259ni, bu \u0259razi d\u0259nizin sahilind\u0259 yerl\u0259\u015fdiyin\u0259 g\u00f6r\u0259, yar\u0131m s\u0259hra \u0259razi oldu\u011funa g\u00f6r\u0259, burda qar \u00e7ox ya\u011fm\u0131r. Q\u0131\u015fda, x\u00fcsus\u0259n dekabr ay\u0131n\u0131n sonlar\u0131 v\u0259 yanvar\u0131n \u0259vv\u0259ll\u0259rind\u0259, b\u0259z\u0259n d\u0259 fevral ay\u0131nda t\u0259sad\u00fcf\u0259n qar ya\u011fmas\u0131 m\u00fc\u015fahid\u0259 olunur. Qar ya\u011fmas\u0131 yeni il \u00fc\u00e7\u00fcn olmur. D\u00fcnyan\u0131n bir \u00e7ox \u00f6lk\u0259l\u0259ri yeni ili qars\u0131z qar\u015f\u0131lay\u0131rlar. \u015eaxta baba personaj\u0131 is\u0259 \u015eimal yar\u0131mk\u00fcr\u0259sin\u0259 m\u0259xsusdur. Santa Klaus Amerikada yaranan personajd\u0131r. \u015eaxta baba da onun alternativi olaraq, Rusiyada, Sovet d\u00f6vl\u0259tind\u0259 yaranm\u0131\u015f personajd\u0131r. Y\u0259ni, daha \u00e7ox qar\u0131n ya\u011fd\u0131\u011f\u0131 \u0259razil\u0259rd\u0259 olur. Bizd\u0259 yeni ild\u0259 qar olmaya da bil\u0259r. \u00c7\u00fcnki, biz suptropik-mulayim iqlim qur\u015fa\u011f\u0131nda yerl\u0259\u015firik. Y\u0259ni, yeni ill\u0259 ba\u011fl\u0131 ehtimal etm\u0259k d\u0259 d\u00fczg\u00fcn olmaz\u201d.<\/p>\n\n\n\n<p><strong>Ekoloq qeyd edib ki, \u0259n s\u0259rt v\u0259 \u015faxtal\u0131 q\u0131\u015flardan biri 2012-ci ild\u0259 olub:<\/strong><\/p>\n\n\n\n<p>\u201cH\u0259tta, X\u0259z\u0259r d\u0259nizinin bir hiss\u0259si donmu\u015fdu. 1989-cu ild\u0259n 1990-na ke\u00e7\u0259n il d\u0259 bir q\u0259d\u0259r soyuq ke\u00e7mi\u015fdi. \u00c7ox \u015faxtal\u0131 q\u0131\u015f m\u00fc\u015fahid\u0259 olundu. G\u00fccl\u00fc qar ya\u011fm\u0131\u015fd\u0131. Ayr\u0131-ayr\u0131 ill\u0259rd\u0259 bel\u0259 hallar olur. M\u00fclayim qur\u015faqda yaln\u0131z y\u00fcks\u0259k da\u011fl\u0131q \u0259razil\u0259rd\u0259 qar g\u00f6r\u00fcr\u00fck. T\u00fcrkiy\u0259 v\u0259 Yunan\u0131stanla eyni qur\u015faqda yerl\u0259\u015firik v\u0259 onlar da qar g\u00f6rm\u00fcr. Yaln\u0131z y\u00fcks\u0259k da\u011fl\u0131q \u0259razil\u0259rd\u0259 qar m\u00fc\u015fahid\u0259 olunur. Dekabr\u0131n sonu, yanvar\u0131n \u0259vv\u0259ll\u0259rind\u0259 qar ya\u011fmas\u0131 arktik v\u0259 Sibir hava k\u00fctl\u0259l\u0259rinin Az\u0259rbaycan \u0259razisin\u0259, C\u0259nubi Qafqaza daxil olmas\u0131 s\u0259b\u0259bind\u0259n olur. Uzun ill\u0259rin hesablamas\u0131na g\u00f6r\u0259, apar\u0131lan m\u00fc\u015fahid\u0259l\u0259r\u0259 g\u00f6r\u0259 bilinir ki, \u00f6lk\u0259y\u0259 arktik, soyuq hava k\u00fctl\u0259l\u0259ri daxil olacaq v\u0259 qar ya\u011facaq. Ona g\u00f6r\u0259 d\u0259 tarixl\u0259r b\u0259z\u0259n d\u0259yi\u015fir. Y\u0259ni, iqlim d\u0259yi\u015fikliyini g\u00fcnahland\u0131rmaq olmaz\u201d.<\/p>\n\n\n\n<p><strong>M\u00fcsahibimiz vur\u011fulay\u0131b ki, Bak\u0131da qar ya\u011fma ehtimal\u0131 var, amma g\u00fccl\u00fc olmayacaq:<\/strong><\/p>\n\n\n\n<p>\u201cG\u00fccl\u00fc qar yar\u0131m metrd\u0259n yuxar\u0131 olan, aylarla h\u0259ft\u0259l\u0259rl\u0259 yerin don qalmas\u0131na s\u0259b\u0259b olan, qar\u0131n yer s\u0259thind\u0259n getm\u0259m\u0259sin\u0259 s\u0259b\u0259b olan qard\u0131r. Bu da Bak\u0131da dem\u0259k olar ki, olmayan \u015feydir. Uzaqba\u015f\u0131 2012-ci ild\u0259ki kimi 1 h\u0259ft\u0259y\u0259 yax\u0131n m\u0259nfi temperatur m\u00fc\u015fahid\u0259 oluna bil\u0259r. Dig\u0259r qar ya\u011f\u0131nt\u0131lar\u0131n\u0131 1-2 g\u00fcn g\u00f6r\u00fcr\u00fck. Sonra \u0259riyib gedir. Bu il d\u0259 qar ya\u011fma ehtimal\u0131 var. Haz\u0131rda Nax\u00e7\u0131van v\u0259 da\u011fl\u0131q \u0259razil\u0259rd\u0259 qar ya\u011fmas\u0131 m\u00fc\u015fahid\u0259 olunur. Y\u00fcks\u0259k da\u011fl\u0131q \u0259razil\u0259rimiz\u0259, da\u011f\u0259t\u0259yi rayonlar\u0131m\u0131za qar ya\u011facaq. Yeni ild\u0259 bunun \u015fahidi ola bil\u0259rik. Bu, daxil olan soyuq hava k\u00fctl\u0259l\u0259rin\u0259 ba\u011fl\u0131d\u0131r\u201d.<\/p>\n","protected":false},"excerpt":{"rendered":"<p>Yeni il\u0259 say\u0131l\u0131 g\u00fcnl\u0259r qalm\u0131\u015fk\u0259n, paytaxt sakinl\u0259rini \u0259n \u00e7ox maraqland\u0131ran suallardan biri Bak\u0131ya qar\u0131n ya\u011f\u0131b-ya\u011fmayaca\u011f\u0131d\u0131r. X\u00fcsusil\u0259 2015\u20132016-c\u0131 ill\u0259rin m\u0259\u015fhur qarl\u0131 g\u00fcnl\u0259rini xat\u0131rlayanlar bu d\u0259f\u0259 d\u0259 eyni ab-havan\u0131n olaca\u011f\u0131na \u00fcmid edirl\u0259r. B\u0259s qar\u015f\u0131dan g\u0259l\u0259n bayram g\u00fcnl\u0259rind\u0259 \u00f6lk\u0259 \u0259razisind\u0259 hava nec\u0259 olacaq? Paytaxt v\u0259 regionlarda qar ehtimal\u0131 varm\u0131? Sfera.az-a a\u00e7\u0131qlamas\u0131nda&nbsp;ekoloq Qorxmaz \u0130brahimli bildirib ki, bizim yerl\u0259\u015fdiyimiz subtropik-m\u00fclayim &hellip;<\/p>\n","protected":false},"author":1,"featured_media":20989,"comment_status":"open","ping_status":"closed","sticky":false,"template":"","format":"standard","meta":{"footnotes":""},"categories":[1],"tags":[],"class_list":["post-20988","post","type-post","status-publish","format-standard","has-post-thumbnail","hentry","category-idman"],"_links":{"self":[{"href":"https:\/\/millitv.net\/index.php?rest_route=\/wp\/v2\/posts\/20988","targetHints":{"allow":["GET"]}}],"collection":[{"href":"https:\/\/millitv.net\/index.php?rest_route=\/wp\/v2\/posts"}],"about":[{"href":"https:\/\/millitv.net\/index.php?rest_route=\/wp\/v2\/types\/post"}],"author":[{"embeddable":true,"href":"https:\/\/millitv.net\/index.php?rest_route=\/wp\/v2\/users\/1"}],"replies":[{"embeddable":true,"href":"https:\/\/millitv.net\/index.php?rest_route=%2Fwp%2Fv2%2Fcomments&post=20988"}],"version-history":[{"count":1,"href":"https:\/\/millitv.net\/index.php?rest_route=\/wp\/v2\/posts\/20988\/revisions"}],"predecessor-version":[{"id":20990,"href":"https:\/\/millitv.net\/index.php?rest_route=\/wp\/v2\/posts\/20988\/revisions\/20990"}],"wp:featuredmedia":[{"embeddable":true,"href":"https:\/\/millitv.net\/index.php?rest_route=\/wp\/v2\/media\/20989"}],"wp:attachment":[{"href":"https:\/\/millitv.net\/index.php?rest_route=%2Fwp%2Fv2%2Fmedia&parent=20988"}],"wp:term":[{"taxonomy":"category","embeddable":true,"href":"https:\/\/millitv.net\/index.php?rest_route=%2Fwp%2Fv2%2Fcategories&post=20988"},{"taxonomy":"post_tag","embeddable":true,"href":"https:\/\/millitv.net\/index.php?rest_route=%2Fwp%2Fv2%2Ftags&post=20988"}],"curies":[{"name":"wp","href":"https:\/\/api.w.org\/{rel}","templated":true}]}}