{"id":20985,"date":"2025-12-09T08:29:28","date_gmt":"2025-12-09T08:29:28","guid":{"rendered":"https:\/\/millitv.net\/?p=20985"},"modified":"2025-12-09T09:21:20","modified_gmt":"2025-12-09T09:21:20","slug":"az%C9%99rbaycan-idmaninda-agir-itki-foto","status":"publish","type":"post","link":"https:\/\/millitv.net\/?p=20985","title":{"rendered":"Az\u0259rbaycan idman\u0131nda a\u011f\u0131r itki &#8211;\u00a0FOTO"},"content":{"rendered":"\n<p><strong>Az\u0259rbaycan a\u011f\u0131rl\u0131qqald\u0131rma ictimaiyy\u0259tin\u0259 a\u011f\u0131r itki \u00fcz verib.<\/strong><\/p>\n\n\n\n<p>Teleqraf\u00a0x\u0259b\u0259r verir ki, Az\u0259rbaycan Respublikas\u0131n\u0131n idman ustas\u0131, \u201c\u018fm\u0259kdar m\u0259\u015fq\u00e7i\u201d, Respublika d\u0259r\u0259c\u0259li hakim v\u0259 \u201cG\u00f6y\u0259z\u0259n\u201d klubunun m\u0259\u015fq\u00e7i m\u00fc\u0259llimi Abdalov R\u0259ay\u0259t \u018fziz o\u011flu d\u00fcnyas\u0131n\u0131 d\u0259yi\u015fib.<\/p>\n\n\n\n<p>Bu bar\u0259d\u0259 Az\u0259rbaycan A\u011f\u0131rl\u0131qqald\u0131rma Federasiyas\u0131n\u0131n m\u0259tbuat xidm\u0259ti m\u0259lumat yay\u0131b.<\/p>\n\n\n\n<p>1971-ci ild\u0259 do\u011fulmu\u015f R\u0259ay\u0259t Abdalov m\u0259\u015fq\u00e7ilik f\u0259aliyy\u0259ti d\u00f6n\u0259mind\u0259 onlarla atleti beyn\u0259lxalq yar\u0131\u015flara haz\u0131rlay\u0131b. Onun yetirm\u0259l\u0259ri d\u00fcnya v\u0259 Avropa s\u0259viyy\u0259li yar\u0131\u015flarda, \u0130slam H\u0259mr\u0259yliyi Oyunlar\u0131nda \u00f6lk\u0259mizi layiqinc\u0259 t\u0259msil ed\u0259r\u0259k V\u0259t\u0259n\u0259 medallarla qay\u0131d\u0131blar.<ins><\/ins><\/p>\n\n\n\n<figure class=\"wp-block-image\"><a href=\"https:\/\/teleqraf.az\/storage\/2025\/12\/09\/597570178_1624193395226889_3008504355378013089_n.jpg\" target=\"_blank\" rel=\"noopener\"><img decoding=\"async\" src=\"https:\/\/teleqraf.az\/storage\/2025\/12\/09\/597570178_1624193395226889_3008504355378013089_n.jpg\" alt=\"\" title=\"\"><\/a><\/figure>\n","protected":false},"excerpt":{"rendered":"<p>Az\u0259rbaycan a\u011f\u0131rl\u0131qqald\u0131rma ictimaiyy\u0259tin\u0259 a\u011f\u0131r itki \u00fcz verib. Teleqraf\u00a0x\u0259b\u0259r verir ki, Az\u0259rbaycan Respublikas\u0131n\u0131n idman ustas\u0131, \u201c\u018fm\u0259kdar m\u0259\u015fq\u00e7i\u201d, Respublika d\u0259r\u0259c\u0259li hakim v\u0259 \u201cG\u00f6y\u0259z\u0259n\u201d klubunun m\u0259\u015fq\u00e7i m\u00fc\u0259llimi Abdalov R\u0259ay\u0259t \u018fziz o\u011flu d\u00fcnyas\u0131n\u0131 d\u0259yi\u015fib. Bu bar\u0259d\u0259 Az\u0259rbaycan A\u011f\u0131rl\u0131qqald\u0131rma Federasiyas\u0131n\u0131n m\u0259tbuat xidm\u0259ti m\u0259lumat yay\u0131b. 1971-ci ild\u0259 do\u011fulmu\u015f R\u0259ay\u0259t Abdalov m\u0259\u015fq\u00e7ilik f\u0259aliyy\u0259ti d\u00f6n\u0259mind\u0259 onlarla atleti beyn\u0259lxalq yar\u0131\u015flara haz\u0131rlay\u0131b. Onun yetirm\u0259l\u0259ri d\u00fcnya &hellip;<\/p>\n","protected":false},"author":1,"featured_media":20986,"comment_status":"open","ping_status":"closed","sticky":false,"template":"","format":"standard","meta":{"footnotes":""},"categories":[1],"tags":[],"class_list":["post-20985","post","type-post","status-publish","format-standard","has-post-thumbnail","hentry","category-idman"],"_links":{"self":[{"href":"https:\/\/millitv.net\/index.php?rest_route=\/wp\/v2\/posts\/20985","targetHints":{"allow":["GET"]}}],"collection":[{"href":"https:\/\/millitv.net\/index.php?rest_route=\/wp\/v2\/posts"}],"about":[{"href":"https:\/\/millitv.net\/index.php?rest_route=\/wp\/v2\/types\/post"}],"author":[{"embeddable":true,"href":"https:\/\/millitv.net\/index.php?rest_route=\/wp\/v2\/users\/1"}],"replies":[{"embeddable":true,"href":"https:\/\/millitv.net\/index.php?rest_route=%2Fwp%2Fv2%2Fcomments&post=20985"}],"version-history":[{"count":1,"href":"https:\/\/millitv.net\/index.php?rest_route=\/wp\/v2\/posts\/20985\/revisions"}],"predecessor-version":[{"id":20987,"href":"https:\/\/millitv.net\/index.php?rest_route=\/wp\/v2\/posts\/20985\/revisions\/20987"}],"wp:featuredmedia":[{"embeddable":true,"href":"https:\/\/millitv.net\/index.php?rest_route=\/wp\/v2\/media\/20986"}],"wp:attachment":[{"href":"https:\/\/millitv.net\/index.php?rest_route=%2Fwp%2Fv2%2Fmedia&parent=20985"}],"wp:term":[{"taxonomy":"category","embeddable":true,"href":"https:\/\/millitv.net\/index.php?rest_route=%2Fwp%2Fv2%2Fcategories&post=20985"},{"taxonomy":"post_tag","embeddable":true,"href":"https:\/\/millitv.net\/index.php?rest_route=%2Fwp%2Fv2%2Ftags&post=20985"}],"curies":[{"name":"wp","href":"https:\/\/api.w.org\/{rel}","templated":true}]}}