{"id":20967,"date":"2025-12-09T07:40:23","date_gmt":"2025-12-09T07:40:23","guid":{"rendered":"https:\/\/millitv.net\/?p=20967"},"modified":"2025-12-09T07:40:24","modified_gmt":"2025-12-09T07:40:24","slug":"az%C9%99rbaycanda-yasayis-minimumu-15-manat-artirilir","status":"publish","type":"post","link":"https:\/\/millitv.net\/?p=20967","title":{"rendered":"Az\u0259rbaycanda ya\u015fay\u0131\u015f minimumu 15 manat art\u0131r\u0131l\u0131r"},"content":{"rendered":"\n<p><strong>Milli M\u0259clis 2026-c\u0131 il \u00fc\u00e7\u00fcn \u0259halinin \u0259sas sosial-demoqrafik qruplar\u0131 \u00fczr\u0259 ya\u015fay\u0131\u015f minimumunun m\u0259bl\u0259\u011fini \u00fc\u00e7\u00fcnc\u00fc oxunu\u015fda q\u0259bul edib.<\/strong><\/p>\n\n\n\n<p>Teleqraf\u00a0x\u0259b\u0259r verir ki, bu m\u0259s\u0259l\u0259 Milli bug\u00fcnk\u00fc iclas\u0131nda m\u00fczakir\u0259 olunan \u201cAz\u0259rbaycan Respublikas\u0131nda 2026-c\u0131 il \u00fc\u00e7\u00fcn ya\u015fay\u0131\u015f minimumu haqq\u0131nda\u201d qanun layih\u0259sind\u0259 \u00f6z \u0259ksini tap\u0131b.<\/p>\n\n\n\n<p>S\u0259n\u0259d\u0259 \u0259sas\u0259n, 2026-c\u0131 il \u00fc\u00e7\u00fcn ya\u015fay\u0131\u015f minimumu \u00f6lk\u0259 \u00fczr\u0259 300 manat, \u0259m\u0259k qabiliyy\u0259tli \u0259hali \u00fc\u00e7\u00fcn 317 manat, pensiya\u00e7\u0131lar \u00fc\u00e7\u00fcn 245 manat, u\u015faqlar \u00fc\u00e7\u00fcn 260 manat m\u0259bl\u0259\u011find\u0259 m\u00fc\u0259yy\u0259n edil\u0259c\u0259k.<\/p>\n\n\n\n<p>M\u0259lumat \u00fc\u00e7\u00fcn bildir\u0259k ki, 2025-ci il \u00fc\u00e7\u00fcn ya\u015fay\u0131\u015f minimumu \u00f6lk\u0259 \u00fczr\u0259 285 manat, \u0259m\u0259k qabiliyy\u0259tli \u0259hali \u00fc\u00e7\u00fcn 305 manat, pensiya\u00e7\u0131lar \u00fc\u00e7\u00fcn 232 manat, u\u015faqlar \u00fc\u00e7\u00fcn 246 manat m\u0259bl\u0259\u011find\u0259 m\u00fc\u0259yy\u0259n edilib.<ins><\/ins><\/p>\n\n\n\n<p>Bu o dem\u0259kdir ki, 2026-c\u0131 il \u00fc\u00e7\u00fcn \u00f6lk\u0259 \u00fczr\u0259 ya\u015fay\u0131\u015f minimumunun 15 manat, y\u0259ni t\u0259xmin\u0259n 5,26 % art\u0131r\u0131lmas\u0131 n\u0259z\u0259rd\u0259 tutulur.<\/p>\n\n\n\n<p>Layih\u0259 q\u0259bul edil\u0259c\u0259yi t\u0259qdird\u0259, 2026-c\u0131 il yanvar\u0131n 1-d\u0259n q\u00fcvv\u0259y\u0259 min\u0259c\u0259k.<\/p>\n","protected":false},"excerpt":{"rendered":"<p>Milli M\u0259clis 2026-c\u0131 il \u00fc\u00e7\u00fcn \u0259halinin \u0259sas sosial-demoqrafik qruplar\u0131 \u00fczr\u0259 ya\u015fay\u0131\u015f minimumunun m\u0259bl\u0259\u011fini \u00fc\u00e7\u00fcnc\u00fc oxunu\u015fda q\u0259bul edib. Teleqraf\u00a0x\u0259b\u0259r verir ki, bu m\u0259s\u0259l\u0259 Milli bug\u00fcnk\u00fc iclas\u0131nda m\u00fczakir\u0259 olunan \u201cAz\u0259rbaycan Respublikas\u0131nda 2026-c\u0131 il \u00fc\u00e7\u00fcn ya\u015fay\u0131\u015f minimumu haqq\u0131nda\u201d qanun layih\u0259sind\u0259 \u00f6z \u0259ksini tap\u0131b. S\u0259n\u0259d\u0259 \u0259sas\u0259n, 2026-c\u0131 il \u00fc\u00e7\u00fcn ya\u015fay\u0131\u015f minimumu \u00f6lk\u0259 \u00fczr\u0259 300 manat, \u0259m\u0259k qabiliyy\u0259tli \u0259hali \u00fc\u00e7\u00fcn &hellip;<\/p>\n","protected":false},"author":1,"featured_media":20968,"comment_status":"open","ping_status":"closed","sticky":false,"template":"","format":"standard","meta":{"footnotes":""},"categories":[1],"tags":[],"class_list":["post-20967","post","type-post","status-publish","format-standard","has-post-thumbnail","hentry","category-idman"],"_links":{"self":[{"href":"https:\/\/millitv.net\/index.php?rest_route=\/wp\/v2\/posts\/20967","targetHints":{"allow":["GET"]}}],"collection":[{"href":"https:\/\/millitv.net\/index.php?rest_route=\/wp\/v2\/posts"}],"about":[{"href":"https:\/\/millitv.net\/index.php?rest_route=\/wp\/v2\/types\/post"}],"author":[{"embeddable":true,"href":"https:\/\/millitv.net\/index.php?rest_route=\/wp\/v2\/users\/1"}],"replies":[{"embeddable":true,"href":"https:\/\/millitv.net\/index.php?rest_route=%2Fwp%2Fv2%2Fcomments&post=20967"}],"version-history":[{"count":1,"href":"https:\/\/millitv.net\/index.php?rest_route=\/wp\/v2\/posts\/20967\/revisions"}],"predecessor-version":[{"id":20969,"href":"https:\/\/millitv.net\/index.php?rest_route=\/wp\/v2\/posts\/20967\/revisions\/20969"}],"wp:featuredmedia":[{"embeddable":true,"href":"https:\/\/millitv.net\/index.php?rest_route=\/wp\/v2\/media\/20968"}],"wp:attachment":[{"href":"https:\/\/millitv.net\/index.php?rest_route=%2Fwp%2Fv2%2Fmedia&parent=20967"}],"wp:term":[{"taxonomy":"category","embeddable":true,"href":"https:\/\/millitv.net\/index.php?rest_route=%2Fwp%2Fv2%2Fcategories&post=20967"},{"taxonomy":"post_tag","embeddable":true,"href":"https:\/\/millitv.net\/index.php?rest_route=%2Fwp%2Fv2%2Ftags&post=20967"}],"curies":[{"name":"wp","href":"https:\/\/api.w.org\/{rel}","templated":true}]}}