{"id":20949,"date":"2025-12-08T15:06:35","date_gmt":"2025-12-08T15:06:35","guid":{"rendered":"https:\/\/millitv.net\/?p=20949"},"modified":"2025-12-08T15:06:36","modified_gmt":"2025-12-08T15:06:36","slug":"qanun-d%C9%99yisir-8-min-manat-muavin%C9%99t-kiml%C9%99r%C9%99-veril%C9%99c%C9%99k","status":"publish","type":"post","link":"https:\/\/millitv.net\/?p=20949","title":{"rendered":"Qanun d\u0259yi\u015fir: 8 min manat m\u00fcavin\u0259t kiml\u0259r\u0259 veril\u0259c\u0259k?"},"content":{"rendered":"\n<p><strong>Az\u0259rbaycanda yeni m\u00fcvain\u0259tin verilm\u0259sin\u0259 ba\u015flan\u0131lacaq. Bel\u0259 ki, \u201cD\u00f6vl\u0259t qullu\u011fu haqq\u0131nda\u201d qanuna t\u0259klif edil\u0259n d\u0259yi\u015fiklikl\u0259r\u0259 \u0259sas\u0259n, bir s\u0131ra hallarda v\u0259t\u0259nda\u015flara yeni bird\u0259f\u0259lik m\u00fcavin\u0259tin verilm\u0259si n\u0259z\u0259rd\u0259 tutulur.<\/strong><\/p>\n\n\n\n<p>Bu s\u00f6zl\u0259ri iqtisad\u00e7\u0131 alim, deputat\u00a0<strong>V\u00fcqar Bayramov\u00a0<\/strong>\u00f6z sosial media hesab\u0131nda yaz\u0131b.<\/p>\n\n\n\n<p>\u201cQanuna \u0259sas\u0259n, d\u00f6vl\u0259t qulluq\u00e7usu v\u0259fat etdikd\u0259, habel\u0259 m\u0259hk\u0259m\u0259 t\u0259r\u0259find\u0259n x\u0259b\u0259rsiz itkin d\u00fc\u015fm\u00fc\u015f hesab edildikd\u0259 v\u0259 ya \u00f6lm\u00fc\u015f elan edildikd\u0259 d\u00f6vl\u0259t qullu\u011funa xitam veril\u0259 bil\u0259r. Bu \u0259sasla d\u00f6vl\u0259t qullu\u011funa xitam verildikd\u0259 d\u00f6vl\u0259t qulluq\u00e7usunun varisl\u0259rin\u0259 orta ayl\u0131q d\u00f6vl\u0259t m\u0259vacibinin d\u00f6rd misli miqdar\u0131nda m\u00fcavin\u0259t \u00f6d\u0259nil\u0259c\u0259k.<\/p>\n\n\n\n<p>2024-c\u00fc ilin yekunlar\u0131na \u0259sas\u0259n, d\u00f6vl\u0259t qulluq\u00e7ular\u0131n\u0131n say\u0131 27,4 min n\u0259f\u0259rdir v\u0259 onlar\u0131n orta ayl\u0131q nominal m\u0259vacibi t\u0259xmin\u0259n iki min manatd\u0131r. Bu o dem\u0259kdir, yeni m\u00fcavin\u0259tin m\u0259bl\u0259\u011fi orta hesabla 8 min manat olacaq. Bu m\u00fcavin\u0259tin t\u0259yinat\u0131nda m\u0259qs\u0259d v\u0259t\u0259nda\u015flar\u0131m\u0131z\u0131n sosial t\u0259mminat\u0131n\u0131 daha da g\u00fccl\u0259ndirm\u0259k v\u0259 d\u00f6vl\u0259t qulluq\u00e7ular\u0131n\u0131n ail\u0259l\u0259ri \u00fc\u00e7\u00fcn sosial m\u00fcdafi\u0259 imkanlar\u0131n\u0131 geni\u015fl\u0259ndirm\u0259kdir\u201d, &#8211; mill\u0259t v\u0259kili qeyd edib.<\/p>\n","protected":false},"excerpt":{"rendered":"<p>Az\u0259rbaycanda yeni m\u00fcvain\u0259tin verilm\u0259sin\u0259 ba\u015flan\u0131lacaq. Bel\u0259 ki, \u201cD\u00f6vl\u0259t qullu\u011fu haqq\u0131nda\u201d qanuna t\u0259klif edil\u0259n d\u0259yi\u015fiklikl\u0259r\u0259 \u0259sas\u0259n, bir s\u0131ra hallarda v\u0259t\u0259nda\u015flara yeni bird\u0259f\u0259lik m\u00fcavin\u0259tin verilm\u0259si n\u0259z\u0259rd\u0259 tutulur. Bu s\u00f6zl\u0259ri iqtisad\u00e7\u0131 alim, deputat\u00a0V\u00fcqar Bayramov\u00a0\u00f6z sosial media hesab\u0131nda yaz\u0131b. \u201cQanuna \u0259sas\u0259n, d\u00f6vl\u0259t qulluq\u00e7usu v\u0259fat etdikd\u0259, habel\u0259 m\u0259hk\u0259m\u0259 t\u0259r\u0259find\u0259n x\u0259b\u0259rsiz itkin d\u00fc\u015fm\u00fc\u015f hesab edildikd\u0259 v\u0259 ya \u00f6lm\u00fc\u015f elan edildikd\u0259 d\u00f6vl\u0259t &hellip;<\/p>\n","protected":false},"author":1,"featured_media":20950,"comment_status":"open","ping_status":"closed","sticky":false,"template":"","format":"standard","meta":{"footnotes":""},"categories":[1],"tags":[],"class_list":["post-20949","post","type-post","status-publish","format-standard","has-post-thumbnail","hentry","category-idman"],"_links":{"self":[{"href":"https:\/\/millitv.net\/index.php?rest_route=\/wp\/v2\/posts\/20949","targetHints":{"allow":["GET"]}}],"collection":[{"href":"https:\/\/millitv.net\/index.php?rest_route=\/wp\/v2\/posts"}],"about":[{"href":"https:\/\/millitv.net\/index.php?rest_route=\/wp\/v2\/types\/post"}],"author":[{"embeddable":true,"href":"https:\/\/millitv.net\/index.php?rest_route=\/wp\/v2\/users\/1"}],"replies":[{"embeddable":true,"href":"https:\/\/millitv.net\/index.php?rest_route=%2Fwp%2Fv2%2Fcomments&post=20949"}],"version-history":[{"count":1,"href":"https:\/\/millitv.net\/index.php?rest_route=\/wp\/v2\/posts\/20949\/revisions"}],"predecessor-version":[{"id":20951,"href":"https:\/\/millitv.net\/index.php?rest_route=\/wp\/v2\/posts\/20949\/revisions\/20951"}],"wp:featuredmedia":[{"embeddable":true,"href":"https:\/\/millitv.net\/index.php?rest_route=\/wp\/v2\/media\/20950"}],"wp:attachment":[{"href":"https:\/\/millitv.net\/index.php?rest_route=%2Fwp%2Fv2%2Fmedia&parent=20949"}],"wp:term":[{"taxonomy":"category","embeddable":true,"href":"https:\/\/millitv.net\/index.php?rest_route=%2Fwp%2Fv2%2Fcategories&post=20949"},{"taxonomy":"post_tag","embeddable":true,"href":"https:\/\/millitv.net\/index.php?rest_route=%2Fwp%2Fv2%2Ftags&post=20949"}],"curies":[{"name":"wp","href":"https:\/\/api.w.org\/{rel}","templated":true}]}}