{"id":20931,"date":"2025-12-08T11:01:38","date_gmt":"2025-12-08T11:01:38","guid":{"rendered":"https:\/\/millitv.net\/?p=20931"},"modified":"2025-12-08T11:01:39","modified_gmt":"2025-12-08T11:01:39","slug":"qarabaga-gozlenilmez-xeber-ucuncu-d%C9%99f%C9%99-qarabag-ucun-bakiya-g%C9%99lir","status":"publish","type":"post","link":"https:\/\/millitv.net\/?p=20931","title":{"rendered":"&#8220;Qaraba\u011f&#8221;a G\u00d6ZL\u018fN\u0130LM\u018fZ X\u018fB\u018fR &#8211; \u00dc\u00e7\u00fcnc\u00fc d\u0259f\u0259 \u201cQaraba\u011f\u201d \u00fc\u00e7\u00fcn Bak\u0131ya g\u0259lir"},"content":{"rendered":"\n<p><strong>&#8220;Qaraba\u011f&#8221;\u0131n UEFA \u00c7empionlar Liqas\u0131n\u0131n VI turunun &#8220;Ayaks&#8221;la oyununa t\u0259yinat alan FIFA referisi Rade Obrenovi\u00e7 daha \u0259vv\u0259l A\u011fdam t\u0259msil\u00e7isinin mat\u00e7\u0131n\u0131 idar\u0259 edib.<\/strong><\/p>\n\n\n\n<p>Teleqraf\u00a0x\u0259b\u0259r verir ki, sloveniyal\u0131 ba\u015f hakim 2021-ci ild\u0259 Qurban Qurbanovun r\u0259hb\u0259rlik etdiyi kollektivin Bak\u0131da \u015eotlandiya &#8220;Aberdin&#8221;i il\u0259 ke\u00e7irdiyi UEFA Konfrans Liqas\u0131n\u0131n pley-off m\u0259rh\u0259l\u0259si g\u00f6r\u00fc\u015f\u00fcnd\u0259 \u0259dal\u0259ti qoruyub.<\/p>\n\n\n\n<p>Obrenovi\u00e7 &#8220;Qaraba\u011f&#8221;\u0131n 1:0 hesabl\u0131 q\u0259l\u0259b\u0259 qazand\u0131\u011f\u0131 oyunda \u00fcmumilikd\u0259 6 sar\u0131 v\u0259r\u0259q\u0259 g\u00f6st\u0259rib. Bunlardan ikisi t\u0259msil\u00e7imizin pay\u0131na d\u00fc\u015f\u00fcb. Bel\u0259 ki, Maksim Medvedevl\u0259 Patrik Andrade sloveniyal\u0131 hakim t\u0259r\u0259find\u0259n r\u0259smi x\u0259b\u0259rdarl\u0131q al\u0131b.<\/p>\n\n\n\n<figure class=\"wp-block-image\"><img decoding=\"async\" src=\"https:\/\/teleqraf.az\/storage\/2025\/12\/08\/ra1.jpg\" alt=\"\" title=\"\"><\/figure>\n\n\n\n<p><\/p>\n\n\n\n<p>Rade Obrenovi\u00e7 &#8220;Qaraba\u011f&#8221;\u0131n 2022-ci ild\u0259 UEFA \u00c7empionlar Liqas\u0131n\u0131n I t\u0259snifat m\u0259rh\u0259l\u0259sinin Bak\u0131da \u00c7exiyan\u0131n &#8220;Viktoriya Plzen&#8221; klubu il\u0259 0:0 hesab\u0131 il\u0259 he\u00e7-he\u00e7\u0259 etdiyi mat\u00e7da d\u00f6rd\u00fcnc\u00fc hakim funksiyas\u0131n\u0131 yerin\u0259 yetirib.<\/p>\n\n\n\n<p>Obrenovi\u00e7 h\u0259m\u00e7inin Az\u0259rbaycan\u0131n U-21 millisinin 2016-c\u0131 ild\u0259 Sloveniyan\u0131n m\u00fcvafiq komandas\u0131 il\u0259 ke\u00e7irdiyi yolda\u015fl\u0131q g\u00f6r\u00fc\u015f\u00fcnd\u0259 d\u0259 ba\u015f hakim olub. Millimiz h\u0259min qar\u015f\u0131la\u015fmada 2:1 hesabl\u0131 q\u0259l\u0259b\u0259y\u0259 sevinib.<\/p>\n\n\n\n<p>Qeyd ed\u0259k ki, &#8220;Qaraba\u011f&#8221; &#8211; &#8220;Ayaks&#8221; oyunu dekabr\u0131n 10-da ke\u00e7iril\u0259c\u0259k.<\/p>\n","protected":false},"excerpt":{"rendered":"<p>&#8220;Qaraba\u011f&#8221;\u0131n UEFA \u00c7empionlar Liqas\u0131n\u0131n VI turunun &#8220;Ayaks&#8221;la oyununa t\u0259yinat alan FIFA referisi Rade Obrenovi\u00e7 daha \u0259vv\u0259l A\u011fdam t\u0259msil\u00e7isinin mat\u00e7\u0131n\u0131 idar\u0259 edib. Teleqraf\u00a0x\u0259b\u0259r verir ki, sloveniyal\u0131 ba\u015f hakim 2021-ci ild\u0259 Qurban Qurbanovun r\u0259hb\u0259rlik etdiyi kollektivin Bak\u0131da \u015eotlandiya &#8220;Aberdin&#8221;i il\u0259 ke\u00e7irdiyi UEFA Konfrans Liqas\u0131n\u0131n pley-off m\u0259rh\u0259l\u0259si g\u00f6r\u00fc\u015f\u00fcnd\u0259 \u0259dal\u0259ti qoruyub. Obrenovi\u00e7 &#8220;Qaraba\u011f&#8221;\u0131n 1:0 hesabl\u0131 q\u0259l\u0259b\u0259 qazand\u0131\u011f\u0131 oyunda \u00fcmumilikd\u0259 &hellip;<\/p>\n","protected":false},"author":1,"featured_media":20932,"comment_status":"open","ping_status":"closed","sticky":false,"template":"","format":"standard","meta":{"footnotes":""},"categories":[1],"tags":[],"class_list":["post-20931","post","type-post","status-publish","format-standard","has-post-thumbnail","hentry","category-idman"],"_links":{"self":[{"href":"https:\/\/millitv.net\/index.php?rest_route=\/wp\/v2\/posts\/20931","targetHints":{"allow":["GET"]}}],"collection":[{"href":"https:\/\/millitv.net\/index.php?rest_route=\/wp\/v2\/posts"}],"about":[{"href":"https:\/\/millitv.net\/index.php?rest_route=\/wp\/v2\/types\/post"}],"author":[{"embeddable":true,"href":"https:\/\/millitv.net\/index.php?rest_route=\/wp\/v2\/users\/1"}],"replies":[{"embeddable":true,"href":"https:\/\/millitv.net\/index.php?rest_route=%2Fwp%2Fv2%2Fcomments&post=20931"}],"version-history":[{"count":1,"href":"https:\/\/millitv.net\/index.php?rest_route=\/wp\/v2\/posts\/20931\/revisions"}],"predecessor-version":[{"id":20933,"href":"https:\/\/millitv.net\/index.php?rest_route=\/wp\/v2\/posts\/20931\/revisions\/20933"}],"wp:featuredmedia":[{"embeddable":true,"href":"https:\/\/millitv.net\/index.php?rest_route=\/wp\/v2\/media\/20932"}],"wp:attachment":[{"href":"https:\/\/millitv.net\/index.php?rest_route=%2Fwp%2Fv2%2Fmedia&parent=20931"}],"wp:term":[{"taxonomy":"category","embeddable":true,"href":"https:\/\/millitv.net\/index.php?rest_route=%2Fwp%2Fv2%2Fcategories&post=20931"},{"taxonomy":"post_tag","embeddable":true,"href":"https:\/\/millitv.net\/index.php?rest_route=%2Fwp%2Fv2%2Ftags&post=20931"}],"curies":[{"name":"wp","href":"https:\/\/api.w.org\/{rel}","templated":true}]}}