{"id":20928,"date":"2025-12-08T06:42:27","date_gmt":"2025-12-08T06:42:27","guid":{"rendered":"https:\/\/millitv.net\/?p=20928"},"modified":"2025-12-08T06:42:28","modified_gmt":"2025-12-08T06:42:28","slug":"qarabag-ucun-tarixi-furset-ayaks-ulduz-futbolcusunu-da-itirdi","status":"publish","type":"post","link":"https:\/\/millitv.net\/?p=20928","title":{"rendered":"&#8220;Qaraba\u011f&#8221; \u00fc\u00e7\u00fcn TAR\u0130X\u0130 F\u00dcRS\u018fT &#8211; &#8220;Ayaks&#8221; ulduz futbol\u00e7usunu da itirdi"},"content":{"rendered":"\n<p><strong>&#8220;Qaraba\u011f&#8221;\u0131n UEFA \u00c7empionlar Liqas\u0131ndak\u0131 n\u00f6vb\u0259ti r\u0259qibi olan Niderland\u0131n &#8220;Ayaks&#8221; klubu ciddi itki il\u0259 \u00fczl\u0259\u015fib.<\/strong><\/p>\n\n\n\n<p>Teleqraf\u00a0x\u0259b\u0259r verir ki, Amsterdam t\u0259msil\u00e7isinin h\u00fccum\u00e7usu Vaut Veqhorst s\u0131radan \u00e7\u0131x\u0131b.<\/p>\n\n\n\n<p>O, \u00f6lk\u0259 \u00e7empionat\u0131n\u0131n XV turunda s\u0259f\u0259rd\u0259 &#8220;Fortuna&#8221;n\u0131 3:1 hesab\u0131 il\u0259 m\u0259\u011flub etdikl\u0259ri oyunda topu\u011fundan x\u0259sar\u0259t al\u0131b. Veqhorst g\u00f6r\u00fc\u015f\u00fcn 28-ci d\u0259qiq\u0259sind\u0259 meydan\u0131 t\u0259rk etm\u0259k m\u0259cburiyy\u0259tind\u0259 qal\u0131b.<\/p>\n\n\n\n<p>Niderland millisinin 33 ya\u015fl\u0131 futbol\u00e7usunun durumu tibbi m\u00fcayin\u0259d\u0259n sonra bilin\u0259c\u0259k. Onun &#8220;Qaraba\u011f&#8221;la oyun \u00fc\u00e7\u00fcn Bak\u0131ya s\u0259f\u0259r etm\u0259y\u0259c\u0259yi g\u00f6zl\u0259nilir.<ins><\/ins><\/p>\n\n\n\n<p>Qeyd ed\u0259k ki, &#8220;Qaraba\u011f&#8221; &#8220;Ayaks&#8221;\u0131 dekabr\u0131n 10-da q\u0259bul ed\u0259c\u0259k. Vaut Veqhorst cari m\u00f6vs\u00fcm \u0259rzind\u0259 meydana \u00e7\u0131xd\u0131\u011f\u0131 18 oyunda 7 qol v\u0259 1 m\u0259hsuldar \u00f6t\u00fcrm\u0259 m\u00fc\u0259llifi olub.<\/p>\n","protected":false},"excerpt":{"rendered":"<p>&#8220;Qaraba\u011f&#8221;\u0131n UEFA \u00c7empionlar Liqas\u0131ndak\u0131 n\u00f6vb\u0259ti r\u0259qibi olan Niderland\u0131n &#8220;Ayaks&#8221; klubu ciddi itki il\u0259 \u00fczl\u0259\u015fib. Teleqraf\u00a0x\u0259b\u0259r verir ki, Amsterdam t\u0259msil\u00e7isinin h\u00fccum\u00e7usu Vaut Veqhorst s\u0131radan \u00e7\u0131x\u0131b. O, \u00f6lk\u0259 \u00e7empionat\u0131n\u0131n XV turunda s\u0259f\u0259rd\u0259 &#8220;Fortuna&#8221;n\u0131 3:1 hesab\u0131 il\u0259 m\u0259\u011flub etdikl\u0259ri oyunda topu\u011fundan x\u0259sar\u0259t al\u0131b. Veqhorst g\u00f6r\u00fc\u015f\u00fcn 28-ci d\u0259qiq\u0259sind\u0259 meydan\u0131 t\u0259rk etm\u0259k m\u0259cburiyy\u0259tind\u0259 qal\u0131b. Niderland millisinin 33 ya\u015fl\u0131 futbol\u00e7usunun durumu &hellip;<\/p>\n","protected":false},"author":1,"featured_media":20929,"comment_status":"open","ping_status":"closed","sticky":false,"template":"","format":"standard","meta":{"footnotes":""},"categories":[1],"tags":[],"class_list":["post-20928","post","type-post","status-publish","format-standard","has-post-thumbnail","hentry","category-idman"],"_links":{"self":[{"href":"https:\/\/millitv.net\/index.php?rest_route=\/wp\/v2\/posts\/20928","targetHints":{"allow":["GET"]}}],"collection":[{"href":"https:\/\/millitv.net\/index.php?rest_route=\/wp\/v2\/posts"}],"about":[{"href":"https:\/\/millitv.net\/index.php?rest_route=\/wp\/v2\/types\/post"}],"author":[{"embeddable":true,"href":"https:\/\/millitv.net\/index.php?rest_route=\/wp\/v2\/users\/1"}],"replies":[{"embeddable":true,"href":"https:\/\/millitv.net\/index.php?rest_route=%2Fwp%2Fv2%2Fcomments&post=20928"}],"version-history":[{"count":1,"href":"https:\/\/millitv.net\/index.php?rest_route=\/wp\/v2\/posts\/20928\/revisions"}],"predecessor-version":[{"id":20930,"href":"https:\/\/millitv.net\/index.php?rest_route=\/wp\/v2\/posts\/20928\/revisions\/20930"}],"wp:featuredmedia":[{"embeddable":true,"href":"https:\/\/millitv.net\/index.php?rest_route=\/wp\/v2\/media\/20929"}],"wp:attachment":[{"href":"https:\/\/millitv.net\/index.php?rest_route=%2Fwp%2Fv2%2Fmedia&parent=20928"}],"wp:term":[{"taxonomy":"category","embeddable":true,"href":"https:\/\/millitv.net\/index.php?rest_route=%2Fwp%2Fv2%2Fcategories&post=20928"},{"taxonomy":"post_tag","embeddable":true,"href":"https:\/\/millitv.net\/index.php?rest_route=%2Fwp%2Fv2%2Ftags&post=20928"}],"curies":[{"name":"wp","href":"https:\/\/api.w.org\/{rel}","templated":true}]}}