{"id":20822,"date":"2025-12-03T15:37:43","date_gmt":"2025-12-03T15:37:43","guid":{"rendered":"https:\/\/millitv.net\/?p=20822"},"modified":"2025-12-03T15:37:45","modified_gmt":"2025-12-03T15:37:45","slug":"nazir-feysbukda-s%C9%99hvini-tutan-s%C9%99xs%C9%99-bel%C9%99-cavab-verdi-fotolar","status":"publish","type":"post","link":"https:\/\/millitv.net\/?p=20822","title":{"rendered":"Nazir Feysbukda s\u0259hvini tutan \u015f\u0259xs\u0259 bel\u0259 cavab verdi \u2013\u00a0FOTOLAR"},"content":{"rendered":"\n<p><strong>Elm v\u0259&nbsp;t\u0259hsil&nbsp;naziri Emin \u018fmrullayevin sosial \u015f\u0259b\u0259k\u0259d\u0259 payla\u015f\u0131mlara r\u0259y yazmas\u0131 diqq\u0259t \u00e7\u0259kib.<\/strong><\/p>\n\n\n\n<p>\u201cQafqazinfo\u201d x\u0259b\u0259r verir ki, nazir\u00a0\u201cAz\u0259rbaycan\u00a0universitetl\u0259ri\u201d s\u0259hif\u0259sind\u0259\u00a0Qaraba\u011f\u00a0Universitetinin m\u00fc\u0259llimi Arzu \u015e\u00fck\u00fcrovan\u0131n h\u0259ft\u0259d\u0259 2 d\u0259f\u0259 Xank\u0259ndiy\u0259 gedib d\u0259rs ke\u00e7m\u0259si v\u0259 el\u0259 h\u0259min g\u00fcn Bak\u0131ya qay\u0131tmas\u0131 il\u0259 ba\u011fl\u0131 payla\u015f\u0131ma r\u0259y yaz\u0131b.<\/p>\n\n\n\n<p>\u201cT\u0259\u015f\u0259kk\u00fcrl\u0259r! Az\u0259rbaycan\u0131n f\u0259dakar m\u00fc\u0259lliml\u0259rin\u0259 n\u0259 q\u0259d\u0259r minn\u0259tdar olsaq, azd\u0131r. \u018fmin\u0259m ki, \u0259m\u0259yiniz n\u0259tic\u0259sini gec v\u0259 ya tez ver\u0259c\u0259k!\u201d, \u2013 dey\u0259 E. \u018fmrullayev bildirib.<\/p>\n\n\n\n<p>Nazir \u015f\u0259rhl\u0259 yana\u015f\u0131, onun ad\u0131n\u0131n \u201ctag\u201d&nbsp;olundu\u011fu mesajlar\u0131 da cavabs\u0131z qoymay\u0131b.&nbsp;Bel\u0259 ki, sosial \u015f\u0259b\u0259k\u0259 istifad\u0259\u00e7il\u0259rind\u0259n biri bunun he\u00e7 d\u0259 f\u0259xr edil\u0259si hal olmad\u0131\u011f\u0131n\u0131 deyib:&nbsp;\u201c\u0130nsan \u00f6mr\u00fc yollarda he\u00e7 olur, qaranl\u0131qda yola d\u00fc\u015f\u00fcr v\u0259 gec qay\u0131d\u0131r. Bu hardasa g\u0259nc q\u0131z \u00fc\u00e7\u00fcn t\u0259hl\u00fck\u0259li d\u0259 ola bil\u0259r. Xank\u0259ndid\u0259 2-3 g\u00fcn qalmas\u0131 \u00fc\u00e7\u00fcn \u015f\u0259rait yaratmaqdansa, insan\u0131n \u00e7\u0259kdiyi laz\u0131ms\u0131z \u0259ziyy\u0259t\u0259 t\u0259\u015f\u0259kk\u00fcr edirsiniz\u201d.<\/p>\n\n\n\n<p>Emin \u018fmrullayev is\u0259 bel\u0259 cavab verib:&nbsp;\u201cM\u0259hz f\u0259xr edil\u0259si m\u0259s\u0259l\u0259dir. Bu, m\u00fc\u0259llimin \u015f\u0259xsi se\u00e7imidir. Ba\u015fqa s\u00f6zl\u0259, Xank\u0259ndid\u0259 bu g\u00fcn 400 n\u0259f\u0259r\u0259 q\u0259d\u0259r h\u0259mkar\u0131m\u0131z evl\u0259 t\u0259min edilib. M\u0259n\u0259 maraql\u0131 olan m\u0259qam is\u0259 odur ki, siz nec\u0259, haradan, hans\u0131 \u015f\u0259kild\u0259 n\u0259tic\u0259 \u00e7\u0131xard\u0131n\u0131z ki, biz bu m\u00fc\u0259llimin Xank\u0259ndid\u0259 2-3 g\u00fcn qalmas\u0131 \u00fc\u00e7\u00fcn \u015f\u0259rait yarada bilm\u0259mi\u015fik? Nec\u0259 g\u0259ldiniz bu n\u0259tic\u0259y\u0259?\u201d<\/p>\n\n\n\n<p>Bundan ba\u015fqa, nazir c\u00fcml\u0259d\u0259 dur\u011fu i\u015far\u0259sini qoymamas\u0131 il\u0259 ba\u011fl\u0131 ona yaz\u0131lan \u015f\u0259rh\u0259 d\u0259 bigan\u0259 yana\u015fmayaraq t\u0259\u015f\u0259kk\u00fcr edib v\u0259 h\u0259min s\u0259hvi d\u00fcz\u0259ldib.<\/p>\n\n\n\n<p>\u018fmrullayevin bu davran\u0131\u015f\u0131 sosial \u015f\u0259b\u0259k\u0259d\u0259 xo\u015f qar\u015f\u0131lan\u0131b.<\/p>\n\n\n\n<p>S\u00f6z\u00fcged\u0259n r\u0259yl\u0259ri t\u0259qdim edirik:<\/p>\n\n\n\n<figure class=\"wp-block-image\"><img decoding=\"async\" src=\"https:\/\/qafqazinfo.az\/uploads\/1764751491\/WhatsApp_Image_2025-12-03_at_12.44.40.jpeg\" alt=\"Nazir Feysbukda s\u0259hvini tutan \u015f\u0259xs\u0259 bel\u0259 cavab verdi - FOTOLAR\" title=\"Nazir Feysbukda s\u0259hvini tutan \u015f\u0259xs\u0259 bel\u0259 cavab verdi - FOTOLAR 2\"\/><\/figure>\n\n\n\n<figure class=\"wp-block-image\"><img decoding=\"async\" src=\"https:\/\/qafqazinfo.az\/uploads\/1764751357\/Screenshot_9.png\" alt=\"Nazir Feysbukda s\u0259hvini tutan \u015f\u0259xs\u0259 bel\u0259 cavab verdi - FOTOLAR\" title=\"Nazir Feysbukda s\u0259hvini tutan \u015f\u0259xs\u0259 bel\u0259 cavab verdi - FOTOLAR 3\"\/><\/figure>\n\n\n\n<figure class=\"wp-block-image\"><img decoding=\"async\" src=\"https:\/\/qafqazinfo.az\/uploads\/1764751570\/Screenshot_8.png\" alt=\"Nazir Feysbukda s\u0259hvini tutan \u015f\u0259xs\u0259 bel\u0259 cavab verdi - FOTOLAR\" title=\"Nazir Feysbukda s\u0259hvini tutan \u015f\u0259xs\u0259 bel\u0259 cavab verdi - FOTOLAR 4\"\/><\/figure>\n\n\n\n<p>https:\/\/www.facebook.com\/v8.0\/plugins\/comments.php?app_id=318167876293576&#038;channel=https%3A%2F%2Fstaticxx.facebook.com%2Fx%2Fconnect%2Fxd_arbiter%2F%3Fversion%3D46%23cb%3Df815efe14e61999c1%26domain%3Deditor.az%26is_canvas%3Dfalse%26origin%3Dhttps%253A%252F%252Feditor.az%252Ff79762366ec7407c3%26relation%3Dparent.parent&#038;color_scheme=light&#038;container_width=795&#038;height=100&#038;href=https%3A%2F%2Feditor.az%2Fnazir-feysbukda-sehvini-tutan-sexse-bele-cavab-verdi-fotolar&#038;lazy=true&#038;locale=en_US&#038;mobile=true&#038;numposts=30&#038;order_by=social&#038;sdk=joey&#038;version=v8.0&#038;width=<\/p>\n","protected":false},"excerpt":{"rendered":"<p>Elm v\u0259&nbsp;t\u0259hsil&nbsp;naziri Emin \u018fmrullayevin sosial \u015f\u0259b\u0259k\u0259d\u0259 payla\u015f\u0131mlara r\u0259y yazmas\u0131 diqq\u0259t \u00e7\u0259kib. \u201cQafqazinfo\u201d x\u0259b\u0259r verir ki, nazir\u00a0\u201cAz\u0259rbaycan\u00a0universitetl\u0259ri\u201d s\u0259hif\u0259sind\u0259\u00a0Qaraba\u011f\u00a0Universitetinin m\u00fc\u0259llimi Arzu \u015e\u00fck\u00fcrovan\u0131n h\u0259ft\u0259d\u0259 2 d\u0259f\u0259 Xank\u0259ndiy\u0259 gedib d\u0259rs ke\u00e7m\u0259si v\u0259 el\u0259 h\u0259min g\u00fcn Bak\u0131ya qay\u0131tmas\u0131 il\u0259 ba\u011fl\u0131 payla\u015f\u0131ma r\u0259y yaz\u0131b. \u201cT\u0259\u015f\u0259kk\u00fcrl\u0259r! Az\u0259rbaycan\u0131n f\u0259dakar m\u00fc\u0259lliml\u0259rin\u0259 n\u0259 q\u0259d\u0259r minn\u0259tdar olsaq, azd\u0131r. \u018fmin\u0259m ki, \u0259m\u0259yiniz n\u0259tic\u0259sini gec v\u0259 ya tez &hellip;<\/p>\n","protected":false},"author":1,"featured_media":20823,"comment_status":"open","ping_status":"closed","sticky":false,"template":"","format":"standard","meta":{"footnotes":""},"categories":[1],"tags":[],"class_list":["post-20822","post","type-post","status-publish","format-standard","has-post-thumbnail","hentry","category-idman"],"_links":{"self":[{"href":"https:\/\/millitv.net\/index.php?rest_route=\/wp\/v2\/posts\/20822","targetHints":{"allow":["GET"]}}],"collection":[{"href":"https:\/\/millitv.net\/index.php?rest_route=\/wp\/v2\/posts"}],"about":[{"href":"https:\/\/millitv.net\/index.php?rest_route=\/wp\/v2\/types\/post"}],"author":[{"embeddable":true,"href":"https:\/\/millitv.net\/index.php?rest_route=\/wp\/v2\/users\/1"}],"replies":[{"embeddable":true,"href":"https:\/\/millitv.net\/index.php?rest_route=%2Fwp%2Fv2%2Fcomments&post=20822"}],"version-history":[{"count":1,"href":"https:\/\/millitv.net\/index.php?rest_route=\/wp\/v2\/posts\/20822\/revisions"}],"predecessor-version":[{"id":20825,"href":"https:\/\/millitv.net\/index.php?rest_route=\/wp\/v2\/posts\/20822\/revisions\/20825"}],"wp:featuredmedia":[{"embeddable":true,"href":"https:\/\/millitv.net\/index.php?rest_route=\/wp\/v2\/media\/20823"}],"wp:attachment":[{"href":"https:\/\/millitv.net\/index.php?rest_route=%2Fwp%2Fv2%2Fmedia&parent=20822"}],"wp:term":[{"taxonomy":"category","embeddable":true,"href":"https:\/\/millitv.net\/index.php?rest_route=%2Fwp%2Fv2%2Fcategories&post=20822"},{"taxonomy":"post_tag","embeddable":true,"href":"https:\/\/millitv.net\/index.php?rest_route=%2Fwp%2Fv2%2Ftags&post=20822"}],"curies":[{"name":"wp","href":"https:\/\/api.w.org\/{rel}","templated":true}]}}