{"id":20742,"date":"2025-11-25T06:32:08","date_gmt":"2025-11-25T06:32:08","guid":{"rendered":"https:\/\/millitv.net\/?p=20742"},"modified":"2025-11-25T06:32:09","modified_gmt":"2025-11-25T06:32:09","slug":"efendid%C9%99n-12-bal-qalmaqali-il%C9%99-bagli-aciqlama-bu-sad%C9%99c%C9%99-insanliq-idi","status":"publish","type":"post","link":"https:\/\/millitv.net\/?p=20742","title":{"rendered":"Efendid\u0259n 12 bal qalmaqal\u0131 il\u0259 ba\u011fl\u0131\u00a0A\u00c7IQLAMA:\u00a0\u201cBu, sad\u0259c\u0259 insanl\u0131q idi\u201d"},"content":{"rendered":"\n<p><strong>Astanada ke\u00e7iril\u0259n beyn\u0259lxalq musiqi m\u00fcsabiq\u0259sinin final m\u0259rh\u0259l\u0259sind\u0259 m\u00fcnsif qismind\u0259 \u00e7\u0131x\u0131\u015f ed\u0259n Az\u0259rbaycan\u0131n tan\u0131nm\u0131\u015f s\u0259n\u0259t\u00e7isi Samira Efendinin Erm\u0259nistan n\u00fcmay\u0259nd\u0259si Saro Gevorkyana 12 bal verm\u0259si v\u0259 h\u0259min i\u015ftirak\u00e7\u0131n\u0131n Efendiy\u0259 yax\u0131nla\u015faraq onu qucaqlamas\u0131 sosial \u015f\u0259b\u0259k\u0259l\u0259rd\u0259 geni\u015f m\u00fczakir\u0259l\u0259r\u0259 s\u0259b\u0259b olub.<\/strong><\/p>\n\n\n\n<p>M\u0259s\u0259l\u0259 il\u0259 ba\u011fl\u0131 Samira Efendi v\u0259 komandas\u0131n\u0131n\u00a0Bak\u0131vaxt\u0131na\u00a0a\u00e7\u0131qlamas\u0131nda bildirilib\u00a0ki, hadis\u0259 m\u00fcnsiflik etikas\u0131, s\u0259hn\u0259 m\u0259d\u0259niyy\u0259ti v\u0259 insani m\u00fcnasib\u0259tl\u0259r \u00e7\u0259r\u00e7iv\u0259sind\u0259 ba\u015f verib. A\u00e7\u0131qlamada bu jestin milli-m\u0259n\u0259vi d\u0259y\u0259rl\u0259r\u0259 h\u00f6rm\u0259tsizlik kimi t\u0259qdim olunmas\u0131n\u0131n h\u0259qiq\u0259ti \u0259ks etdirm\u0259diyi vur\u011fulan\u0131b.<\/p>\n\n\n\n<p>S\u0259n\u0259t\u00e7inin yarad\u0131c\u0131l\u0131q f\u0259aliyy\u0259ti boyunca milli d\u0259y\u0259rl\u0259r\u0259 sadiqliyini daim n\u00fcmayi\u015f etdirdiyi x\u00fcsusi qeyd olunub. Xat\u0131rlad\u0131l\u0131b&nbsp;ki, 2023-c\u00fc ild\u0259 \u201cAlt\u0131n Kelebek\u201d m\u00fckafat\u0131ndan \u0259ld\u0259 etdiyi b\u00fct\u00fcn g\u0259lir Az\u0259rbaycan \u015f\u0259hidl\u0259rinin \u00f6vladlar\u0131na v\u0259 T\u00fcrkiy\u0259d\u0259 z\u0259lz\u0259l\u0259 n\u0259tic\u0259sind\u0259 ail\u0259sini itirmi\u015f u\u015faqlara ba\u011f\u0131\u015flan\u0131b. H\u0259m\u00e7inin, \u201cS\u0259s Az\u0259rbaycan\u201d layih\u0259sind\u0259 \u00e7\u0131x\u0131\u015f\u0131ndan sonra o, \u015f\u0259hid ail\u0259l\u0259rinin \u00f6vladlar\u0131, el\u0259c\u0259 d\u0259 daun v\u0259 autizm sindromlu u\u015faqlar \u00fc\u00e7\u00fcn t\u0259\u015fkil olunan sosial t\u0259dbirl\u0259rd\u0259 d\u0259f\u0259l\u0259rl\u0259 i\u015ftirak edib.<\/p>\n\n\n\n<p>A\u00e7\u0131qlamada haz\u0131rk\u0131 Az\u0259rbaycan\u2013Erm\u0259nistan s\u00fclh prosesin\u0259 d\u0259 toxunularaq, s\u00fclh sazi\u015finin paraflanmas\u0131 v\u0259 qar\u015f\u0131l\u0131ql\u0131 n\u00fcmay\u0259nd\u0259 hey\u0259tl\u0259rinin s\u0259f\u0259rl\u0259rinin regionda yeni reall\u0131q formala\u015fd\u0131rd\u0131\u011f\u0131 qeyd edilib. Bu s\u0259b\u0259bd\u0259n beyn\u0259lxalq platformalarda n\u00fcmayi\u015f etdiril\u0259n humanist jestl\u0259rin yanl\u0131\u015f anla\u015f\u0131lmamas\u0131n\u0131n x\u00fcsusi \u00f6n\u0259m da\u015f\u0131d\u0131\u011f\u0131 vur\u011fulan\u0131b.<\/p>\n\n\n\n<p>Samira Efendi m\u0259s\u0259l\u0259y\u0259 \u201cTarixin Bir G\u00fcn\u00fc\u201d verili\u015find\u0259 m\u00fcnasib\u0259t bildir\u0259r\u0259k deyib:<\/p>\n\n\n\n<p>\u201cM\u0259n h\u0259r zaman xalq\u0131m\u0131n yan\u0131ndayam. \u015e\u0259hidl\u0259rimizin xatir\u0259si m\u0259nim \u00fc\u00e7\u00fcn h\u0259r \u015feyd\u0259n \u00fcst\u00fcnd\u00fcr. D\u00f6vl\u0259timizin apard\u0131\u011f\u0131 s\u00fclh siyas\u0259tin\u0259 h\u00f6rm\u0259t edir v\u0259 d\u0259st\u0259k verir\u0259m. Bir qazi \u00f6vlad\u0131 kimi tarix yadda\u015f\u0131 m\u0259nim \u00fc\u00e7\u00fcn d\u0259yi\u015fm\u0259zdir \u2013 biz ke\u00e7mi\u015fi unutmuruq, unutdurmuruq. Amma g\u0259l\u0259c\u0259k bizim m\u0259suliyy\u0259timizd\u0259dir; \u00f6vladlar\u0131m\u0131za daha t\u0259hl\u00fck\u0259siz, mehriban v\u0259 s\u00fclhl\u0259 dolu bir d\u00fcnya \u00f6t\u00fcrm\u0259k borcumuzdur. Layih\u0259d\u0259 etdiyim jest is\u0259 sad\u0259c\u0259 insanl\u0131q idi \u2013 musiqinin insanlar\u0131 birl\u0259\u015fdir\u0259n, siyas\u0259td\u0259n k\u0259nar bir g\u00fcc oldu\u011funa inan\u0131ram&#8221;.<\/p>\n\n\n\n<p>Sonda vur\u011fulan\u0131b&nbsp;ki, Samira Efendi ist\u0259r yarad\u0131c\u0131l\u0131q f\u0259aliyy\u0259tind\u0259, ist\u0259r \u015f\u0259xsi m\u00f6vqeyind\u0259 Az\u0259rbaycan d\u0259y\u0259rl\u0259rin\u0259 sadiq qal\u0131r v\u0259 \u00f6lk\u0259nin humanizm y\u00f6n\u00fcml\u00fc s\u00fclh siyas\u0259tini d\u0259st\u0259kl\u0259m\u0259kd\u0259 davam edir.<\/p>\n","protected":false},"excerpt":{"rendered":"<p>Astanada ke\u00e7iril\u0259n beyn\u0259lxalq musiqi m\u00fcsabiq\u0259sinin final m\u0259rh\u0259l\u0259sind\u0259 m\u00fcnsif qismind\u0259 \u00e7\u0131x\u0131\u015f ed\u0259n Az\u0259rbaycan\u0131n tan\u0131nm\u0131\u015f s\u0259n\u0259t\u00e7isi Samira Efendinin Erm\u0259nistan n\u00fcmay\u0259nd\u0259si Saro Gevorkyana 12 bal verm\u0259si v\u0259 h\u0259min i\u015ftirak\u00e7\u0131n\u0131n Efendiy\u0259 yax\u0131nla\u015faraq onu qucaqlamas\u0131 sosial \u015f\u0259b\u0259k\u0259l\u0259rd\u0259 geni\u015f m\u00fczakir\u0259l\u0259r\u0259 s\u0259b\u0259b olub. M\u0259s\u0259l\u0259 il\u0259 ba\u011fl\u0131 Samira Efendi v\u0259 komandas\u0131n\u0131n\u00a0Bak\u0131vaxt\u0131na\u00a0a\u00e7\u0131qlamas\u0131nda bildirilib\u00a0ki, hadis\u0259 m\u00fcnsiflik etikas\u0131, s\u0259hn\u0259 m\u0259d\u0259niyy\u0259ti v\u0259 insani m\u00fcnasib\u0259tl\u0259r \u00e7\u0259r\u00e7iv\u0259sind\u0259 ba\u015f verib. &hellip;<\/p>\n","protected":false},"author":1,"featured_media":20743,"comment_status":"open","ping_status":"closed","sticky":false,"template":"","format":"standard","meta":{"footnotes":""},"categories":[1],"tags":[],"class_list":["post-20742","post","type-post","status-publish","format-standard","has-post-thumbnail","hentry","category-idman"],"_links":{"self":[{"href":"https:\/\/millitv.net\/index.php?rest_route=\/wp\/v2\/posts\/20742","targetHints":{"allow":["GET"]}}],"collection":[{"href":"https:\/\/millitv.net\/index.php?rest_route=\/wp\/v2\/posts"}],"about":[{"href":"https:\/\/millitv.net\/index.php?rest_route=\/wp\/v2\/types\/post"}],"author":[{"embeddable":true,"href":"https:\/\/millitv.net\/index.php?rest_route=\/wp\/v2\/users\/1"}],"replies":[{"embeddable":true,"href":"https:\/\/millitv.net\/index.php?rest_route=%2Fwp%2Fv2%2Fcomments&post=20742"}],"version-history":[{"count":1,"href":"https:\/\/millitv.net\/index.php?rest_route=\/wp\/v2\/posts\/20742\/revisions"}],"predecessor-version":[{"id":20744,"href":"https:\/\/millitv.net\/index.php?rest_route=\/wp\/v2\/posts\/20742\/revisions\/20744"}],"wp:featuredmedia":[{"embeddable":true,"href":"https:\/\/millitv.net\/index.php?rest_route=\/wp\/v2\/media\/20743"}],"wp:attachment":[{"href":"https:\/\/millitv.net\/index.php?rest_route=%2Fwp%2Fv2%2Fmedia&parent=20742"}],"wp:term":[{"taxonomy":"category","embeddable":true,"href":"https:\/\/millitv.net\/index.php?rest_route=%2Fwp%2Fv2%2Fcategories&post=20742"},{"taxonomy":"post_tag","embeddable":true,"href":"https:\/\/millitv.net\/index.php?rest_route=%2Fwp%2Fv2%2Ftags&post=20742"}],"curies":[{"name":"wp","href":"https:\/\/api.w.org\/{rel}","templated":true}]}}