{"id":20737,"date":"2025-11-20T14:33:36","date_gmt":"2025-11-20T14:33:36","guid":{"rendered":"https:\/\/millitv.net\/?p=20737"},"modified":"2025-11-20T14:33:37","modified_gmt":"2025-11-20T14:33:37","slug":"hacib%C9%99yli-mehdiyev%C9%99-sevgisini-bu-sozl%C9%99rl%C9%99-etiraf-etmisdi-video","status":"publish","type":"post","link":"https:\/\/millitv.net\/?p=20737","title":{"rendered":"Hac\u0131b\u0259yli Mehdiyev\u0259 sevgisini bu s\u00f6zl\u0259rl\u0259 etiraf etmi\u015fdi &#8211; Video"},"content":{"rendered":"\n<p><strong>Sosial \u015f\u0259b\u0259k\u0259l\u0259rd\u0259 sabiq mill\u0259t v\u0259kili, haz\u0131rda radikal m\u00fcxalif\u0259t olan Milli \u015euran\u0131n apar\u0131c\u0131 simalar\u0131ndan say\u0131lan G\u00fclt\u0259kin Hac\u0131b\u0259yli bar\u0259d\u0259 diqq\u0259t\u00e7\u0259k\u0259n video yay\u0131l\u0131b.<\/strong><\/p>\n\n\n\n<p>Musavat x\u0259b\u0259r verir ki, payla\u015f\u0131lan g\u00f6r\u00fcnt\u00fcl\u0259rd\u0259 G\u00fclt\u0259kin Hac\u0131b\u0259yli deputat oldu\u011fu d\u00f6vrd\u0259 Ramiz Mehdiyev haqq\u0131nda \u00fcr\u0259kd\u0259n g\u0259l\u0259n s\u0259mimi v\u0259 t\u0259rif dolu fikirl\u0259r s\u0259sl\u0259ndirir.<\/p>\n\n\n\n<p>Videoda o, b\u00fct\u00fcn varl\u0131\u011f\u0131 il\u0259 Ramiz Mehdiyevi y\u00fcks\u0259k d\u0259y\u0259rl\u0259ndirdiyini bildirir, onu \u201cs\u0259rraf adam\u201d, \u201cd\u00f6vl\u0259t\u0259 ba\u011fl\u0131 \u015f\u0259xs\u201d kimi t\u0259qdim edir. Deyir ki, Ramiz Mehdiyevin i\u00e7ind\u0259 bir h\u0259ssas \u00fcr\u0259k var. H\u0259tta o q\u0259d\u0259r ir\u0259li gedir ki, \u201cKim Ramiz Mehdiyevi t\u0259nqid edirs\u0259, ya v\u0259t\u0259n xainidir, ya da xaini olacaq\u201d, &#8211; dey\u0259 vur\u011fulay\u0131r.<\/p>\n\n\n\n<p>G\u00fclt\u0259kin Hac\u0131b\u0259yli \u00e7\u0131x\u0131\u015f\u0131nda deyir ki, Ramiz Mehdiyevin n\u00fcfuzu v\u0259 qorxusu olmasayd\u0131, \u00e7oxlar\u0131 daha pis v\u0259 xain add\u0131mlar atard\u0131.<\/p>\n\n\n\n<p>Maraql\u0131d\u0131r ki, haz\u0131rda \u00f6lk\u0259d\u0259n k\u0259narda oldu\u011fu, qa\u00e7d\u0131\u011f\u0131 bildiril\u0259n G\u00fclt\u0259kin Hac\u0131b\u0259yli son g\u00fcnl\u0259r tam \u0259ks m\u00f6vqe s\u0259rgil\u0259yir. O, Ramiz Mehdiyevl\u0259 he\u00e7 bir ba\u011fl\u0131l\u0131\u011f\u0131n\u0131n olmad\u0131\u011f\u0131n\u0131, \u0259ksin\u0259, onun \u00f6z\u00fcn\u0259 qar\u015f\u0131 daim d\u00fc\u015fm\u0259n\u00e7ilik etdiyini iddia edir v\u0259 bu \u015f\u0259xsl\u0259 \u201cm\u00fcbariz\u0259 apard\u0131\u011f\u0131n\u0131\u201d b\u0259yan edir. Ancaq yay\u0131lan kadrlarda tam f\u0259rqli m\u0259nz\u0259r\u0259 g\u00f6r\u00fcn\u00fcr: G\u00fclt\u0259kin Hac\u0131b\u0259ylinin dan\u0131\u015f\u0131q tonu, mimikalar\u0131 v\u0259 hissl\u0259ri onun Ramiz Mehdiyev\u0259 qar\u015f\u0131 o zamanlar hans\u0131 s\u0259viyy\u0259d\u0259 sevgi v\u0259 heyranl\u0131q b\u0259sl\u0259diyini a\u00e7\u0131q \u015f\u0259kild\u0259 g\u00f6st\u0259rir.<ins><\/ins><\/p>\n\n\n\n<p>Sosial \u015f\u0259b\u0259k\u0259d\u0259 g\u00fcnd\u0259m yaradan h\u0259min video-g\u00f6r\u00fcnt\u00fcl\u0259ri t\u0259qdim edirik:<\/p>\n\n\n\n<figure class=\"wp-block-video\"><video height=\"556\" style=\"aspect-ratio: 848 \/ 556;\" width=\"848\" controls src=\"https:\/\/millitv.net\/wp-content\/uploads\/2025\/11\/IMG_8244.mp4\"><\/video><\/figure>\n","protected":false},"excerpt":{"rendered":"<p>Sosial \u015f\u0259b\u0259k\u0259l\u0259rd\u0259 sabiq mill\u0259t v\u0259kili, haz\u0131rda radikal m\u00fcxalif\u0259t olan Milli \u015euran\u0131n apar\u0131c\u0131 simalar\u0131ndan say\u0131lan G\u00fclt\u0259kin Hac\u0131b\u0259yli bar\u0259d\u0259 diqq\u0259t\u00e7\u0259k\u0259n video yay\u0131l\u0131b. Musavat x\u0259b\u0259r verir ki, payla\u015f\u0131lan g\u00f6r\u00fcnt\u00fcl\u0259rd\u0259 G\u00fclt\u0259kin Hac\u0131b\u0259yli deputat oldu\u011fu d\u00f6vrd\u0259 Ramiz Mehdiyev haqq\u0131nda \u00fcr\u0259kd\u0259n g\u0259l\u0259n s\u0259mimi v\u0259 t\u0259rif dolu fikirl\u0259r s\u0259sl\u0259ndirir. Videoda o, b\u00fct\u00fcn varl\u0131\u011f\u0131 il\u0259 Ramiz Mehdiyevi y\u00fcks\u0259k d\u0259y\u0259rl\u0259ndirdiyini bildirir, onu \u201cs\u0259rraf adam\u201d, &hellip;<\/p>\n","protected":false},"author":1,"featured_media":20739,"comment_status":"open","ping_status":"closed","sticky":false,"template":"","format":"standard","meta":{"footnotes":""},"categories":[1],"tags":[],"class_list":["post-20737","post","type-post","status-publish","format-standard","has-post-thumbnail","hentry","category-idman"],"_links":{"self":[{"href":"https:\/\/millitv.net\/index.php?rest_route=\/wp\/v2\/posts\/20737","targetHints":{"allow":["GET"]}}],"collection":[{"href":"https:\/\/millitv.net\/index.php?rest_route=\/wp\/v2\/posts"}],"about":[{"href":"https:\/\/millitv.net\/index.php?rest_route=\/wp\/v2\/types\/post"}],"author":[{"embeddable":true,"href":"https:\/\/millitv.net\/index.php?rest_route=\/wp\/v2\/users\/1"}],"replies":[{"embeddable":true,"href":"https:\/\/millitv.net\/index.php?rest_route=%2Fwp%2Fv2%2Fcomments&post=20737"}],"version-history":[{"count":1,"href":"https:\/\/millitv.net\/index.php?rest_route=\/wp\/v2\/posts\/20737\/revisions"}],"predecessor-version":[{"id":20740,"href":"https:\/\/millitv.net\/index.php?rest_route=\/wp\/v2\/posts\/20737\/revisions\/20740"}],"wp:featuredmedia":[{"embeddable":true,"href":"https:\/\/millitv.net\/index.php?rest_route=\/wp\/v2\/media\/20739"}],"wp:attachment":[{"href":"https:\/\/millitv.net\/index.php?rest_route=%2Fwp%2Fv2%2Fmedia&parent=20737"}],"wp:term":[{"taxonomy":"category","embeddable":true,"href":"https:\/\/millitv.net\/index.php?rest_route=%2Fwp%2Fv2%2Fcategories&post=20737"},{"taxonomy":"post_tag","embeddable":true,"href":"https:\/\/millitv.net\/index.php?rest_route=%2Fwp%2Fv2%2Ftags&post=20737"}],"curies":[{"name":"wp","href":"https:\/\/api.w.org\/{rel}","templated":true}]}}