{"id":2072,"date":"2023-10-15T19:45:41","date_gmt":"2023-10-15T19:45:41","guid":{"rendered":"https:\/\/millinews.az\/xeber\/oxu-az-arayikin-xank%C9%99ndid%C9%99ki-is-otagindan-ekskluziv-goruntuler\/"},"modified":"2023-10-15T19:45:41","modified_gmt":"2023-10-15T19:45:41","slug":"oxu-az-arayikin-xank%C9%99ndid%C9%99ki-is-otagindan-ekskluziv-goruntuler","status":"publish","type":"post","link":"https:\/\/millitv.net\/?p=2072","title":{"rendered":"Millinews.az &#8211; Arayikin Xank\u0259ndid\u0259ki i\u015f ota\u011f\u0131ndan EKSKL\u00dcZ\u0130V G\u00d6R\u00dcNT\u00dcL\u018fR"},"content":{"rendered":"<p><img decoding=\"async\" src=\"https:\/\/cdn.oxu.az\/uploads\/W1siZiIsIjIwMjMvMTAvMTUvMjMvMTkvMzIvMDQ0YTk0OTQtNTA3OS00NWNjLWE0MGUtNTRhNmViMDlmYmU0L0VrcmFuIMWfyZlrbGkgMjAyMy0xMC0xNSAyMzE2MTkuanBnIl0sWyJwIiwiZW5jb2RlIiwianBnIiwiLXF1YWxpdHkgODAiXSxbInAiLCJ0aHVtYiIsIjYyMHg0NjVcdTAwM2UiXV0?sha=288f59afb894cdeb\" alt=\"\" title=\"\"><\/p>\n<div><a class=\"subs-in-social subs-whatsapp\" href=\"https:\/\/whatsapp.com\/channel\/0029VaAakbx89ingOoeiTp40\" target=\"_blank\" rel=\"noopener\"><\/p>\n<p>Bizim WhatsApp kanal\u0131m\u0131za buradan abun\u0259 ola bil\u0259rsiniz<\/p>\n<p><\/a><\/p>\n<p>Qaraba\u011fdak\u0131 qondarma rejimin \u201cliderl\u0259rind\u0259n\u201d olan, haz\u0131rda Az\u0259rbaycanda istintaq t\u0259cridxanas\u0131nda saxlan\u0131lan Arayik Arutyunyan\u0131n bir zamanlar Xank\u0259ndid\u0259 istifad\u0259 etdiyi i\u015f ota\u011f\u0131ndan g\u00f6r\u00fcnt\u00fcl\u0259r yay\u0131l\u0131b.<\/p>\n<p><strong>Oxu.Az<\/strong> x\u0259b\u0259r verir ki, g\u00f6r\u00fcnt\u00fcl\u0259rd\u0259 ota\u011f\u0131n darmada\u011f\u0131n oldu\u011fu, s\u0259liq\u0259sizliyi diqq\u0259t \u00e7\u0259kir.<\/p>\n<p>Videog\u00f6r\u00fcnt\u00fcn\u00fc \u00e7\u0259k\u0259n \u015f\u0259xs \u015f\u0259rh edir ki, Az\u0259rbaycan Ordusu \u0259sg\u0259rl\u0259rinin qorxusundan separat\u00e7\u0131lar\u0131n \u201cadministrasiya r\u0259hb\u0259rliyi\u201d dan\u0131\u015fd\u0131\u011f\u0131 telefonun d\u0259st\u0259yini d\u0259 \u00fcz\u0259rin\u0259 qoymay\u0131b, t\u0259l\u0259m-t\u0259l\u0259sik can\u0131n\u0131 g\u00f6t\u00fcr\u00fcb qa\u00e7\u0131b:<\/p>\n<p>\u201c2020-ci ilin 44 g\u00fcnl\u00fck V\u0259t\u0259n m\u00fcharib\u0259sind\u0259 Erm\u0259nistan\u0131n ba\u015f naziri Nikol Pa\u015finyan telefondan as\u0131l\u0131 qalm\u0131\u015fd\u0131 v\u0259 d\u00fcnya liderl\u0259rini davaml\u0131 z\u0259ngl\u0259rl\u0259 bezdirirdi. 2023-c\u00fc ilin 19-20 sentyabr lokal antiterror t\u0259dbirl\u0259ri m\u00fcdd\u0259tind\u0259 d\u0259 Xank\u0259ndid\u0259 oturan qondarma rejimin \u201cadministrasiya r\u0259smil\u0259ri\u201d eyni aqib\u0259ti ya\u015fay\u0131blar. G\u00f6r\u00fcn\u00fcr ki, qa\u00e7a-qa\u00e7 d\u00fc\u015fd\u00fcy\u00fcnd\u0259n telefonun d\u0259st\u0259yini d\u0259 \u00fcz\u0259rin\u0259 qoyma\u011f\u0131 yaddan \u00e7\u0131xar\u0131blar\u201d.<\/p>\n<p>\u00a0<\/p>\n<\/div>\n","protected":false},"excerpt":{"rendered":"<p>Bizim WhatsApp kanal\u0131m\u0131za buradan abun\u0259 ola bil\u0259rsiniz Qaraba\u011fdak\u0131 qondarma rejimin \u201cliderl\u0259rind\u0259n\u201d olan, haz\u0131rda Az\u0259rbaycanda istintaq t\u0259cridxanas\u0131nda saxlan\u0131lan Arayik Arutyunyan\u0131n bir zamanlar Xank\u0259ndid\u0259 istifad\u0259 etdiyi i\u015f ota\u011f\u0131ndan g\u00f6r\u00fcnt\u00fcl\u0259r yay\u0131l\u0131b. Oxu.Az x\u0259b\u0259r verir ki, g\u00f6r\u00fcnt\u00fcl\u0259rd\u0259 ota\u011f\u0131n darmada\u011f\u0131n oldu\u011fu, s\u0259liq\u0259sizliyi diqq\u0259t \u00e7\u0259kir. Videog\u00f6r\u00fcnt\u00fcn\u00fc \u00e7\u0259k\u0259n \u015f\u0259xs \u015f\u0259rh edir ki, Az\u0259rbaycan Ordusu \u0259sg\u0259rl\u0259rinin qorxusundan separat\u00e7\u0131lar\u0131n \u201cadministrasiya r\u0259hb\u0259rliyi\u201d dan\u0131\u015fd\u0131\u011f\u0131 telefonun d\u0259st\u0259yini &hellip;<\/p>\n","protected":false},"author":1,"featured_media":2073,"comment_status":"open","ping_status":"closed","sticky":false,"template":"","format":"standard","meta":{"footnotes":""},"categories":[9],"tags":[],"class_list":["post-2072","post","type-post","status-publish","format-standard","has-post-thumbnail","hentry","category-xeber"],"_links":{"self":[{"href":"https:\/\/millitv.net\/index.php?rest_route=\/wp\/v2\/posts\/2072","targetHints":{"allow":["GET"]}}],"collection":[{"href":"https:\/\/millitv.net\/index.php?rest_route=\/wp\/v2\/posts"}],"about":[{"href":"https:\/\/millitv.net\/index.php?rest_route=\/wp\/v2\/types\/post"}],"author":[{"embeddable":true,"href":"https:\/\/millitv.net\/index.php?rest_route=\/wp\/v2\/users\/1"}],"replies":[{"embeddable":true,"href":"https:\/\/millitv.net\/index.php?rest_route=%2Fwp%2Fv2%2Fcomments&post=2072"}],"version-history":[{"count":0,"href":"https:\/\/millitv.net\/index.php?rest_route=\/wp\/v2\/posts\/2072\/revisions"}],"wp:featuredmedia":[{"embeddable":true,"href":"https:\/\/millitv.net\/index.php?rest_route=\/wp\/v2\/media\/2073"}],"wp:attachment":[{"href":"https:\/\/millitv.net\/index.php?rest_route=%2Fwp%2Fv2%2Fmedia&parent=2072"}],"wp:term":[{"taxonomy":"category","embeddable":true,"href":"https:\/\/millitv.net\/index.php?rest_route=%2Fwp%2Fv2%2Fcategories&post=2072"},{"taxonomy":"post_tag","embeddable":true,"href":"https:\/\/millitv.net\/index.php?rest_route=%2Fwp%2Fv2%2Ftags&post=2072"}],"curies":[{"name":"wp","href":"https:\/\/api.w.org\/{rel}","templated":true}]}}