{"id":20645,"date":"2025-11-13T13:34:31","date_gmt":"2025-11-13T13:34:31","guid":{"rendered":"https:\/\/millitv.net\/?p=20645"},"modified":"2025-11-13T13:34:32","modified_gmt":"2025-11-13T13:34:32","slug":"az%C9%99rbaycanda-%C9%99hali-sur%C9%99tl%C9%99-qocalir-usaqlar-artmir","status":"publish","type":"post","link":"https:\/\/millitv.net\/?p=20645","title":{"rendered":"Az\u0259rbaycanda \u0259hali s\u00fcr\u0259tl\u0259 qocal\u0131r, u\u015faqlar artm\u0131r"},"content":{"rendered":"\n<p>Az\u0259rbaycan\u0131n \u0259hali strukturu son 10 ild\u0259 n\u0259z\u0259r\u0259\u00e7arpacaq d\u0259r\u0259c\u0259d\u0259 d\u0259yi\u015fib.<\/p>\n\n\n\n<p>Hesablama Palatas\u0131n\u0131n t\u0259qdim etdiyi yeni r\u0259q\u0259ml\u0259r \u00f6lk\u0259d\u0259 ya\u015flanma prosesinin s\u00fcr\u0259tl\u0259ndiyini g\u00f6st\u0259rir.<\/p>\n\n\n\n<p>M\u0259lumata g\u00f6r\u0259, \u0259m\u0259k qabiliyy\u0259tli ya\u015fda olan (20\u201364 ya\u015f) h\u0259r 100 n\u0259f\u0259r\u0259 d\u00fc\u015f\u0259n ya\u015fl\u0131lar\u0131n (65+) say\u0131 davaml\u0131 olaraq y\u00fcks\u0259lir:<\/p>\n\n\n\n<p><em>2021-ci il &#8211; 12,7 n\u0259f\u0259r<\/em><\/p>\n\n\n\n<p><em>2022-ci il &#8211; 13,6 n\u0259f\u0259r<\/em><\/p>\n\n\n\n<p><em>2023-c\u00fc il &#8211; 14,7 n\u0259f\u0259r<\/em><\/p>\n\n\n\n<p><em>2024-c\u00fc il &#8211; 16 n\u0259f\u0259r<\/em><\/p>\n\n\n\n<p>Bu, o dem\u0259kdir ki, Az\u0259rbaycan\u0131n \u0259halisind\u0259 ya\u015fl\u0131lar\u0131n y\u00fck\u00fc art\u0131r v\u0259 pensiya sistemin\u0259 d\u00fc\u015f\u0259n t\u0259zyiq daha da g\u00fccl\u0259nir.<\/p>\n\n\n\n<p>M\u00fcqayis\u0259 \u00fc\u00e7\u00fcn 2025-ci ild\u0259 bu g\u00f6st\u0259rici T\u00fcrkiy\u0259d\u0259 17,3, Pol\u015fada 36,4, \u00c7exiyada 37,1, Estoniyada 39,2 n\u0259f\u0259r olacaq.&nbsp; Az\u0259rbaycan Avropa \u00f6lk\u0259l\u0259rin\u0259 nisb\u0259t\u0259n h\u0259l\u0259 d\u0259 g\u0259nc \u00f6lk\u0259 say\u0131lsa da, art\u0131m tempi onlardan geri qalm\u0131r v\u0259 tendensiya \u00e7ox s\u00fcr\u0259tlidir.<\/p>\n\n\n\n<p>Hesabat g\u00f6st\u0259rir ki, son 10 ild\u0259 \u00fcmumi \u0259hali 6,8% art\u0131b, amma eyni d\u00f6vrd\u0259&nbsp;0\u201319 ya\u015f aral\u0131\u011f\u0131ndak\u0131 insanlar\u0131n say\u0131 artmay\u0131b, \u0259ksin\u0259 pay\u0131 30%-d\u0259n 28,2%-\u0259 d\u00fc\u015f\u00fcb.&nbsp;65+ ya\u015fl\u0131lar\u0131n say\u0131 is\u0259 tam 77,4% art\u0131b.<\/p>\n\n\n\n<p>Bu d\u0259yi\u015fiklikl\u0259r a\u00e7\u0131q \u015f\u0259kild\u0259 \u00f6lk\u0259d\u0259 u\u015faq do\u011fumunun azalmas\u0131n\u0131, g\u0259nc ail\u0259l\u0259rin say\u0131n\u0131n azalmas\u0131n\u0131 g\u00f6st\u0259rir.<\/p>\n\n\n\n<p>Statistika da bunu t\u0259sdiql\u0259yir. Yeni do\u011fulan u\u015faqlar\u0131n say\u0131 38,5% azal\u0131b, nikahlar\u0131n say\u0131 27,1% azal\u0131b, bo\u015fanmalar is\u0259 68,9% art\u0131b.<\/p>\n\n\n\n<p>Ya\u015fl\u0131 \u0259hali qrupu geni\u015fl\u0259ndikc\u0259 pensiya sistemi \u00fcz\u0259rind\u0259ki y\u00fck d\u0259 art\u0131r. R\u0259smi m\u0259lumatlara g\u00f6r\u0259, 2024 v\u0259 2025-ci ill\u0259rin m\u00fcxt\u0259lif d\u00f6vrl\u0259rind\u0259 pensiya\u00e7\u0131lar\u0131n t\u0259xmin\u0259n 70 faizi 65 ya\u015fdan yuxar\u0131 \u015f\u0259xsl\u0259rd\u0259n ibar\u0259t olub. Bu is\u0259 n\u00f6vb\u0259ti ill\u0259rd\u0259 pensiya x\u0259rcl\u0259rinin artaca\u011f\u0131n\u0131 v\u0259 d\u00f6vl\u0259t b\u00fcdc\u0259sin\u0259 \u0259lav\u0259 t\u0259zyiq g\u00f6st\u0259r\u0259c\u0259yini dem\u0259y\u0259 \u0259sas verir.<\/p>\n\n\n\n<p>Demoqrafik strukturda ya\u015flanma prosesinin s\u00fcr\u0259tl\u0259nm\u0259si uzunm\u00fcdd\u0259tli d\u00f6vrd\u0259 \u0259m\u0259k bazar\u0131na, sosial t\u0259minat sistemin\u0259 v\u0259 pensiya siyas\u0259tin\u0259 yenid\u0259n bax\u0131lmas\u0131n\u0131 t\u0259l\u0259b ed\u0259 bil\u0259r.\/\/Modern.az<\/p>\n","protected":false},"excerpt":{"rendered":"<p>Az\u0259rbaycan\u0131n \u0259hali strukturu son 10 ild\u0259 n\u0259z\u0259r\u0259\u00e7arpacaq d\u0259r\u0259c\u0259d\u0259 d\u0259yi\u015fib. Hesablama Palatas\u0131n\u0131n t\u0259qdim etdiyi yeni r\u0259q\u0259ml\u0259r \u00f6lk\u0259d\u0259 ya\u015flanma prosesinin s\u00fcr\u0259tl\u0259ndiyini g\u00f6st\u0259rir. M\u0259lumata g\u00f6r\u0259, \u0259m\u0259k qabiliyy\u0259tli ya\u015fda olan (20\u201364 ya\u015f) h\u0259r 100 n\u0259f\u0259r\u0259 d\u00fc\u015f\u0259n ya\u015fl\u0131lar\u0131n (65+) say\u0131 davaml\u0131 olaraq y\u00fcks\u0259lir: 2021-ci il &#8211; 12,7 n\u0259f\u0259r 2022-ci il &#8211; 13,6 n\u0259f\u0259r 2023-c\u00fc il &#8211; 14,7 n\u0259f\u0259r 2024-c\u00fc il &hellip;<\/p>\n","protected":false},"author":1,"featured_media":20646,"comment_status":"open","ping_status":"closed","sticky":false,"template":"","format":"standard","meta":{"footnotes":""},"categories":[1],"tags":[],"class_list":["post-20645","post","type-post","status-publish","format-standard","has-post-thumbnail","hentry","category-idman"],"_links":{"self":[{"href":"https:\/\/millitv.net\/index.php?rest_route=\/wp\/v2\/posts\/20645","targetHints":{"allow":["GET"]}}],"collection":[{"href":"https:\/\/millitv.net\/index.php?rest_route=\/wp\/v2\/posts"}],"about":[{"href":"https:\/\/millitv.net\/index.php?rest_route=\/wp\/v2\/types\/post"}],"author":[{"embeddable":true,"href":"https:\/\/millitv.net\/index.php?rest_route=\/wp\/v2\/users\/1"}],"replies":[{"embeddable":true,"href":"https:\/\/millitv.net\/index.php?rest_route=%2Fwp%2Fv2%2Fcomments&post=20645"}],"version-history":[{"count":1,"href":"https:\/\/millitv.net\/index.php?rest_route=\/wp\/v2\/posts\/20645\/revisions"}],"predecessor-version":[{"id":20647,"href":"https:\/\/millitv.net\/index.php?rest_route=\/wp\/v2\/posts\/20645\/revisions\/20647"}],"wp:featuredmedia":[{"embeddable":true,"href":"https:\/\/millitv.net\/index.php?rest_route=\/wp\/v2\/media\/20646"}],"wp:attachment":[{"href":"https:\/\/millitv.net\/index.php?rest_route=%2Fwp%2Fv2%2Fmedia&parent=20645"}],"wp:term":[{"taxonomy":"category","embeddable":true,"href":"https:\/\/millitv.net\/index.php?rest_route=%2Fwp%2Fv2%2Fcategories&post=20645"},{"taxonomy":"post_tag","embeddable":true,"href":"https:\/\/millitv.net\/index.php?rest_route=%2Fwp%2Fv2%2Ftags&post=20645"}],"curies":[{"name":"wp","href":"https:\/\/api.w.org\/{rel}","templated":true}]}}