{"id":20630,"date":"2025-11-13T11:06:13","date_gmt":"2025-11-13T11:06:13","guid":{"rendered":"https:\/\/millitv.net\/?p=20630"},"modified":"2025-11-13T11:06:14","modified_gmt":"2025-11-13T11:06:14","slug":"daha-bir-q%C9%99za-versiyasi-bu-olk%C9%99-turkiy%C9%99y%C9%99-istifad%C9%99y%C9%99-yararsiz-t%C9%99yyar%C9%99-satib","status":"publish","type":"post","link":"https:\/\/millitv.net\/?p=20630","title":{"rendered":"Daha bir q\u0259za versiyas\u0131 &#8211; Bu \u00f6lk\u0259 T\u00fcrkiy\u0259y\u0259 istifad\u0259y\u0259 yarars\u0131z t\u0259yyar\u0259 sat\u0131b?"},"content":{"rendered":"\n<p><strong>T\u00fcrkiy\u0259 Silahl\u0131 Q\u00fcvv\u0259l\u0259rinin G\u00fcrc\u00fcstanda q\u0259zaya u\u011frayan h\u0259rbi y\u00fck t\u0259yyar\u0259si C-130 istifad\u0259y\u0259 tam yararl\u0131 olub.<\/strong><\/p>\n\n\n\n<p>Bu bar\u0259d\u0259 T\u00fcrkiy\u0259 M\u00fcdafi\u0259 Nazirliyinin s\u00f6z\u00e7\u00fcs\u00fc Z\u0259ki Akt\u00fcrk bildirib.<\/p>\n\n\n\n<p>S\u00f6z\u00e7\u00fc vaxtil\u0259 S\u0259udiyy\u0259 \u018fr\u0259bistan\u0131ndan al\u0131nm\u0131\u015f t\u0259yyar\u0259nin istifad\u0259y\u0259 yarars\u0131z olmas\u0131 il\u0259 ba\u011fl\u0131 median\u0131n iddias\u0131na bel\u0259 cavab verib:<\/p>\n\n\n\n<p>\u201cS\u00f6z\u00fcged\u0259n t\u0259yyar\u0259 21 yanvar 2012-ci ild\u0259 S\u0259udiyy\u0259 \u018fr\u0259bistan\u0131ndan al\u0131n\u0131b, bax\u0131\u015f v\u0259 texniki xidm\u0259tl\u0259rind\u0259n sonra 2014-c\u00fc ild\u0259 inventara daxil edilib. T\u0259yyar\u0259 modernizasiya olunaraq 2022-ci ild\u0259n istifad\u0259y\u0259 verilib.<ins><\/ins><\/p>\n\n\n\n<p>O vaxtdan bu g\u00fcn\u0259 q\u0259d\u0259r t\u0259yyar\u0259 m\u00fcnt\u0259z\u0259m texniki bax\u0131\u015flarla xidm\u0259t\u0259 davam edib. Amma iddia edildiyi kimi, t\u0259yyar\u0259 istifad\u0259\u00e7i \u00f6lk\u0259 t\u0259r\u0259find\u0259n istifad\u0259d\u0259n \u00e7\u0131xar\u0131lmay\u0131b, sad\u0259c\u0259 ehtiyacdan art\u0131q olan bir t\u0259yyar\u0259 idi. C-130 t\u0259yyar\u0259l\u0259ri h\u0259l\u0259 d\u0259 S\u0259udiyy\u0259 \u018fr\u0259bistan\u0131 t\u0259r\u0259find\u0259n istifad\u0259 olunur\u201d.<\/p>\n\n\n\n<p>Z\u0259ki Akt\u00fcrk t\u0259yyar\u0259nin qara qutusunun ara\u015fd\u0131r\u0131lmaq \u00fc\u00e7\u00fcn d\u00fcn\u0259n T\u00fcrkiy\u0259y\u0259 g\u0259tirildiyini xat\u0131rlad\u0131b: \u201cQ\u0259zaya u\u011frayan t\u0259yyar\u0259miz\u0259 aid qara qutu ara\u015fd\u0131r\u0131lma m\u0259qs\u0259dil\u0259 \u00f6lk\u0259miz\u0259 g\u0259tirilib. Art\u0131q Ankarada ara\u015fd\u0131r\u0131lma\u011fa ba\u015flan\u0131l\u0131b\u201d.<\/p>\n\n\n\n<p>Qeyd ed\u0259k ki, noyabr\u0131n 11-d\u0259 T\u00fcrkiy\u0259y\u0259 m\u0259xsus h\u0259rbi t\u0259yyar\u0259 G\u00fcrc\u00fcstan\u0131n Az\u0259rbaycanla d\u00f6vl\u0259t s\u0259rh\u0259dind\u0259n t\u0259xmin\u0259n 5 kilometr aral\u0131da q\u0259zaya u\u011fray\u0131b. T\u0259yyar\u0259 Az\u0259rbaycandan T\u00fcrkiy\u0259y\u0259 u\u00e7urdu.<\/p>\n\n\n\n<p>T\u00fcrkiy\u0259 M\u00fcdafi\u0259 Nazirliyi q\u0259zaya u\u011frayan t\u0259yyar\u0259nin g\u00f6y\u0259rt\u0259sind\u0259 20 h\u0259rb\u00e7inin oldu\u011funu a\u00e7\u0131qlay\u0131b. Hadis\u0259nin ba\u015f verm\u0259 s\u0259b\u0259bl\u0259ri ara\u015fd\u0131r\u0131l\u0131r.\/\/Teleqraf.az<\/p>\n","protected":false},"excerpt":{"rendered":"<p>T\u00fcrkiy\u0259 Silahl\u0131 Q\u00fcvv\u0259l\u0259rinin G\u00fcrc\u00fcstanda q\u0259zaya u\u011frayan h\u0259rbi y\u00fck t\u0259yyar\u0259si C-130 istifad\u0259y\u0259 tam yararl\u0131 olub. Bu bar\u0259d\u0259 T\u00fcrkiy\u0259 M\u00fcdafi\u0259 Nazirliyinin s\u00f6z\u00e7\u00fcs\u00fc Z\u0259ki Akt\u00fcrk bildirib. S\u00f6z\u00e7\u00fc vaxtil\u0259 S\u0259udiyy\u0259 \u018fr\u0259bistan\u0131ndan al\u0131nm\u0131\u015f t\u0259yyar\u0259nin istifad\u0259y\u0259 yarars\u0131z olmas\u0131 il\u0259 ba\u011fl\u0131 median\u0131n iddias\u0131na bel\u0259 cavab verib: \u201cS\u00f6z\u00fcged\u0259n t\u0259yyar\u0259 21 yanvar 2012-ci ild\u0259 S\u0259udiyy\u0259 \u018fr\u0259bistan\u0131ndan al\u0131n\u0131b, bax\u0131\u015f v\u0259 texniki xidm\u0259tl\u0259rind\u0259n sonra 2014-c\u00fc ild\u0259 &hellip;<\/p>\n","protected":false},"author":1,"featured_media":20631,"comment_status":"open","ping_status":"closed","sticky":false,"template":"","format":"standard","meta":{"footnotes":""},"categories":[1],"tags":[],"class_list":["post-20630","post","type-post","status-publish","format-standard","has-post-thumbnail","hentry","category-idman"],"_links":{"self":[{"href":"https:\/\/millitv.net\/index.php?rest_route=\/wp\/v2\/posts\/20630","targetHints":{"allow":["GET"]}}],"collection":[{"href":"https:\/\/millitv.net\/index.php?rest_route=\/wp\/v2\/posts"}],"about":[{"href":"https:\/\/millitv.net\/index.php?rest_route=\/wp\/v2\/types\/post"}],"author":[{"embeddable":true,"href":"https:\/\/millitv.net\/index.php?rest_route=\/wp\/v2\/users\/1"}],"replies":[{"embeddable":true,"href":"https:\/\/millitv.net\/index.php?rest_route=%2Fwp%2Fv2%2Fcomments&post=20630"}],"version-history":[{"count":1,"href":"https:\/\/millitv.net\/index.php?rest_route=\/wp\/v2\/posts\/20630\/revisions"}],"predecessor-version":[{"id":20632,"href":"https:\/\/millitv.net\/index.php?rest_route=\/wp\/v2\/posts\/20630\/revisions\/20632"}],"wp:featuredmedia":[{"embeddable":true,"href":"https:\/\/millitv.net\/index.php?rest_route=\/wp\/v2\/media\/20631"}],"wp:attachment":[{"href":"https:\/\/millitv.net\/index.php?rest_route=%2Fwp%2Fv2%2Fmedia&parent=20630"}],"wp:term":[{"taxonomy":"category","embeddable":true,"href":"https:\/\/millitv.net\/index.php?rest_route=%2Fwp%2Fv2%2Fcategories&post=20630"},{"taxonomy":"post_tag","embeddable":true,"href":"https:\/\/millitv.net\/index.php?rest_route=%2Fwp%2Fv2%2Ftags&post=20630"}],"curies":[{"name":"wp","href":"https:\/\/api.w.org\/{rel}","templated":true}]}}