{"id":20603,"date":"2025-11-12T10:51:30","date_gmt":"2025-11-12T10:51:30","guid":{"rendered":"https:\/\/millitv.net\/?p=20603"},"modified":"2025-11-12T10:51:31","modified_gmt":"2025-11-12T10:51:31","slug":"q%C9%99zada-s%C9%99hid-olan-mayor-4-ay-sonra-ata-olacaqmis-foto","status":"publish","type":"post","link":"https:\/\/millitv.net\/?p=20603","title":{"rendered":"Q\u0259zada \u015f\u0259hid olan mayor 4 ay sonra ata olacaqm\u0131\u015f&#8230; &#8211; FOTO"},"content":{"rendered":"\n<p><strong>G\u00fcrc\u00fcstan s\u0259rh\u0259dind\u0259 q\u0259zaya u\u011frayan T\u00fcrkiy\u0259 h\u0259rbi y\u00fck t\u0259yyar\u0259sind\u0259 \u015f\u0259hid olan pilot, mayor Serdar Uslu haqq\u0131nda \u00fcr\u0259ka\u011fr\u0131dan m\u0259lumat yay\u0131l\u0131b.<\/strong><\/p>\n\n\n\n<p>Milli.Az T\u00fcrkiy\u0259 medias\u0131na istinadla x\u0259b\u0259r verir ki, Serdar Uslu 4 ay sonra ata olacaqm\u0131\u015f. Onun h\u0259yat yolda\u015f\u0131 G\u00f6knur Uslu hamil\u0259 idi. Faci\u0259 x\u0259b\u0259ri Bursan\u0131n Yeni\u015fehir rayonundak\u0131 ail\u0259sin\u0259 \u00e7atd\u0131r\u0131l\u0131b, evin\u0259 T\u00fcrkiy\u0259 bayra\u011f\u0131 as\u0131l\u0131b v\u0259 h\u0259kim briqadas\u0131 hadis\u0259 yerind\u0259 haz\u0131r g\u00f6zl\u0259yib.<\/p>\n\n\n\n<p>Qeyd ed\u0259k ki,&nbsp;G\u00fcrc\u00fcstan \u0259razisind\u0259 q\u0259zaya u\u011frayan T\u00fcrkiy\u0259 H\u0259rbi Hava Q\u00fcvv\u0259l\u0259rin\u0259 m\u0259xsus &#8220;C130&#8221; tipli h\u0259rbi n\u0259qliyyat t\u0259yyar\u0259sind\u0259 olan ekipaj\u0131n b\u00fct\u00fcn \u00fczvl\u0259ri h\u0259lak olub.&nbsp;<\/p>\n","protected":false},"excerpt":{"rendered":"<p>G\u00fcrc\u00fcstan s\u0259rh\u0259dind\u0259 q\u0259zaya u\u011frayan T\u00fcrkiy\u0259 h\u0259rbi y\u00fck t\u0259yyar\u0259sind\u0259 \u015f\u0259hid olan pilot, mayor Serdar Uslu haqq\u0131nda \u00fcr\u0259ka\u011fr\u0131dan m\u0259lumat yay\u0131l\u0131b. Milli.Az T\u00fcrkiy\u0259 medias\u0131na istinadla x\u0259b\u0259r verir ki, Serdar Uslu 4 ay sonra ata olacaqm\u0131\u015f. Onun h\u0259yat yolda\u015f\u0131 G\u00f6knur Uslu hamil\u0259 idi. Faci\u0259 x\u0259b\u0259ri Bursan\u0131n Yeni\u015fehir rayonundak\u0131 ail\u0259sin\u0259 \u00e7atd\u0131r\u0131l\u0131b, evin\u0259 T\u00fcrkiy\u0259 bayra\u011f\u0131 as\u0131l\u0131b v\u0259 h\u0259kim briqadas\u0131 hadis\u0259 yerind\u0259 &hellip;<\/p>\n","protected":false},"author":1,"featured_media":20604,"comment_status":"open","ping_status":"closed","sticky":false,"template":"","format":"standard","meta":{"footnotes":""},"categories":[1],"tags":[],"class_list":["post-20603","post","type-post","status-publish","format-standard","has-post-thumbnail","hentry","category-idman"],"_links":{"self":[{"href":"https:\/\/millitv.net\/index.php?rest_route=\/wp\/v2\/posts\/20603","targetHints":{"allow":["GET"]}}],"collection":[{"href":"https:\/\/millitv.net\/index.php?rest_route=\/wp\/v2\/posts"}],"about":[{"href":"https:\/\/millitv.net\/index.php?rest_route=\/wp\/v2\/types\/post"}],"author":[{"embeddable":true,"href":"https:\/\/millitv.net\/index.php?rest_route=\/wp\/v2\/users\/1"}],"replies":[{"embeddable":true,"href":"https:\/\/millitv.net\/index.php?rest_route=%2Fwp%2Fv2%2Fcomments&post=20603"}],"version-history":[{"count":1,"href":"https:\/\/millitv.net\/index.php?rest_route=\/wp\/v2\/posts\/20603\/revisions"}],"predecessor-version":[{"id":20605,"href":"https:\/\/millitv.net\/index.php?rest_route=\/wp\/v2\/posts\/20603\/revisions\/20605"}],"wp:featuredmedia":[{"embeddable":true,"href":"https:\/\/millitv.net\/index.php?rest_route=\/wp\/v2\/media\/20604"}],"wp:attachment":[{"href":"https:\/\/millitv.net\/index.php?rest_route=%2Fwp%2Fv2%2Fmedia&parent=20603"}],"wp:term":[{"taxonomy":"category","embeddable":true,"href":"https:\/\/millitv.net\/index.php?rest_route=%2Fwp%2Fv2%2Fcategories&post=20603"},{"taxonomy":"post_tag","embeddable":true,"href":"https:\/\/millitv.net\/index.php?rest_route=%2Fwp%2Fv2%2Ftags&post=20603"}],"curies":[{"name":"wp","href":"https:\/\/api.w.org\/{rel}","templated":true}]}}