{"id":20587,"date":"2025-11-12T06:09:29","date_gmt":"2025-11-12T06:09:29","guid":{"rendered":"https:\/\/millitv.net\/?p=20587"},"modified":"2025-11-12T06:09:30","modified_gmt":"2025-11-12T06:09:30","slug":"h%C9%99min-t%C9%99yyar%C9%99d%C9%99-20-h%C9%99rbci-var-imis-video","status":"publish","type":"post","link":"https:\/\/millitv.net\/?p=20587","title":{"rendered":"H\u0259min t\u0259yyar\u0259d\u0259 20 h\u0259rb\u00e7i var imi\u015f\u00a0&#8211; Video"},"content":{"rendered":"\n<p><strong>G\u00fcrc\u00fcstan- Az\u0259rbaycan s\u0259rh\u0259dind\u0259 h\u0259rbi t\u0259yyar\u0259 q\u0259zaya u\u011fray\u0131b.<\/strong><\/p>\n\n\n\n<p>\u201cQafqazifno\u201d x\u0259b\u0259r verir ki, bu haqda \u201c\u0130medi TV\u201d m\u0259lumat yay\u0131b.<\/p>\n\n\n\n<p>Kanal q\u0259zan\u0131n videosunu yay\u0131b, lakin h\u0259r hans\u0131 t\u0259f\u0259rr\u00fcat\u0131 ay\u0131rd etm\u0259k dem\u0259k olar ki, m\u00fcmk\u00fcn deyil.<\/p>\n\n\n\n<p>G\u00fcrc\u00fcstan r\u0259smil\u0259rind\u0259n h\u0259l\u0259lik he\u00e7 bir a\u00e7\u0131qlama verilm\u0259yib.<\/p>\n\n\n\n<p>T\u0259yyar\u0259nin T\u00fcrkiy\u0259y\u0259 m\u0259xsus oldu\u011fu ehtimal edilir.<\/p>\n\n\n\n<p>***<\/p>\n\n\n\n<p><strong>T\u00fcrkiy\u0259 Milli M\u00fcdafi\u0259 Nazirliyinin m\u0259lumat\u0131na g\u00f6r\u0259, Az\u0259rbaycandan qalxan T\u00fcrkiy\u0259nin C-130 h\u0259rbi y\u00fck t\u0259yyar\u0259si G\u00fcrc\u00fcstanda q\u0259zaya u\u011fray\u0131b.<\/strong><\/p>\n\n\n\n<p>Bildirilib ki, axtar\u0131\u015f-xilasetm\u0259 i\u015fl\u0259rin\u0259 G\u00fcrc\u00fcstan r\u0259smil\u0259ri il\u0259 koordinasiyal\u0131 \u015f\u0259kild\u0259 ba\u015flan\u0131l\u0131b.<\/p>\n\n\n\n<p>***<\/p>\n\n\n\n<p>T\u00fcrkiy\u0259 M\u00fcdafi\u0259 Nazirliyinin m\u0259lumat\u0131na g\u00f6r\u0259, G\u00fcrc\u00fcstanda q\u0259zaya u\u011frayan T\u00fcrkiy\u0259 Silahl\u0131 Q\u00fcvv\u0259l\u0259rin\u0259 m\u0259xsus C-130 t\u0259yyar\u0259sinin g\u00f6y\u0259rt\u0259sind\u0259 20 h\u0259rb\u00e7i olub.<\/p>\n\n\n\n<figure class=\"wp-block-embed is-type-rich is-provider-g-mme-tutucu wp-block-embed-g-mme-tutucu\"><div class=\"wp-block-embed__wrapper\">\nhttps:\/\/youtube.com\/watch?v=aMH2M9ClHBw%3Fsi%3DJCrx0h-uOOUZLNJ5\n<\/div><\/figure>\n\n\n\n<p><a href=\"https:\/\/qafqazinfo.bax.tv\/embed\/215702.html?utm_source=playerden&amp;utm_medium=paylasim&amp;utm_campaign=hadise-ve-olaylar\" target=\"_blank\" rel=\"noopener\">https:\/\/qafqazinfo.bax.tv\/embed\/215702.html?=<\/a><\/p>\n","protected":false},"excerpt":{"rendered":"<p>G\u00fcrc\u00fcstan- Az\u0259rbaycan s\u0259rh\u0259dind\u0259 h\u0259rbi t\u0259yyar\u0259 q\u0259zaya u\u011fray\u0131b. \u201cQafqazifno\u201d x\u0259b\u0259r verir ki, bu haqda \u201c\u0130medi TV\u201d m\u0259lumat yay\u0131b. Kanal q\u0259zan\u0131n videosunu yay\u0131b, lakin h\u0259r hans\u0131 t\u0259f\u0259rr\u00fcat\u0131 ay\u0131rd etm\u0259k dem\u0259k olar ki, m\u00fcmk\u00fcn deyil. G\u00fcrc\u00fcstan r\u0259smil\u0259rind\u0259n h\u0259l\u0259lik he\u00e7 bir a\u00e7\u0131qlama verilm\u0259yib. T\u0259yyar\u0259nin T\u00fcrkiy\u0259y\u0259 m\u0259xsus oldu\u011fu ehtimal edilir. *** T\u00fcrkiy\u0259 Milli M\u00fcdafi\u0259 Nazirliyinin m\u0259lumat\u0131na g\u00f6r\u0259, Az\u0259rbaycandan qalxan T\u00fcrkiy\u0259nin &hellip;<\/p>\n","protected":false},"author":1,"featured_media":20588,"comment_status":"open","ping_status":"closed","sticky":false,"template":"","format":"standard","meta":{"footnotes":""},"categories":[1],"tags":[],"class_list":["post-20587","post","type-post","status-publish","format-standard","has-post-thumbnail","hentry","category-idman"],"_links":{"self":[{"href":"https:\/\/millitv.net\/index.php?rest_route=\/wp\/v2\/posts\/20587","targetHints":{"allow":["GET"]}}],"collection":[{"href":"https:\/\/millitv.net\/index.php?rest_route=\/wp\/v2\/posts"}],"about":[{"href":"https:\/\/millitv.net\/index.php?rest_route=\/wp\/v2\/types\/post"}],"author":[{"embeddable":true,"href":"https:\/\/millitv.net\/index.php?rest_route=\/wp\/v2\/users\/1"}],"replies":[{"embeddable":true,"href":"https:\/\/millitv.net\/index.php?rest_route=%2Fwp%2Fv2%2Fcomments&post=20587"}],"version-history":[{"count":1,"href":"https:\/\/millitv.net\/index.php?rest_route=\/wp\/v2\/posts\/20587\/revisions"}],"predecessor-version":[{"id":20590,"href":"https:\/\/millitv.net\/index.php?rest_route=\/wp\/v2\/posts\/20587\/revisions\/20590"}],"wp:featuredmedia":[{"embeddable":true,"href":"https:\/\/millitv.net\/index.php?rest_route=\/wp\/v2\/media\/20588"}],"wp:attachment":[{"href":"https:\/\/millitv.net\/index.php?rest_route=%2Fwp%2Fv2%2Fmedia&parent=20587"}],"wp:term":[{"taxonomy":"category","embeddable":true,"href":"https:\/\/millitv.net\/index.php?rest_route=%2Fwp%2Fv2%2Fcategories&post=20587"},{"taxonomy":"post_tag","embeddable":true,"href":"https:\/\/millitv.net\/index.php?rest_route=%2Fwp%2Fv2%2Ftags&post=20587"}],"curies":[{"name":"wp","href":"https:\/\/api.w.org\/{rel}","templated":true}]}}