{"id":2057,"date":"2023-10-15T18:55:05","date_gmt":"2023-10-15T18:55:05","guid":{"rendered":"https:\/\/millinews.az\/xeber\/oxu-az-az%C9%99rbaycan-qurumlarinin-ictimaiyy%C9%99tl%C9%99-%C9%99laq%C9%99l%C9%99r-uzr%C9%99-%C9%99m%C9%99kdaslarinin-turkiy%C9%99y%C9%99-s%C9%99f%C9%99ri-basa-catib\/"},"modified":"2023-10-15T18:55:05","modified_gmt":"2023-10-15T18:55:05","slug":"oxu-az-az%C9%99rbaycan-qurumlarinin-ictimaiyy%C9%99tl%C9%99-%C9%99laq%C9%99l%C9%99r-uzr%C9%99-%C9%99m%C9%99kdaslarinin-turkiy%C9%99y%C9%99-s%C9%99f%C9%99ri-basa-catib","status":"publish","type":"post","link":"https:\/\/millitv.net\/?p=2057","title":{"rendered":"Millinews.az &#8211; Az\u0259rbaycan qurumlar\u0131n\u0131n ictimaiyy\u0259tl\u0259 \u0259laq\u0259l\u0259r \u00fczr\u0259 \u0259m\u0259kda\u015flar\u0131n\u0131n T\u00fcrkiy\u0259y\u0259 s\u0259f\u0259ri ba\u015fa \u00e7at\u0131b"},"content":{"rendered":"<div><a class=\"subs-in-social subs-whatsapp\" href=\"https:\/\/whatsapp.com\/channel\/0029VaAakbx89ingOoeiTp40\" target=\"_blank\" rel=\"noopener\"><\/p>\n<p>Bizim WhatsApp kanal\u0131m\u0131za buradan abun\u0259 ola bil\u0259rsiniz<\/p>\n<p><\/a><\/p>\n<p>Az\u0259rbaycanda d\u00f6vl\u0259t kommunikasiyas\u0131n\u0131n t\u0259kmill\u0259\u015fdirilm\u0259si v\u0259 bu sah\u0259d\u0259 t\u0259cr\u00fcb\u0259 m\u00fcbadil\u0259si m\u0259qs\u0259dil\u0259 30 d\u00f6vl\u0259t qurumunun ictimaiyy\u0259tl\u0259 \u0259laq\u0259l\u0259r sah\u0259sin\u0259 m\u0259sul \u0259m\u0259kda\u015flar\u0131ndan ibar\u0259t n\u00fcmay\u0259nd\u0259 hey\u0259tinin T\u00fcrkiy\u0259y\u0259 s\u0259f\u0259ri ba\u015fa \u00e7at\u0131b.<\/p>\n<p>\u201cReport\u201d\u00a0x\u0259b\u0259r verir ki, oktyabr\u0131n 14-d\u0259 Az\u0259rbaycan n\u00fcmay\u0259nd\u0259 hey\u0259ti t\u0259r\u0259find\u0259n T\u00fcrkiy\u0259nin Prezident Administrasiyas\u0131n\u0131n Kommunikasiya \u0130dar\u0259sinin \u0130stanbul \u015f\u00f6b\u0259 m\u00fcdirliyind\u0259 v\u0259 \u201cTRT World\u201d televiziya kanal\u0131nda g\u00f6r\u00fc\u015fl\u0259r ke\u00e7irilib.<\/p>\n<p>G\u00f6r\u00fc\u015fl\u0259r zaman\u0131 \u0130stanbulda daimi v\u0259 m\u00fcv\u0259qq\u0259ti akkreditasiya olunan media il\u0259 i\u015f, b\u00f6hran zaman\u0131 kommunikasiya, \u0130stanbul valiliyinin kommunikasiya f\u0259aliyy\u0259ti, habel\u0259 \u201cTRT World\u201d kanal\u0131n\u0131n d\u00fcnyada media brendin\u0259 \u00e7evrilm\u0259si, pe\u015f\u0259kar beyn\u0259lxalq jurnalistika, TRT-nin yeni onlayn televiziya konsepsiyas\u0131, d\u0259yi\u015f\u0259n beyn\u0259lxalq v\u0259 regional siyasi g\u00fcnd\u0259liy\u0259 \u00e7evik uy\u011funla\u015fma v\u0259 g\u0259l\u0259c\u0259k h\u0259d\u0259fl\u0259r haqq\u0131nda t\u0259qdimatlar edilib v\u0259 dig\u0259r m\u0259s\u0259l\u0259l\u0259r m\u00fczakir\u0259 olunub.<\/p>\n<p>S\u0259f\u0259r zaman\u0131 T\u00fcrkiy\u0259nin Xarici \u0130\u015fl\u0259r Nazirliyi, Milli M\u00fcdafi\u0259 Nazirliyi, M\u0259d\u0259niyy\u0259t v\u0259 Turizm Nazirliyi, \u201cAnadolu\u201d Agentliyi, Radio v\u0259 Televiziya Ali \u015euras\u0131 (RT\u00dcK) v\u0259 dig\u0259r qurumlarda g\u00f6r\u00fc\u015fl\u0259r ke\u00e7irilib.<\/p>\n<p><img decoding=\"async\" alt=\"\" src=\"https:\/\/cdn.oxu.az\/uploads\/W1siZiIsIjIwMjMvMTAvMTUvMjEvNDkvNDkvZmJkNTlmYTItMmU5Mi00NjJiLThmNDAtMzU2MDc5ZDMyYzAyL2EyLmpwZyJdLFsicCIsImVuY29kZSIsImpwZyIsIi1xdWFsaXR5IDgwIl0sWyJwIiwidGh1bWIiLCI1OTB4NTkwXHUwMDNlIl1d?sha=106923a656b1cfff\" title=\"\"><img decoding=\"async\" alt=\"\" src=\"https:\/\/cdn.oxu.az\/uploads\/W1siZiIsIjIwMjMvMTAvMTUvMjEvNDkvNDkvYTM5OWZlNTMtMzgxZC00NjFkLTk0NzktMjcyODA4NGYwMTY0L2EzLmpwZyJdLFsicCIsImVuY29kZSIsImpwZyIsIi1xdWFsaXR5IDgwIl0sWyJwIiwidGh1bWIiLCI1OTB4NTkwXHUwMDNlIl1d?sha=cc9230f845bf513b\" title=\"\"><img decoding=\"async\" alt=\"\" src=\"https:\/\/cdn.oxu.az\/uploads\/W1siZiIsIjIwMjMvMTAvMTUvMjEvNDkvNDkvZTY3NDZlZWYtOGRmYS00ZGNhLTkwNDQtMjc2Zjg4NDI4ZDgzL2E0LmpwZyJdLFsicCIsImVuY29kZSIsImpwZyIsIi1xdWFsaXR5IDgwIl0sWyJwIiwidGh1bWIiLCI1OTB4NTkwXHUwMDNlIl1d?sha=e1a07aa46b83fb88\" title=\"\"><\/p>\n<\/div>\n","protected":false},"excerpt":{"rendered":"<p>Bizim WhatsApp kanal\u0131m\u0131za buradan abun\u0259 ola bil\u0259rsiniz Az\u0259rbaycanda d\u00f6vl\u0259t kommunikasiyas\u0131n\u0131n t\u0259kmill\u0259\u015fdirilm\u0259si v\u0259 bu sah\u0259d\u0259 t\u0259cr\u00fcb\u0259 m\u00fcbadil\u0259si m\u0259qs\u0259dil\u0259 30 d\u00f6vl\u0259t qurumunun ictimaiyy\u0259tl\u0259 \u0259laq\u0259l\u0259r sah\u0259sin\u0259 m\u0259sul \u0259m\u0259kda\u015flar\u0131ndan ibar\u0259t n\u00fcmay\u0259nd\u0259 hey\u0259tinin T\u00fcrkiy\u0259y\u0259 s\u0259f\u0259ri ba\u015fa \u00e7at\u0131b. \u201cReport\u201d\u00a0x\u0259b\u0259r verir ki, oktyabr\u0131n 14-d\u0259 Az\u0259rbaycan n\u00fcmay\u0259nd\u0259 hey\u0259ti t\u0259r\u0259find\u0259n T\u00fcrkiy\u0259nin Prezident Administrasiyas\u0131n\u0131n Kommunikasiya \u0130dar\u0259sinin \u0130stanbul \u015f\u00f6b\u0259 m\u00fcdirliyind\u0259 v\u0259 \u201cTRT World\u201d televiziya kanal\u0131nda g\u00f6r\u00fc\u015fl\u0259r &hellip;<\/p>\n","protected":false},"author":1,"featured_media":2058,"comment_status":"open","ping_status":"closed","sticky":false,"template":"","format":"standard","meta":{"footnotes":""},"categories":[9],"tags":[],"class_list":["post-2057","post","type-post","status-publish","format-standard","has-post-thumbnail","hentry","category-xeber"],"_links":{"self":[{"href":"https:\/\/millitv.net\/index.php?rest_route=\/wp\/v2\/posts\/2057","targetHints":{"allow":["GET"]}}],"collection":[{"href":"https:\/\/millitv.net\/index.php?rest_route=\/wp\/v2\/posts"}],"about":[{"href":"https:\/\/millitv.net\/index.php?rest_route=\/wp\/v2\/types\/post"}],"author":[{"embeddable":true,"href":"https:\/\/millitv.net\/index.php?rest_route=\/wp\/v2\/users\/1"}],"replies":[{"embeddable":true,"href":"https:\/\/millitv.net\/index.php?rest_route=%2Fwp%2Fv2%2Fcomments&post=2057"}],"version-history":[{"count":0,"href":"https:\/\/millitv.net\/index.php?rest_route=\/wp\/v2\/posts\/2057\/revisions"}],"wp:featuredmedia":[{"embeddable":true,"href":"https:\/\/millitv.net\/index.php?rest_route=\/wp\/v2\/media\/2058"}],"wp:attachment":[{"href":"https:\/\/millitv.net\/index.php?rest_route=%2Fwp%2Fv2%2Fmedia&parent=2057"}],"wp:term":[{"taxonomy":"category","embeddable":true,"href":"https:\/\/millitv.net\/index.php?rest_route=%2Fwp%2Fv2%2Fcategories&post=2057"},{"taxonomy":"post_tag","embeddable":true,"href":"https:\/\/millitv.net\/index.php?rest_route=%2Fwp%2Fv2%2Ftags&post=2057"}],"curies":[{"name":"wp","href":"https:\/\/api.w.org\/{rel}","templated":true}]}}