{"id":20550,"date":"2025-11-06T15:17:27","date_gmt":"2025-11-06T15:17:27","guid":{"rendered":"https:\/\/millitv.net\/?p=20550"},"modified":"2025-11-06T15:17:28","modified_gmt":"2025-11-06T15:17:28","slug":"fransa-millisi-bakiya-bu-hey%C9%99tl%C9%99-g%C9%99lir-hucumda-gorun-kiml%C9%99r-var","status":"publish","type":"post","link":"https:\/\/millitv.net\/?p=20550","title":{"rendered":"Fransa millisi Bak\u0131ya bu hey\u0259tl\u0259 g\u0259lir &#8211;\u00a0H\u00fccumda g\u00f6r\u00fcn kiml\u0259r var"},"content":{"rendered":"\n<p><strong>Fransa y\u0131\u011fmas\u0131n\u0131n D\u00c7-2026-n\u0131n se\u00e7m\u0259 m\u0259rh\u0259l\u0259sind\u0259 Ukrayna v\u0259 Az\u0259rbaycan millil\u0259rin\u0259 qar\u015f\u0131 ke\u00e7ir\u0259c\u0259yi oyunlar \u00fc\u00e7\u00fcn hey\u0259ti a\u00e7\u0131qlan\u0131b.<\/strong><\/p>\n\n\n\n<p>Ba\u015f m\u0259\u015fq\u00e7i Didye De\u015fam D qrupunda noyabr\u0131n 13-d\u0259 evd\u0259 Ukrayna , 16-d\u0259 is\u0259 Bak\u0131da Az\u0259rbaycan millisin\u0259 qar\u015f\u0131 ba\u015f tutacaq mat\u00e7lara 24 futbol\u00e7u d\u0259v\u0259t edib.<\/p>\n\n\n\n<p>Qeyd ed\u0259k ki, Az\u0259rbaycan \u2013 Fransa qar\u015f\u0131la\u015fmas\u0131 noybar\u0131n 16-da, saat 21:00-da Tofiq B\u0259hramov ad\u0131na Respublika stadionunda ke\u00e7iril\u0259c\u0259k.<\/p>\n\n\n\n<p>Qap\u0131\u00e7\u0131lar: Lik \u015eevalye , Mayk Menyan, Bryis Samba<\/p>\n\n\n\n<p>M\u00fcdafi\u0259\u00e7il\u0259r: Conatan Kloss, Lyuka Diny, Teo Ernandes, \u0130brahima Konate, J\u00fcl Kunde, Benjamen Pavar, Uilyam Saliba, Deyo Upamekano<ins><\/ins><\/p>\n\n\n\n<p>Yar\u0131mm\u00fcdafi\u0259\u00e7il\u0259r: Eduardo Kamavinqa, Mateo Qenduzi, Manu Kone, Adrian Rabiot, Orelian \u00c7uameni,Uorren Zair-Emri<\/p>\n\n\n\n<p>H\u00fccum\u00e7ular: Bredli Barkola, Usman Dembele, Desir Due, Randal Kolo Muani, Kilian Mbappe, Maykl Olise, Markus Tyuram.\/\/Publika<\/p>\n","protected":false},"excerpt":{"rendered":"<p>Fransa y\u0131\u011fmas\u0131n\u0131n D\u00c7-2026-n\u0131n se\u00e7m\u0259 m\u0259rh\u0259l\u0259sind\u0259 Ukrayna v\u0259 Az\u0259rbaycan millil\u0259rin\u0259 qar\u015f\u0131 ke\u00e7ir\u0259c\u0259yi oyunlar \u00fc\u00e7\u00fcn hey\u0259ti a\u00e7\u0131qlan\u0131b. Ba\u015f m\u0259\u015fq\u00e7i Didye De\u015fam D qrupunda noyabr\u0131n 13-d\u0259 evd\u0259 Ukrayna , 16-d\u0259 is\u0259 Bak\u0131da Az\u0259rbaycan millisin\u0259 qar\u015f\u0131 ba\u015f tutacaq mat\u00e7lara 24 futbol\u00e7u d\u0259v\u0259t edib. Qeyd ed\u0259k ki, Az\u0259rbaycan \u2013 Fransa qar\u015f\u0131la\u015fmas\u0131 noybar\u0131n 16-da, saat 21:00-da Tofiq B\u0259hramov ad\u0131na Respublika stadionunda &hellip;<\/p>\n","protected":false},"author":1,"featured_media":20551,"comment_status":"open","ping_status":"closed","sticky":false,"template":"","format":"standard","meta":{"footnotes":""},"categories":[1],"tags":[],"class_list":["post-20550","post","type-post","status-publish","format-standard","has-post-thumbnail","hentry","category-idman"],"_links":{"self":[{"href":"https:\/\/millitv.net\/index.php?rest_route=\/wp\/v2\/posts\/20550","targetHints":{"allow":["GET"]}}],"collection":[{"href":"https:\/\/millitv.net\/index.php?rest_route=\/wp\/v2\/posts"}],"about":[{"href":"https:\/\/millitv.net\/index.php?rest_route=\/wp\/v2\/types\/post"}],"author":[{"embeddable":true,"href":"https:\/\/millitv.net\/index.php?rest_route=\/wp\/v2\/users\/1"}],"replies":[{"embeddable":true,"href":"https:\/\/millitv.net\/index.php?rest_route=%2Fwp%2Fv2%2Fcomments&post=20550"}],"version-history":[{"count":1,"href":"https:\/\/millitv.net\/index.php?rest_route=\/wp\/v2\/posts\/20550\/revisions"}],"predecessor-version":[{"id":20552,"href":"https:\/\/millitv.net\/index.php?rest_route=\/wp\/v2\/posts\/20550\/revisions\/20552"}],"wp:featuredmedia":[{"embeddable":true,"href":"https:\/\/millitv.net\/index.php?rest_route=\/wp\/v2\/media\/20551"}],"wp:attachment":[{"href":"https:\/\/millitv.net\/index.php?rest_route=%2Fwp%2Fv2%2Fmedia&parent=20550"}],"wp:term":[{"taxonomy":"category","embeddable":true,"href":"https:\/\/millitv.net\/index.php?rest_route=%2Fwp%2Fv2%2Fcategories&post=20550"},{"taxonomy":"post_tag","embeddable":true,"href":"https:\/\/millitv.net\/index.php?rest_route=%2Fwp%2Fv2%2Ftags&post=20550"}],"curies":[{"name":"wp","href":"https:\/\/api.w.org\/{rel}","templated":true}]}}