{"id":20520,"date":"2025-11-06T05:45:01","date_gmt":"2025-11-06T05:45:01","guid":{"rendered":"https:\/\/millitv.net\/?p=20520"},"modified":"2025-11-06T05:45:03","modified_gmt":"2025-11-06T05:45:03","slug":"qarabagin-stadionuna-qurban-qurbanovun-adi-veril%C9%99-bil%C9%99r-klub-prezidenti-aciqladi","status":"publish","type":"post","link":"https:\/\/millitv.net\/?p=20520","title":{"rendered":"\u201cQaraba\u011f\u201d\u0131n stadionuna Qurban Qurbanovun ad\u0131 veril\u0259 bil\u0259r? &#8211;\u00a0Klub prezidenti a\u00e7\u0131qlad\u0131"},"content":{"rendered":"\n<p><strong>\u201cQurban Qurbanov tarixi \u015f\u0259xsiyy\u0259tdir\u201d.<\/strong><\/p>\n\n\n\n<p>Bunu\u00a0UEFA \u00c7empionlar Liqas\u0131n\u0131n \u0259sas m\u0259rh\u0259l\u0259sinin IV turu \u00e7\u0259r\u00e7iv\u0259sind\u0259 ke\u00e7iril\u0259n \u201cQaraba\u011f\u201d \u2013 \u201c\u00c7elsi\u201d mat\u00e7\u0131ndan sonra A\u011fdam klubunun prezidenti Tahir G\u00f6z\u0259l deyib.<\/p>\n\n\n\n<p>Klub r\u0259hb\u0259ri \u201cAz\u0259rsun Arena\u201dya Qurban Qurbanovun ad\u0131 veril\u0259 bil\u0259rmi\u201d sual\u0131na da cavab verib.<\/p>\n\n\n\n<p>O, bel\u0259 bir fikir olarsa, bunu d\u0259st\u0259kl\u0259y\u0259c\u0259yini qeyd edib.<ins><\/ins><\/p>\n\n\n\n<p>\u201c\u00c7elsi\u201d kimi d\u00fcnya n\u0259h\u0259ngind\u0259n xal alma\u011f\u0131 bacard\u0131q. \u201cQaraba\u011f\u201d r\u0259qibind\u0259n \u00e7\u0259kinmirdi. D\u00fcnyaya bizim hekay\u0259mizi g\u00f6st\u0259r\u0259n bu c\u0259sar\u0259tdir. \u201cQaraba\u011f\u201d Az\u0259rbaycan xalq\u0131n\u0131n g\u00fcc\u00fcn\u00fc d\u00fcnyaya g\u00f6st\u0259rdi. Bildiyiniz kimi, qar\u015f\u0131dan Z\u0259f\u0259r g\u00fcn\u00fc g\u0259lir. Bu n\u0259tic\u0259ni \u015f\u0259hidl\u0259rimiz\u0259 h\u0259sr edir\u0259m\u201d &#8211; Tahir G\u00f6z\u0259l \u0259lav\u0259 edib.\/\/Teleqraf<\/p>\n","protected":false},"excerpt":{"rendered":"<p>\u201cQurban Qurbanov tarixi \u015f\u0259xsiyy\u0259tdir\u201d. Bunu\u00a0UEFA \u00c7empionlar Liqas\u0131n\u0131n \u0259sas m\u0259rh\u0259l\u0259sinin IV turu \u00e7\u0259r\u00e7iv\u0259sind\u0259 ke\u00e7iril\u0259n \u201cQaraba\u011f\u201d \u2013 \u201c\u00c7elsi\u201d mat\u00e7\u0131ndan sonra A\u011fdam klubunun prezidenti Tahir G\u00f6z\u0259l deyib. Klub r\u0259hb\u0259ri \u201cAz\u0259rsun Arena\u201dya Qurban Qurbanovun ad\u0131 veril\u0259 bil\u0259rmi\u201d sual\u0131na da cavab verib. O, bel\u0259 bir fikir olarsa, bunu d\u0259st\u0259kl\u0259y\u0259c\u0259yini qeyd edib. \u201c\u00c7elsi\u201d kimi d\u00fcnya n\u0259h\u0259ngind\u0259n xal alma\u011f\u0131 bacard\u0131q. \u201cQaraba\u011f\u201d r\u0259qibind\u0259n &hellip;<\/p>\n","protected":false},"author":1,"featured_media":20521,"comment_status":"open","ping_status":"closed","sticky":false,"template":"","format":"standard","meta":{"footnotes":""},"categories":[1],"tags":[],"class_list":["post-20520","post","type-post","status-publish","format-standard","has-post-thumbnail","hentry","category-idman"],"_links":{"self":[{"href":"https:\/\/millitv.net\/index.php?rest_route=\/wp\/v2\/posts\/20520","targetHints":{"allow":["GET"]}}],"collection":[{"href":"https:\/\/millitv.net\/index.php?rest_route=\/wp\/v2\/posts"}],"about":[{"href":"https:\/\/millitv.net\/index.php?rest_route=\/wp\/v2\/types\/post"}],"author":[{"embeddable":true,"href":"https:\/\/millitv.net\/index.php?rest_route=\/wp\/v2\/users\/1"}],"replies":[{"embeddable":true,"href":"https:\/\/millitv.net\/index.php?rest_route=%2Fwp%2Fv2%2Fcomments&post=20520"}],"version-history":[{"count":1,"href":"https:\/\/millitv.net\/index.php?rest_route=\/wp\/v2\/posts\/20520\/revisions"}],"predecessor-version":[{"id":20522,"href":"https:\/\/millitv.net\/index.php?rest_route=\/wp\/v2\/posts\/20520\/revisions\/20522"}],"wp:featuredmedia":[{"embeddable":true,"href":"https:\/\/millitv.net\/index.php?rest_route=\/wp\/v2\/media\/20521"}],"wp:attachment":[{"href":"https:\/\/millitv.net\/index.php?rest_route=%2Fwp%2Fv2%2Fmedia&parent=20520"}],"wp:term":[{"taxonomy":"category","embeddable":true,"href":"https:\/\/millitv.net\/index.php?rest_route=%2Fwp%2Fv2%2Fcategories&post=20520"},{"taxonomy":"post_tag","embeddable":true,"href":"https:\/\/millitv.net\/index.php?rest_route=%2Fwp%2Fv2%2Ftags&post=20520"}],"curies":[{"name":"wp","href":"https:\/\/api.w.org\/{rel}","templated":true}]}}