{"id":20513,"date":"2025-11-05T15:46:23","date_gmt":"2025-11-05T15:46:23","guid":{"rendered":"https:\/\/millitv.net\/?p=20513"},"modified":"2025-11-05T15:46:24","modified_gmt":"2025-11-05T15:46:24","slug":"namiq-qaracuxurlu-m%C9%99nd%C9%99n-b%C9%99hr%C9%99l%C9%99nib","status":"publish","type":"post","link":"https:\/\/millitv.net\/?p=20513","title":{"rendered":"&#8220;Namiq Qara\u00e7uxurlu m\u0259nd\u0259n b\u0259hr\u0259l\u0259nib&#8221;"},"content":{"rendered":"\n<p><strong>Meyxana\u00e7\u0131 Namiq M\u0259na h\u0259mkar\u0131 Namiq Qara\u00e7uxurlu il\u0259 ba\u011fl\u0131 a\u00e7\u0131qlamas\u0131yla diqq\u0259t \u00e7\u0259kib.&nbsp;<\/strong><\/p>\n\n\n\n<p>S\u0259n\u0259t\u00e7i &#8220;G\u00fcn\u0259 u\u011furla&#8221; verili\u015find\u0259 bir \u00e7ox meyxana\u00e7\u0131lar\u0131n ondan b\u0259hr\u0259l\u0259ndiyini deyib.&nbsp;<\/p>\n\n\n\n<p>Namiq Qara\u00e7uxurlu haqq\u0131nda dan\u0131\u015fan N.M\u0259na &#8220;Zaman\u0131nda o da m\u0259n\u0259 qulaq as\u0131b. Namiq m\u0259nd\u0259n 7-8 ya\u015f balacad\u0131r. \u0130stedadl\u0131d\u0131r. Hans\u0131 m\u0259nd\u0259n b\u0259hr\u0259l\u0259ndiyini qeyd edib ki, Namiq d\u0259 etsin. El\u0259 lent yaz\u0131lar\u0131 var ki, orada m\u0259nim bo\u011fazlar\u0131m, \u00e7alarlar\u0131m var&#8221; s\u00f6zl\u0259rini s\u00f6yl\u0259yib.&nbsp; (Ax\u015fam.az)<\/p>\n","protected":false},"excerpt":{"rendered":"<p>Meyxana\u00e7\u0131 Namiq M\u0259na h\u0259mkar\u0131 Namiq Qara\u00e7uxurlu il\u0259 ba\u011fl\u0131 a\u00e7\u0131qlamas\u0131yla diqq\u0259t \u00e7\u0259kib.&nbsp; S\u0259n\u0259t\u00e7i &#8220;G\u00fcn\u0259 u\u011furla&#8221; verili\u015find\u0259 bir \u00e7ox meyxana\u00e7\u0131lar\u0131n ondan b\u0259hr\u0259l\u0259ndiyini deyib.&nbsp; Namiq Qara\u00e7uxurlu haqq\u0131nda dan\u0131\u015fan N.M\u0259na &#8220;Zaman\u0131nda o da m\u0259n\u0259 qulaq as\u0131b. Namiq m\u0259nd\u0259n 7-8 ya\u015f balacad\u0131r. \u0130stedadl\u0131d\u0131r. Hans\u0131 m\u0259nd\u0259n b\u0259hr\u0259l\u0259ndiyini qeyd edib ki, Namiq d\u0259 etsin. El\u0259 lent yaz\u0131lar\u0131 var ki, orada m\u0259nim bo\u011fazlar\u0131m, &hellip;<\/p>\n","protected":false},"author":1,"featured_media":20514,"comment_status":"open","ping_status":"closed","sticky":false,"template":"","format":"standard","meta":{"footnotes":""},"categories":[1],"tags":[],"class_list":["post-20513","post","type-post","status-publish","format-standard","has-post-thumbnail","hentry","category-idman"],"_links":{"self":[{"href":"https:\/\/millitv.net\/index.php?rest_route=\/wp\/v2\/posts\/20513","targetHints":{"allow":["GET"]}}],"collection":[{"href":"https:\/\/millitv.net\/index.php?rest_route=\/wp\/v2\/posts"}],"about":[{"href":"https:\/\/millitv.net\/index.php?rest_route=\/wp\/v2\/types\/post"}],"author":[{"embeddable":true,"href":"https:\/\/millitv.net\/index.php?rest_route=\/wp\/v2\/users\/1"}],"replies":[{"embeddable":true,"href":"https:\/\/millitv.net\/index.php?rest_route=%2Fwp%2Fv2%2Fcomments&post=20513"}],"version-history":[{"count":1,"href":"https:\/\/millitv.net\/index.php?rest_route=\/wp\/v2\/posts\/20513\/revisions"}],"predecessor-version":[{"id":20515,"href":"https:\/\/millitv.net\/index.php?rest_route=\/wp\/v2\/posts\/20513\/revisions\/20515"}],"wp:featuredmedia":[{"embeddable":true,"href":"https:\/\/millitv.net\/index.php?rest_route=\/wp\/v2\/media\/20514"}],"wp:attachment":[{"href":"https:\/\/millitv.net\/index.php?rest_route=%2Fwp%2Fv2%2Fmedia&parent=20513"}],"wp:term":[{"taxonomy":"category","embeddable":true,"href":"https:\/\/millitv.net\/index.php?rest_route=%2Fwp%2Fv2%2Fcategories&post=20513"},{"taxonomy":"post_tag","embeddable":true,"href":"https:\/\/millitv.net\/index.php?rest_route=%2Fwp%2Fv2%2Ftags&post=20513"}],"curies":[{"name":"wp","href":"https:\/\/api.w.org\/{rel}","templated":true}]}}