{"id":20510,"date":"2025-11-05T15:45:45","date_gmt":"2025-11-05T15:45:45","guid":{"rendered":"https:\/\/millitv.net\/?p=20510"},"modified":"2025-11-05T15:45:46","modified_gmt":"2025-11-05T15:45:46","slug":"aygun-xanimla-aramizda-soyuqluq-var-idi","status":"publish","type":"post","link":"https:\/\/millitv.net\/?p=20510","title":{"rendered":"\u201cAyg\u00fcn xan\u0131mla aram\u0131zda soyuqluq var idi\u201d"},"content":{"rendered":"\n<p><strong>Meyxana\u00e7\u0131 Namiq Qara\u00e7uxurlu Xalq artisti Ayg\u00fcn Kaz\u0131mova il\u0259 duetl\u0259rind\u0259n dan\u0131\u015f\u0131b.<\/strong><\/p>\n\n\n\n<p>Bu bar\u0259d\u0259 Namiq \u201cM\u0259d\u0259ni \u015fou\u201dda a\u00e7\u0131qlama verib. S\u0259n\u0259t\u00e7i deyib ki, Ayg\u00fcn xan\u0131mla i\u015f birlikl\u0259ri bitdikd\u0259n sonra meyxanadan mahn\u0131ya ke\u00e7ib:<\/p>\n\n\n\n<p>\u201cM\u0259nim meyxanadan mahn\u0131ya ke\u00e7m\u0259yimd\u0259 Ayg\u00fcn Kaz\u0131movan\u0131n rolu olmay\u0131b. B\u0259z\u0259n el\u0259 t\u0259qdim edirl\u0259r ki, Ayg\u00fcn qo\u015fuldu, mahn\u0131ya ke\u00e7di. Mahn\u0131 janr\u0131na ke\u00e7\u0259nd\u0259 Ayg\u00fcn xan\u0131mla uzaqla\u015fm\u0131\u015fd\u0131q, aram\u0131zda da b\u00f6y\u00fck soyuqluq var idi. B\u0259zi r\u0259qibl\u0259rim bunu q\u0259bul etmirl\u0259r. Ayg\u00fcn xan\u0131mla m\u0259nim duetl\u0259rim\u0259 bax\u0131n\u2026 \u201cSevdi \u00fcr\u0259k\u201d mahn\u0131s\u0131n\u0131 Eldar Mansurov yaz\u0131b. Burada melodiyal\u0131 meyxana demi\u015f\u0259m. Mahn\u0131 da bel\u0259 b\u0259st\u0259l\u0259nib, Eldar m\u00fc\u0259llim deyib meyxanadan anlay\u0131\u015f\u0131 yoxdur, m\u0259n meyxanan\u0131 demi\u015f\u0259m, o \u00f6z hiss\u0259sini yaz\u0131b. \u201cD\u00f6zm\u0259di q\u0259lbim\u201d d\u0259 bir az mahn\u0131 janr\u0131 idi. Toya ged\u0259nd\u0259 meyxana\u00e7\u0131lar deyirdi, Ayg\u00fcn\u0259 qo\u015fulmusan v\u0259 sair\u0259. M\u0259n meyxana demirdims\u0259, o s\u00f6z\u00fc harada deyirdiz?\u201d (Olay)<\/p>\n","protected":false},"excerpt":{"rendered":"<p>Meyxana\u00e7\u0131 Namiq Qara\u00e7uxurlu Xalq artisti Ayg\u00fcn Kaz\u0131mova il\u0259 duetl\u0259rind\u0259n dan\u0131\u015f\u0131b. Bu bar\u0259d\u0259 Namiq \u201cM\u0259d\u0259ni \u015fou\u201dda a\u00e7\u0131qlama verib. S\u0259n\u0259t\u00e7i deyib ki, Ayg\u00fcn xan\u0131mla i\u015f birlikl\u0259ri bitdikd\u0259n sonra meyxanadan mahn\u0131ya ke\u00e7ib: \u201cM\u0259nim meyxanadan mahn\u0131ya ke\u00e7m\u0259yimd\u0259 Ayg\u00fcn Kaz\u0131movan\u0131n rolu olmay\u0131b. B\u0259z\u0259n el\u0259 t\u0259qdim edirl\u0259r ki, Ayg\u00fcn qo\u015fuldu, mahn\u0131ya ke\u00e7di. Mahn\u0131 janr\u0131na ke\u00e7\u0259nd\u0259 Ayg\u00fcn xan\u0131mla uzaqla\u015fm\u0131\u015fd\u0131q, aram\u0131zda da b\u00f6y\u00fck &hellip;<\/p>\n","protected":false},"author":1,"featured_media":20511,"comment_status":"open","ping_status":"closed","sticky":false,"template":"","format":"standard","meta":{"footnotes":""},"categories":[1],"tags":[],"class_list":["post-20510","post","type-post","status-publish","format-standard","has-post-thumbnail","hentry","category-idman"],"_links":{"self":[{"href":"https:\/\/millitv.net\/index.php?rest_route=\/wp\/v2\/posts\/20510","targetHints":{"allow":["GET"]}}],"collection":[{"href":"https:\/\/millitv.net\/index.php?rest_route=\/wp\/v2\/posts"}],"about":[{"href":"https:\/\/millitv.net\/index.php?rest_route=\/wp\/v2\/types\/post"}],"author":[{"embeddable":true,"href":"https:\/\/millitv.net\/index.php?rest_route=\/wp\/v2\/users\/1"}],"replies":[{"embeddable":true,"href":"https:\/\/millitv.net\/index.php?rest_route=%2Fwp%2Fv2%2Fcomments&post=20510"}],"version-history":[{"count":1,"href":"https:\/\/millitv.net\/index.php?rest_route=\/wp\/v2\/posts\/20510\/revisions"}],"predecessor-version":[{"id":20512,"href":"https:\/\/millitv.net\/index.php?rest_route=\/wp\/v2\/posts\/20510\/revisions\/20512"}],"wp:featuredmedia":[{"embeddable":true,"href":"https:\/\/millitv.net\/index.php?rest_route=\/wp\/v2\/media\/20511"}],"wp:attachment":[{"href":"https:\/\/millitv.net\/index.php?rest_route=%2Fwp%2Fv2%2Fmedia&parent=20510"}],"wp:term":[{"taxonomy":"category","embeddable":true,"href":"https:\/\/millitv.net\/index.php?rest_route=%2Fwp%2Fv2%2Fcategories&post=20510"},{"taxonomy":"post_tag","embeddable":true,"href":"https:\/\/millitv.net\/index.php?rest_route=%2Fwp%2Fv2%2Ftags&post=20510"}],"curies":[{"name":"wp","href":"https:\/\/api.w.org\/{rel}","templated":true}]}}