{"id":20507,"date":"2025-11-05T15:45:09","date_gmt":"2025-11-05T15:45:09","guid":{"rendered":"https:\/\/millitv.net\/?p=20507"},"modified":"2025-11-05T15:45:10","modified_gmt":"2025-11-05T15:45:10","slug":"isl%C9%99m%C9%99kd%C9%99n-cox-onun-bunun-haqqinda-danisir-v%C9%99fa-huseyni-t%C9%99nqid-etdi","status":"publish","type":"post","link":"https:\/\/millitv.net\/?p=20507","title":{"rendered":"&#8220;\u0130\u015fl\u0259m\u0259kd\u0259n \u00e7ox onun-bunun haqq\u0131nda dan\u0131\u015f\u0131r&#8221; &#8211; V\u0259fa H\u00fcseyni t\u0259nqid etdi"},"content":{"rendered":"\n<p><strong>&#8220;Sosial \u015f\u0259b\u0259k\u0259d\u0259 s\u0259hif\u0259sin\u0259 baxd\u0131m, sonuncu i\u015fi be\u015f il qabaq olub&#8221;.<\/strong><\/p>\n\n\n\n<p><strong>B<\/strong>u s\u00f6zl\u0259ri V\u0259fa \u015e\u0259rifova H\u00fcseyn M\u0259h\u0259mm\u0259do\u011flunun \u00fcnvan\u0131na deyib.<\/p>\n\n\n\n<p>&#8220;R\u0259ngar\u0259ng&#8221; verili\u015find\u0259 qonaq olan V\u0259fa H\u00fcseyn M\u0259h\u0259mm\u0259do\u011flunu t\u0259nqid edib:<\/p>\n\n\n\n<p>&#8220;B\u0259zi insanlar var ki, h\u0259qiq\u0259t\u0259n d\u0259 s\u0259n\u0259tl\u0259ri var. \u00c7ox dan\u0131\u015fmaqdansa, \u00e7ox i\u015fl\u0259s\u0259l\u0259r daha \u00e7ox u\u011fur \u0259ld\u0259 ed\u0259rl\u0259r. S\u0259n\u0259t olaraq ortada he\u00e7 n\u0259 g\u00f6st\u0259rmirl\u0259r, amma ham\u0131ya r\u0259y bildirirl\u0259r. Bu i\u015fl\u0259mir, bunun s\u0259n\u0259ti yoxdur&#8230; B\u0259s hans\u0131 ixtiyarla bel\u0259 dan\u0131\u015f\u0131rs\u0131z?<\/p>\n\n\n\n<p>M\u0259nim haqq\u0131mda el\u0259 dan\u0131\u015fd\u0131 ki, girdim H\u00fcseynin instaqram s\u0259hif\u0259sin\u0259 baxd\u0131m ki, g\u00f6r\u00fcm onun hans\u0131 i\u015fl\u0259ri var? B\u0259lk\u0259 d\u0259 h\u0259qiq\u0259t\u0259n m\u0259nim haqq\u0131mda dan\u0131\u015fma\u011fa haqq\u0131 var. G\u00f6rd\u00fcm sonuncu i\u015fi be\u015f il qabaq &#8220;\u0130stanbul&#8221; mahn\u0131s\u0131 olub. H\u00fcseyn hans\u0131 layih\u0259ni t\u0259qdim edib? S\u0259n\u0259tkard\u0131r, amma i\u015fl\u0259mir, ancaq onun-bunun haqq\u0131nda dan\u0131\u015f\u0131r&#8221;.<strong>Musavat.com<\/strong><\/p>\n","protected":false},"excerpt":{"rendered":"<p>&#8220;Sosial \u015f\u0259b\u0259k\u0259d\u0259 s\u0259hif\u0259sin\u0259 baxd\u0131m, sonuncu i\u015fi be\u015f il qabaq olub&#8221;. Bu s\u00f6zl\u0259ri V\u0259fa \u015e\u0259rifova H\u00fcseyn M\u0259h\u0259mm\u0259do\u011flunun \u00fcnvan\u0131na deyib. &#8220;R\u0259ngar\u0259ng&#8221; verili\u015find\u0259 qonaq olan V\u0259fa H\u00fcseyn M\u0259h\u0259mm\u0259do\u011flunu t\u0259nqid edib: &#8220;B\u0259zi insanlar var ki, h\u0259qiq\u0259t\u0259n d\u0259 s\u0259n\u0259tl\u0259ri var. \u00c7ox dan\u0131\u015fmaqdansa, \u00e7ox i\u015fl\u0259s\u0259l\u0259r daha \u00e7ox u\u011fur \u0259ld\u0259 ed\u0259rl\u0259r. S\u0259n\u0259t olaraq ortada he\u00e7 n\u0259 g\u00f6st\u0259rmirl\u0259r, amma ham\u0131ya r\u0259y bildirirl\u0259r. Bu &hellip;<\/p>\n","protected":false},"author":1,"featured_media":20508,"comment_status":"open","ping_status":"closed","sticky":false,"template":"","format":"standard","meta":{"footnotes":""},"categories":[1],"tags":[],"class_list":["post-20507","post","type-post","status-publish","format-standard","has-post-thumbnail","hentry","category-idman"],"_links":{"self":[{"href":"https:\/\/millitv.net\/index.php?rest_route=\/wp\/v2\/posts\/20507","targetHints":{"allow":["GET"]}}],"collection":[{"href":"https:\/\/millitv.net\/index.php?rest_route=\/wp\/v2\/posts"}],"about":[{"href":"https:\/\/millitv.net\/index.php?rest_route=\/wp\/v2\/types\/post"}],"author":[{"embeddable":true,"href":"https:\/\/millitv.net\/index.php?rest_route=\/wp\/v2\/users\/1"}],"replies":[{"embeddable":true,"href":"https:\/\/millitv.net\/index.php?rest_route=%2Fwp%2Fv2%2Fcomments&post=20507"}],"version-history":[{"count":1,"href":"https:\/\/millitv.net\/index.php?rest_route=\/wp\/v2\/posts\/20507\/revisions"}],"predecessor-version":[{"id":20509,"href":"https:\/\/millitv.net\/index.php?rest_route=\/wp\/v2\/posts\/20507\/revisions\/20509"}],"wp:featuredmedia":[{"embeddable":true,"href":"https:\/\/millitv.net\/index.php?rest_route=\/wp\/v2\/media\/20508"}],"wp:attachment":[{"href":"https:\/\/millitv.net\/index.php?rest_route=%2Fwp%2Fv2%2Fmedia&parent=20507"}],"wp:term":[{"taxonomy":"category","embeddable":true,"href":"https:\/\/millitv.net\/index.php?rest_route=%2Fwp%2Fv2%2Fcategories&post=20507"},{"taxonomy":"post_tag","embeddable":true,"href":"https:\/\/millitv.net\/index.php?rest_route=%2Fwp%2Fv2%2Ftags&post=20507"}],"curies":[{"name":"wp","href":"https:\/\/api.w.org\/{rel}","templated":true}]}}