{"id":20489,"date":"2025-11-05T13:28:39","date_gmt":"2025-11-05T13:28:39","guid":{"rendered":"https:\/\/millitv.net\/?p=20489"},"modified":"2025-11-05T13:28:40","modified_gmt":"2025-11-05T13:28:40","slug":"kamal%C9%99ddin-heyd%C9%99rov-mehdiyev%C9%99-q%C9%99b%C9%99l%C9%99d%C9%99-villa-bagislamasi-iddiasindan-danisdi","status":"publish","type":"post","link":"https:\/\/millitv.net\/?p=20489","title":{"rendered":"Kamal\u0259ddin Heyd\u0259rov Mehdiyev\u0259 Q\u0259b\u0259l\u0259d\u0259 villa ba\u011f\u0131\u015flamas\u0131 iddias\u0131ndan dan\u0131\u015fd\u0131"},"content":{"rendered":"\n<p><strong>F\u00f6vq\u0259lad\u0259 hallar naziri Kamal\u0259ddin Heyd\u0259rov Q\u0259b\u0259l\u0259d\u0259 Ramiz Mehdiyev\u0259 villa ba\u011f\u0131\u015flamas\u0131 il\u0259 ba\u011fl\u0131 iddialara m\u00fcnasib\u0259t bildirib.<br><br><\/strong>Heyd\u0259rov Gununsesi.info-ya Q\u0259b\u0259l\u0259d\u0259 Mehdiyev\u0259 \u0259mlak v\u0259 ba\u015fqa bir h\u0259diyy\u0259 etm\u0259diyini deyib:<\/p>\n\n\n\n<p>\u201cM\u0259n Q\u0259b\u0259l\u0259d\u0259 Ramiz Mehdiyev\u0259 n\u0259 villa, n\u0259 d\u0259 ba\u015fqa bir \u015fey ba\u011f\u0131\u015flam\u0131\u015fam. Bo\u015f s\u00f6hb\u0259tl\u0259rdir, m\u0259n buna \u0259h\u0259miyy\u0259t vermir\u0259m. Ona g\u00f6r\u0259 d\u0259 siz d\u0259 ciddiy\u0259 almay\u0131n\u201d.<\/p>\n\n\n\n<p>Qeyd ed\u0259k ki, DTX-nin \u0130stintaq Ba\u015f \u0130dar\u0259sind\u0259 cinay\u0259t m\u0259suliyy\u0259tin\u0259 c\u0259lb olunan Ramiz Mehdiyevin d\u0259y\u0259ri y\u00fcz milyonlarla \u00f6l\u00e7\u00fcl\u0259n s\u0259rv\u0259tl\u0259ri haqq\u0131nda m\u0259lumatlar yay\u0131lmaqdad\u0131r.<\/p>\n\n\n\n<p>Bu m\u0259lumatlar\u0131n birind\u0259 d\u0259 sabiq PA r\u0259hb\u0259rinin Q\u0259b\u0259l\u0259d\u0259ki villas\u0131ndan b\u0259hs olunub. H\u0259min m\u0259lumatda villan\u0131 h\u0259diyy\u0259 ed\u0259n \u015f\u0259xs kimi&nbsp; FHN \u015fefinin ad\u0131 \u00e7\u0259kilir.<\/p>\n\n\n\n<p>K\u0259mal\u0259ddin Heyd\u0259rov is\u0259 \u201cG\u00fcn\u00fcns\u0259si\u201dn\u0259 deyib ki, bu iddian\u0131 \u201cbekar adamlar\u201d yay\u0131r.<\/p>\n\n\n\n<p>Xat\u0131rladaq ki, yerli m\u0259nb\u0259l\u0259r iddia edir ki, qala kimi imar\u0259t Q\u0259b\u0259l\u0259d\u0259 abadl\u0131q v\u0259 quruculuq i\u015fl\u0259rinin geni\u015f v\u00fcs\u0259t ald\u0131\u011f\u0131 ill\u0259rd\u0259-&nbsp; 2010-cu ill\u0259rd\u0259 in\u015fa edilib. Bildirilir ki, h\u0259min d\u00f6vrd\u0259 f\u00f6vq\u0259lad\u0259 hallar naziri Kamal\u0259ddin Heyd\u0259rovun \u015f\u0259xsi g\u00f6st\u0259ri\u015fi il\u0259 tikinti h\u0259yata ke\u00e7irilib v\u0259 sonradan Ramiz Mehdiyev\u0259 h\u0259diyy\u0259 olunub. Bu m\u0259lumatlar r\u0259smi \u015f\u0259kild\u0259 t\u0259sdiql\u0259nm\u0259s\u0259 d\u0259, b\u00f6lg\u0259d\u0259ki sakinl\u0259r ill\u0259rdir h\u0259min versiyan\u0131n dola\u015fd\u0131\u011f\u0131n\u0131 bildirirl\u0259r. Onlar\u0131n s\u00f6zl\u0259rin\u0259 g\u00f6r\u0259, Mehdiyev villaya yaln\u0131z ild\u0259 bir d\u0259f\u0259, \u0259sas\u0259n ail\u0259 t\u0259dbirl\u0259ri zaman\u0131 g\u0259lir. Sonuncu s\u0259f\u0259ri is\u0259 k\u00fcr\u0259k\u0259ni \u0130lham \u018fliyevin \u00f6vlad\u0131n\u0131n ad g\u00fcn\u00fc m\u0259rasimin\u0259 t\u0259sad\u00fcf edib. H\u0259min g\u00fcn \u0259raziy\u0259 onlarla avtomobil v\u0259 m\u00fchafiz\u0259 \u0259m\u0259kda\u015f\u0131 c\u0259lb olunub, \u0259raziy\u0259 giri\u015f-\u00e7\u0131x\u0131\u015f m\u00fcv\u0259qq\u0259ti m\u0259hdudla\u015fd\u0131r\u0131l\u0131b.<\/p>\n\n\n\n<p>M\u0259nb\u0259l\u0259rin iddias\u0131na g\u00f6r\u0259, Mehdiyevin Q\u0259b\u0259l\u0259d\u0259 daha 2 bahal\u0131 villas\u0131n\u0131n da oldu\u011fu bildirilir. H\u0259r iki m\u00fclk onun q\u0131z\u0131 Kamil\u0259 \u018fliyevan\u0131n ad\u0131na r\u0259smil\u0259\u015fdirilib.<\/p>\n\n\n\n<p>Ramiz Mehdiyev Prezident Administrasiyas\u0131n\u0131n r\u0259hb\u0259ri oldu\u011fu d\u00f6vrd\u0259 bir \u00e7ox icra ba\u015f\u00e7\u0131s\u0131na \u00f6z\u00fcn\u0259 ev v\u0259 dig\u0259r m\u00fclkl\u0259r tikdirdiyi art\u0131q yeni x\u0259b\u0259r deyil.<\/p>\n\n\n\n<p>M\u0259s\u0259l\u0259n, Xa\u00e7maz rayonunun Nabran istirah\u0259t zonas\u0131nda 1 hektar \u0259razini \u0259hat\u0259 ed\u0259n 4 m\u0259rt\u0259b\u0259li villa 2012-ci ild\u0259 Xa\u00e7maz\u0131n ke\u00e7mi\u015f icra ba\u015f\u00e7\u0131s\u0131 \u015e\u0259ms\u0259ddin Xanbabayev t\u0259r\u0259find\u0259n tikil\u0259r\u0259k Mehdiyev\u0259 h\u0259diyy\u0259 edilib. Villan\u0131n daxilind\u0259 hovuz v\u0259 idman meydan\u00e7as\u0131 da m\u00f6vcuddur. Ramiz Mehdiyev\u0259 villa h\u0259diyy\u0259 ed\u0259n icra ba\u015f\u00e7\u0131lar\u0131 aras\u0131nda Siy\u0259z\u0259n Rayon \u0130cra Hakimiyy\u0259tinin ke\u00e7mi\u015f ba\u015f\u00e7\u0131s\u0131 Novruz Novruzov da yer al\u0131r.<\/p>\n\n\n\n<p>O, \u015eabran rayonuna r\u0259hb\u0259rlik etdiyi d\u00f6vrd\u0259 Kilvar k\u0259ndind\u0259 me\u015f\u0259y\u0259 biti\u015fik iki m\u00fclk tikdir\u0259r\u0259k Mehdiyev\u0259 h\u0259diyy\u0259 edib. Ramiz Mehdiyev \u015eabran da\u011flar\u0131nda yerl\u0259\u015f\u0259n bu m\u00fclkd\u0259 istirah\u0259t\u0259 \u00fcst\u00fcnl\u00fck verib. H\u0259min k\u0259ndd\u0259, Ramiz Mehdiyevin m\u00fclk\u00fcn\u0259 biti\u015fik \u0259razid\u0259 k\u00f6hn\u0259 erm\u0259ni kils\u0259si d\u0259 var. Kilvar \u0259ld\u0259n-ayaqdan uzaq bir k\u0259nddir, h\u0259min k\u0259ndin ucqar hiss\u0259sind\u0259, yan-yana in\u015fa edil\u0259n bu evl\u0259rd\u0259n biri taxta konstruksiyal\u0131d\u0131r.<\/p>\n\n\n\n<p>Rayon m\u0259rk\u0259zind\u0259n t\u0259xmin\u0259n 30 km m\u0259saf\u0259d\u0259 yerl\u0259\u015f\u0259n k\u0259ndd\u0259 Ramiz Mehdiyev\u0259 m\u0259xsus daha bir villa da m\u00f6vcuddur.<\/p>\n\n\n\n<p>Bak\u0131n\u0131n X\u0259z\u0259r Rayon \u0130cra Hakimiyy\u0259tinin ba\u015f\u00e7\u0131s\u0131 G\u00fcla\u011fa \u0130slamov da sabiq PA r\u0259hb\u0259rin\u0259 villa h\u0259diyy\u0259 ed\u0259n m\u0259murlar s\u0131ras\u0131nda olub.<\/p>\n\n\n\n<p>\u015e\u00fcv\u0259lan ba\u011flar\u0131, \u201cG\u00fcl\u00e7\u00fcl\u00fck sovxozu\u201d adlanan elit \u0259razid\u0259 in\u015fa edilmi\u015f 1000 kvadratmetrlik villa \u00f6t\u0259n il 1 milyon 300 min manata sat\u0131\u015fa \u00e7\u0131xar\u0131l\u0131b. Bu villa Mehdiyevin k\u00fcr\u0259k\u0259ni \u0130lham \u018fliyevin ad\u0131na s\u0259n\u0259dl\u0259\u015fdirilmi\u015fdi.<\/p>\n\n\n\n<p>Qusar Rayon \u0130cra Hakimiyy\u0259tinin ba\u015f\u00e7\u0131s\u0131 \u015eair Bala\u015f\u0259rif o\u011flu Alxasov da Mehdiyevin kadrlar\u0131ndan biri olub. O, 2007-ci ild\u0259 Qusar Rayon \u0130cra Hakimiyy\u0259tinin ba\u015f\u00e7\u0131s\u0131 t\u0259yin edil\u0259nd\u0259 Ramiz Mehdiyevin k\u00fcr\u0259k\u0259ni \u0130lham \u018fliyev onu kollektiv\u0259 t\u0259qdim etmi\u015fdi. Alxasov icra ba\u015f\u00e7\u0131s\u0131 oldu\u011fu ill\u0259rd\u0259 Mehdiyevin \u00f6z\u00fcn\u00fcn v\u0259 ail\u0259 \u00fczvl\u0259rinin Qusar\u0131n \u00c7il\u0259gir k\u0259ndind\u0259 d\u0259bd\u0259b\u0259li malikan\u0259l\u0259rini tikdirib. Malikan\u0259l\u0259rin tikintisin\u0259 o, \u015f\u0259xs\u0259n r\u0259hb\u0259rlik edib. H\u0259min malikan\u0259l\u0259rd\u0259n biri Qusar-Laza yolunun k\u0259nar\u0131nda, me\u015f\u0259nin i\u00e7\u0259risin\u0259 q\u0259d\u0259r uzanan 40 sotluq \u0259razid\u0259 in\u015fa edilib. \u00dc\u00e7m\u0259rt\u0259b\u0259li bu malikan\u0259 Ramiz Mehdiyevin k\u00fcr\u0259k\u0259ni \u0130lham \u018fliyev\u0259 m\u0259xsusdur.<\/p>\n\n\n\n<p>Malikan\u0259nin fotolar\u0131n\u0131 is\u0259 2020-ci ild\u0259 Mehdiyevin q\u0131z\u0131 Kamil\u0259 \u018fliyeva sosial \u015f\u0259b\u0259k\u0259 hesab\u0131nda payla\u015fm\u0131\u015fd\u0131. Musavat.com-a daxil olan m\u0259lumata g\u00f6r\u0259, haz\u0131rda Ramiz Mehdiyevin cinay\u0259t i\u015fi \u00fczr\u0259 apar\u0131lan istintaq \u00e7\u0259r\u00e7iv\u0259sind\u0259 onun r\u0259hb\u0259rlik etdiyi d\u00f6vrd\u0259 villalar v\u0259 m\u0259nzill\u0259r h\u0259diyy\u0259 ed\u0259n m\u0259murlar\u0131n siyah\u0131s\u0131 da d\u0259qiql\u0259\u015fdirilir.<\/p>\n\n\n\n<p>M\u0259lumata g\u00f6r\u0259, h\u00fcquq-m\u00fchafiz\u0259 orqanlar\u0131na art\u0131q h\u0259min \u015f\u0259xsl\u0259rl\u0259 ba\u011fl\u0131 tap\u015f\u0131r\u0131q verilib. M\u0259lumata \u0259sas\u0259n, Ramiz Mehdiyev\u0259 \u201ch\u00f6rm\u0259t\u201d g\u00f6st\u0259r\u0259r\u0259k ev, torpaq v\u0259 ya pul h\u0259diyy\u0259 ed\u0259n v\u0259 bunu k\u00f6n\u00fcll\u00fc \u015f\u0259kild\u0259 etiraf ed\u0259n icra ba\u015f\u00e7\u0131lar\u0131 v\u0259 m\u0259murlar\u0131n m\u0259suliyy\u0259t\u0259 c\u0259lb olunmayaca\u011f\u0131 bar\u0259d\u0259 onlara r\u0259smi x\u0259b\u0259rdarl\u0131q edilib. \u018fv\u0259zind\u0259, bu bar\u0259d\u0259 m\u0259lumat\u0131 gizl\u0259d\u0259n, yaxud Mehdiyevin tap\u015f\u0131r\u0131\u011f\u0131 il\u0259 d\u00f6vl\u0259t v\u0259saitl\u0259rini \u015f\u0259xsi m\u0259qs\u0259dl\u0259r\u0259 y\u00f6n\u0259ld\u0259n \u015f\u0259xsl\u0259rin cinay\u0259t m\u0259suliyy\u0259tin\u0259 c\u0259lb olunmas\u0131 istisna edilmir.<\/p>\n\n\n\n<p>Bel\u0259likl\u0259, sabiq Prezident Administrasiyas\u0131 r\u0259hb\u0259rinin ill\u0259rl\u0259 \u201ck\u00f6lg\u0259 h\u00f6kum\u0259ti\u201d kimi qurdu\u011fu \u015f\u0259b\u0259k\u0259 indi \u00f6z i\u00e7ind\u0259n \u00e7\u00f6z\u00fclm\u0259y\u0259 ba\u015flay\u0131b. Kimins\u0259 h\u0259diyy\u0259 etdiyi villa indi onun \u00f6z c\u0259za s\u0259n\u0259din\u0259 \u00e7evril\u0259 bil\u0259r. Ramiz Mehdiyevin sistemin\u0259 bir vaxtlar s\u0259daq\u0259t and\u0131 i\u00e7\u0259nl\u0259r indi ya etirafla can\u0131n\u0131 qurtaracaq, ya daa susmaqla \u00f6z taleyini m\u00f6h\u00fcrl\u0259y\u0259c\u0259k. Bu \u015f\u0259xsl\u0259r\u0259 \u0259n a\u011f\u0131r c\u0259zalar veril\u0259c\u0259yi d\u0259 g\u0259l\u0259n m\u0259lumatlar s\u0131ras\u0131ndad\u0131r.<\/p>\n\n\n\n<p>Ramiz Mehdiyev uzun ill\u0259r Prezident Administrasiyas\u0131na r\u0259hb\u0259rlik edib, \u00f6lk\u0259nin siyasi idar\u0259 sistemind\u0259 \u0259n y\u00fcks\u0259k q\u0259rarlar\u0131 ver\u0259n fiqurlardan biri olub. Buna baxmayaraq, onun g\u0259lir v\u0259 \u0259mlak b\u0259yanatlar\u0131nda bel\u0259 miqyasl\u0131 m\u00fclk he\u00e7 vaxt g\u00f6st\u0259rilm\u0259yib. Ekspertl\u0259r hesab edirl\u0259r ki, bu kimi hallar\u0131n ictimaiyy\u0259t\u0259 a\u00e7\u0131qlanmas\u0131 d\u00f6vl\u0259t m\u0259murlar\u0131n\u0131n \u015f\u0259ffafl\u0131q \u00f6hd\u0259likl\u0259ri v\u0259 korrupsiya il\u0259 m\u00fcbariz\u0259 prinsipl\u0259ri bax\u0131m\u0131ndan m\u00fch\u00fcm \u0259h\u0259miyy\u0259t da\u015f\u0131y\u0131r. Haz\u0131rda Ramiz Mehdiyev istintaq orqanlar\u0131n\u0131n diqq\u0259t m\u0259rk\u0259zind\u0259dir v\u0259 onun ill\u0259rl\u0259 toplad\u0131\u011f\u0131 gizli s\u0259rv\u0259tl\u0259rin h\u00fcquqi m\u0259n\u015f\u0259yi bar\u0259d\u0259 ara\u015fd\u0131rmalar davam edir.<\/p>\n\n\n\n<p><strong>Musavat.com<\/strong><\/p>\n","protected":false},"excerpt":{"rendered":"<p>F\u00f6vq\u0259lad\u0259 hallar naziri Kamal\u0259ddin Heyd\u0259rov Q\u0259b\u0259l\u0259d\u0259 Ramiz Mehdiyev\u0259 villa ba\u011f\u0131\u015flamas\u0131 il\u0259 ba\u011fl\u0131 iddialara m\u00fcnasib\u0259t bildirib.Heyd\u0259rov Gununsesi.info-ya Q\u0259b\u0259l\u0259d\u0259 Mehdiyev\u0259 \u0259mlak v\u0259 ba\u015fqa bir h\u0259diyy\u0259 etm\u0259diyini deyib: \u201cM\u0259n Q\u0259b\u0259l\u0259d\u0259 Ramiz Mehdiyev\u0259 n\u0259 villa, n\u0259 d\u0259 ba\u015fqa bir \u015fey ba\u011f\u0131\u015flam\u0131\u015fam. Bo\u015f s\u00f6hb\u0259tl\u0259rdir, m\u0259n buna \u0259h\u0259miyy\u0259t vermir\u0259m. Ona g\u00f6r\u0259 d\u0259 siz d\u0259 ciddiy\u0259 almay\u0131n\u201d. Qeyd ed\u0259k ki, DTX-nin \u0130stintaq &hellip;<\/p>\n","protected":false},"author":1,"featured_media":20490,"comment_status":"open","ping_status":"closed","sticky":false,"template":"","format":"standard","meta":{"footnotes":""},"categories":[1],"tags":[],"class_list":["post-20489","post","type-post","status-publish","format-standard","has-post-thumbnail","hentry","category-idman"],"_links":{"self":[{"href":"https:\/\/millitv.net\/index.php?rest_route=\/wp\/v2\/posts\/20489","targetHints":{"allow":["GET"]}}],"collection":[{"href":"https:\/\/millitv.net\/index.php?rest_route=\/wp\/v2\/posts"}],"about":[{"href":"https:\/\/millitv.net\/index.php?rest_route=\/wp\/v2\/types\/post"}],"author":[{"embeddable":true,"href":"https:\/\/millitv.net\/index.php?rest_route=\/wp\/v2\/users\/1"}],"replies":[{"embeddable":true,"href":"https:\/\/millitv.net\/index.php?rest_route=%2Fwp%2Fv2%2Fcomments&post=20489"}],"version-history":[{"count":1,"href":"https:\/\/millitv.net\/index.php?rest_route=\/wp\/v2\/posts\/20489\/revisions"}],"predecessor-version":[{"id":20491,"href":"https:\/\/millitv.net\/index.php?rest_route=\/wp\/v2\/posts\/20489\/revisions\/20491"}],"wp:featuredmedia":[{"embeddable":true,"href":"https:\/\/millitv.net\/index.php?rest_route=\/wp\/v2\/media\/20490"}],"wp:attachment":[{"href":"https:\/\/millitv.net\/index.php?rest_route=%2Fwp%2Fv2%2Fmedia&parent=20489"}],"wp:term":[{"taxonomy":"category","embeddable":true,"href":"https:\/\/millitv.net\/index.php?rest_route=%2Fwp%2Fv2%2Fcategories&post=20489"},{"taxonomy":"post_tag","embeddable":true,"href":"https:\/\/millitv.net\/index.php?rest_route=%2Fwp%2Fv2%2Ftags&post=20489"}],"curies":[{"name":"wp","href":"https:\/\/api.w.org\/{rel}","templated":true}]}}