{"id":20483,"date":"2025-11-05T13:18:53","date_gmt":"2025-11-05T13:18:53","guid":{"rendered":"https:\/\/millitv.net\/?p=20483"},"modified":"2025-11-05T13:18:54","modified_gmt":"2025-11-05T13:18:54","slug":"10-ild%C9%99n-coxdur-ki-%C9%99ziyy%C9%99t-c%C9%99kir%C9%99m-rasim-balayev-x%C9%99st%C9%99liyind%C9%99n-danisdi","status":"publish","type":"post","link":"https:\/\/millitv.net\/?p=20483","title":{"rendered":"\u201c10 ild\u0259n \u00e7oxdur ki, \u0259ziyy\u0259t \u00e7\u0259kir\u0259m&#8230;\u201d \u2013 Rasim Balayev x\u0259st\u0259liyind\u0259n dan\u0131\u015fd\u0131"},"content":{"rendered":"\n<p><strong>\u201c10 ild\u0259n \u00e7oxdur ki, aya\u011f\u0131mda \u0259z\u0259l\u0259 bo\u015falmas\u0131 yaran\u0131b. Bu da m\u0259n\u0259 a\u011fr\u0131 verir. Bir m\u00fcdd\u0259td\u0259n bir fizioterapiyaya gedir\u0259m\u201d.<\/strong><\/p>\n\n\n\n<p>Bunu&nbsp;<strong>Musavat.com<\/strong>-a a\u00e7\u0131qlamas\u0131nda Xalq artisti Rasim Balayev s\u0259hh\u0259tind\u0259n dan\u0131\u015fark\u0259n deyib.<\/p>\n\n\n\n<p><strong>O bildirib ki, ill\u0259rdir m\u00fcalic\u0259 al\u0131r:<\/strong><\/p>\n\n\n\n<p>\u201cBa\u015fqa alternativ m\u00fcalic\u0259 \u00fcsulu yoxdur. Sol aya\u011f\u0131m m\u0259n\u0259 z\u00fclm verir. Ancaq fizioterapiya il\u0259 ayaqda qal\u0131ram, yoxsa a\u011fr\u0131ya d\u00f6z\u0259 bilm\u0259r\u0259m. Bel\u0259 yerd\u0259 deyirl\u0259r ki, hardasan ay cavanl\u0131q. Bunlara r\u0259\u011fm\u0259n, cavanl\u0131\u011fa qay\u0131tmaq ist\u0259m\u0259zdim. \u00c7\u00fcnki pis xatir\u0259l\u0259ri yen\u0259 d\u0259 ya\u015famaq ist\u0259mir\u0259m. B\u0259lk\u0259 d\u0259 h\u0259yat yorub m\u0259ni\u201d.<\/p>\n\n\n\n<p><strong>Qeyd ed\u0259k ki, o, 2022-ci ild\u0259 Az\u0259rbaycan Kinematoqraf\u00e7\u0131lar \u0130ttifaq\u0131n\u0131n s\u0259dri se\u00e7ilib.<\/strong><\/p>\n","protected":false},"excerpt":{"rendered":"<p>\u201c10 ild\u0259n \u00e7oxdur ki, aya\u011f\u0131mda \u0259z\u0259l\u0259 bo\u015falmas\u0131 yaran\u0131b. Bu da m\u0259n\u0259 a\u011fr\u0131 verir. Bir m\u00fcdd\u0259td\u0259n bir fizioterapiyaya gedir\u0259m\u201d. Bunu&nbsp;Musavat.com-a a\u00e7\u0131qlamas\u0131nda Xalq artisti Rasim Balayev s\u0259hh\u0259tind\u0259n dan\u0131\u015fark\u0259n deyib. O bildirib ki, ill\u0259rdir m\u00fcalic\u0259 al\u0131r: \u201cBa\u015fqa alternativ m\u00fcalic\u0259 \u00fcsulu yoxdur. Sol aya\u011f\u0131m m\u0259n\u0259 z\u00fclm verir. Ancaq fizioterapiya il\u0259 ayaqda qal\u0131ram, yoxsa a\u011fr\u0131ya d\u00f6z\u0259 bilm\u0259r\u0259m. Bel\u0259 yerd\u0259 deyirl\u0259r &hellip;<\/p>\n","protected":false},"author":1,"featured_media":20484,"comment_status":"open","ping_status":"closed","sticky":false,"template":"","format":"standard","meta":{"footnotes":""},"categories":[1],"tags":[],"class_list":["post-20483","post","type-post","status-publish","format-standard","has-post-thumbnail","hentry","category-idman"],"_links":{"self":[{"href":"https:\/\/millitv.net\/index.php?rest_route=\/wp\/v2\/posts\/20483","targetHints":{"allow":["GET"]}}],"collection":[{"href":"https:\/\/millitv.net\/index.php?rest_route=\/wp\/v2\/posts"}],"about":[{"href":"https:\/\/millitv.net\/index.php?rest_route=\/wp\/v2\/types\/post"}],"author":[{"embeddable":true,"href":"https:\/\/millitv.net\/index.php?rest_route=\/wp\/v2\/users\/1"}],"replies":[{"embeddable":true,"href":"https:\/\/millitv.net\/index.php?rest_route=%2Fwp%2Fv2%2Fcomments&post=20483"}],"version-history":[{"count":1,"href":"https:\/\/millitv.net\/index.php?rest_route=\/wp\/v2\/posts\/20483\/revisions"}],"predecessor-version":[{"id":20485,"href":"https:\/\/millitv.net\/index.php?rest_route=\/wp\/v2\/posts\/20483\/revisions\/20485"}],"wp:featuredmedia":[{"embeddable":true,"href":"https:\/\/millitv.net\/index.php?rest_route=\/wp\/v2\/media\/20484"}],"wp:attachment":[{"href":"https:\/\/millitv.net\/index.php?rest_route=%2Fwp%2Fv2%2Fmedia&parent=20483"}],"wp:term":[{"taxonomy":"category","embeddable":true,"href":"https:\/\/millitv.net\/index.php?rest_route=%2Fwp%2Fv2%2Fcategories&post=20483"},{"taxonomy":"post_tag","embeddable":true,"href":"https:\/\/millitv.net\/index.php?rest_route=%2Fwp%2Fv2%2Ftags&post=20483"}],"curies":[{"name":"wp","href":"https:\/\/api.w.org\/{rel}","templated":true}]}}