{"id":20477,"date":"2025-11-05T13:14:11","date_gmt":"2025-11-05T13:14:11","guid":{"rendered":"https:\/\/millitv.net\/?p=20477"},"modified":"2025-11-05T13:14:12","modified_gmt":"2025-11-05T13:14:12","slug":"erm%C9%99ni-dostumu-evim%C9%99-qonaq-cagirmisdim-sonra-bildim-ki-rasim-balayevd%C9%99n-sok-aciqlama","status":"publish","type":"post","link":"https:\/\/millitv.net\/?p=20477","title":{"rendered":"\u201cErm\u0259ni dostumu evim\u0259 qonaq \u00e7a\u011f\u0131rm\u0131\u015fd\u0131m, sonra bildim ki&#8230;\u201d \u2013 Rasim Balayevd\u0259n \u015eOK A\u00c7IQLAMA"},"content":{"rendered":"\n<p><strong>\u201cM\u0259n erm\u0259nil\u0259rl\u0259 \u0259vv\u0259lki kimi gedi\u015f-g\u0259li\u015f\u0259, mehribanl\u0131\u011fa haz\u0131r deyil\u0259m. \u00c7\u00fcnki bu 30 ild\u0259 o q\u0259d\u0259r hadis\u0259l\u0259r oldu ki&#8230; Haz\u0131rda erm\u0259ni cinay\u0259tkarlar\u0131n\u0131n Bak\u0131da m\u0259hk\u0259m\u0259si ke\u00e7irilir. Onlar\u0131n etdiyi v\u0259h\u015filikl\u0259ri unutmaq \u00e7\u0259tindir. Hesab edir\u0259m ki, zamana ehtiyac var\u201d.<\/strong><\/p>\n\n\n\n<p>Bunu&nbsp;<strong>Musavat.com<\/strong>-a a\u00e7\u0131qlamas\u0131nda Xalq artisti Rasim Balayev deyib.<\/p>\n\n\n\n<p><strong>O bildirib ki, vaxt\u0131 il\u0259 erm\u0259ni dostlar\u0131 olub:<\/strong><\/p>\n\n\n\n<p>\u201cYax\u0131n 10-15 ild\u0259 h\u0259r hans\u0131sa erm\u0259ni il\u0259 \u0259vv\u0259lki kimi dostluq etm\u0259yi a\u011fl\u0131ma g\u0259tirmir\u0259m. Buna haz\u0131r olmaq laz\u0131md\u0131r. Biz unutqan mill\u0259tik, ola bilsin ki, sonralar h\u0259r \u015feyi unutduq. 1941-1945-ci ild\u0259 ba\u015f ver\u0259n \u0130kinci D\u00fcnya m\u00fcharib\u0259sind\u0259n sonra xalqlar bar\u0131\u015fd\u0131 v\u0259 h\u0259r \u015feyi oldu\u011fu kimi q\u0259bul etdi. Y\u0259qin ki, bizim regionda da bu ba\u015f ver\u0259c\u0259k. H\u0259r halda n\u0259 q\u0259d\u0259r unutsaq da, \u00e7oma\u011f\u0131 \u0259limizd\u0259n yer\u0259 qoymamal\u0131y\u0131q. Qoy tarix t\u0259krarlanmas\u0131n\u201d.<\/p>\n\n\n\n<p><strong>Aktyor erm\u0259ni h\u0259mkarlar\u0131 il\u0259 \u00fcnsiyy\u0259tind\u0259n d\u0259 dan\u0131\u015f\u0131b:<\/strong><\/p>\n\n\n\n<p>\u201cM\u00fcharib\u0259 ba\u015flayan kimi \u0259laq\u0259l\u0259rimiz k\u0259sildi, he\u00e7 bilmir\u0259m onlar sa\u011fd\u0131r, ya \u00f6l\u00fcbl\u0259r. M\u0259nim s\u0259n\u0259t\u00e7i olmayan erm\u0259ni dostlar\u0131m da var idi. Onlar\u0131 evimiz\u0259 qonaq \u00e7a\u011f\u0131rm\u0131\u015fd\u0131m, s\u00fcfr\u0259 a\u00e7m\u0131\u015fd\u0131m. Bir-birimizin evin\u0259 gedib-g\u0259lirdik. O vaxtlar mill\u0259t fikri ortal\u0131qda yox idi. Sonra bildim ki, onlar \u201cKrunq\u201d t\u0259\u015fkilat\u0131na pul \u00f6d\u0259yirmi\u015fl\u0259r. Hadis\u0259l\u0259r ba\u015flayanda onlar\u0131n i\u00e7i \u00fcz\u0259 \u00e7\u0131xd\u0131.<\/p>\n\n\n\n<p>M\u0259n i\u015f\u011fal d\u00f6vr\u00fcnd\u0259 h\u0259tta Rusiyaya ged\u0259nd\u0259 d\u0259 erm\u0259ni s\u0259n\u0259t\u00e7il\u0259rl\u0259 \u0259laq\u0259 saxlamad\u0131m. \u00c7\u00fcnki onlar\u0131n h\u0259r\u0259k\u0259tl\u0259ri m\u0259ni \u00e7ox sars\u0131tm\u0131\u015fd\u0131. Buna g\u00f6r\u0259 d\u0259 t\u0259masa he\u00e7 c\u0259hd d\u0259 etm\u0259dim. \u0130ndi bu ya\u015f\u0131mdan sonra h\u0259r hans\u0131sa erm\u0259ni s\u0259n\u0259t\u00e7i il\u0259 bir film\u0259 \u00e7\u0259kil\u0259r\u0259mmi? Bilmir\u0259m. Buna b\u0259lk\u0259 d\u0259 zaman laz\u0131md\u0131r.<\/p>\n\n\n\n<p>90-c\u0131 ill\u0259rd\u0259 xarici s\u0259f\u0259rl\u0259rd\u0259 olurdum. Deyirdil\u0259r, \u201c\u0259\u015fi Qaraba\u011f\u0131 ver\u0259c\u0259kdinizs\u0259, onda niy\u0259 camaat\u0131 q\u0131rd\u0131n\u0131z\u201d. Bel\u0259 s\u00f6hb\u0259tl\u0259ri e\u015fidib havalan\u0131rd\u0131m. \u018fs\u0259b i\u00e7ind\u0259 izah edirdim ki, biz siyas\u0259tin, rusun qurban\u0131 olmu\u015fuq. Rus torpaqlar\u0131m\u0131z\u0131 al\u0131b erm\u0259niy\u0259 verib. 40 ya\u015f\u0131mdan 70-\u0259 kimi bu c\u00fcr hissl\u0259r ke\u00e7irmi\u015f\u0259m. Arzu edirdim ki, Qaraba\u011f\u0131n al\u0131nmas\u0131n\u0131 g\u00f6r\u00fcm, sonra Allah m\u0259ni \u00f6ld\u00fcrs\u00fcn\u201d.<\/p>\n\n\n\n<p><strong>Qeyd ed\u0259k ki,<\/strong>&nbsp;oktyabr\u0131n 21-d\u0259 Az\u0259rbaycan\u0131n v\u0259t\u0259nda\u015f c\u0259miyy\u0259tl\u0259ri n\u00fcmay\u0259nd\u0259l\u0259ri Erm\u0259nistan\u0131n paytaxt\u0131 \u0130r\u0259vanda olublar. G\u00f6r\u00fc\u015f iki \u00f6lk\u0259 aras\u0131nda s\u00fclh prosesin\u0259 d\u0259st\u0259k m\u0259qs\u0259di da\u015f\u0131y\u0131b v\u0259 bu formatda ke\u00e7iril\u0259n ilk t\u0259mas kimi qiym\u0259tl\u0259ndirilir. \u0130r\u0259vanda Az\u0259rbaycan n\u00fcmay\u0259nd\u0259 hey\u0259ti Erm\u0259nistan v\u0259t\u0259nda\u015f c\u0259miyy\u0259ti n\u00fcmay\u0259nd\u0259l\u0259ri, el\u0259c\u0259 d\u0259 r\u0259smi \u015f\u0259xsl\u0259rl\u0259 bir s\u0131ra g\u00f6r\u00fc\u015fl\u0259r ke\u00e7irib.<\/p>\n\n\n\n<p>Az\u0259rbaycan t\u0259r\u0259fini F\u0259rhad M\u0259mm\u0259dov (C\u0259nubi Qafqaz Ara\u015fd\u0131rmalar\u0131 M\u0259rk\u0259zinin r\u0259hb\u0259ri), Rusif H\u00fcseynov (Top\u00e7uba\u015fov M\u0259rk\u0259zinin h\u0259mt\u0259sis\u00e7isi v\u0259 direktoru), Ramil \u0130sk\u0259nd\u0259rli (Milli QHT Forumu \u0130dar\u0259 Hey\u0259tinin s\u0259dri), K\u0259mal\u0259 M\u0259mm\u0259dova (\u201c1news.az\u201d sayt\u0131n\u0131n ba\u015f redaktoru) v\u0259 Dilar\u0259 \u018ff\u0259ndiyeva (Az\u0259rbaycan Qad\u0131n H\u00fcquqlar\u0131n\u0131 M\u00fcdafi\u0259 C\u0259miyy\u0259tinin \u201cQad\u0131nlar S\u00fclh v\u0259 \u018fmin-amanl\u0131q\u201d M\u0259rk\u0259zinin r\u0259hb\u0259ri) t\u0259msil edibl\u0259r. Yax\u0131n vaxtlarda Erm\u0259nistan v\u0259t\u0259nda\u015f c\u0259miyy\u0259tinin d\u0259 Az\u0259rbaycana s\u0259f\u0259ri g\u00f6zl\u0259nilir.<\/p>\n","protected":false},"excerpt":{"rendered":"<p>\u201cM\u0259n erm\u0259nil\u0259rl\u0259 \u0259vv\u0259lki kimi gedi\u015f-g\u0259li\u015f\u0259, mehribanl\u0131\u011fa haz\u0131r deyil\u0259m. \u00c7\u00fcnki bu 30 ild\u0259 o q\u0259d\u0259r hadis\u0259l\u0259r oldu ki&#8230; Haz\u0131rda erm\u0259ni cinay\u0259tkarlar\u0131n\u0131n Bak\u0131da m\u0259hk\u0259m\u0259si ke\u00e7irilir. Onlar\u0131n etdiyi v\u0259h\u015filikl\u0259ri unutmaq \u00e7\u0259tindir. Hesab edir\u0259m ki, zamana ehtiyac var\u201d. Bunu&nbsp;Musavat.com-a a\u00e7\u0131qlamas\u0131nda Xalq artisti Rasim Balayev deyib. O bildirib ki, vaxt\u0131 il\u0259 erm\u0259ni dostlar\u0131 olub: \u201cYax\u0131n 10-15 ild\u0259 h\u0259r hans\u0131sa erm\u0259ni &hellip;<\/p>\n","protected":false},"author":1,"featured_media":20478,"comment_status":"open","ping_status":"closed","sticky":false,"template":"","format":"standard","meta":{"footnotes":""},"categories":[1],"tags":[],"class_list":["post-20477","post","type-post","status-publish","format-standard","has-post-thumbnail","hentry","category-idman"],"_links":{"self":[{"href":"https:\/\/millitv.net\/index.php?rest_route=\/wp\/v2\/posts\/20477","targetHints":{"allow":["GET"]}}],"collection":[{"href":"https:\/\/millitv.net\/index.php?rest_route=\/wp\/v2\/posts"}],"about":[{"href":"https:\/\/millitv.net\/index.php?rest_route=\/wp\/v2\/types\/post"}],"author":[{"embeddable":true,"href":"https:\/\/millitv.net\/index.php?rest_route=\/wp\/v2\/users\/1"}],"replies":[{"embeddable":true,"href":"https:\/\/millitv.net\/index.php?rest_route=%2Fwp%2Fv2%2Fcomments&post=20477"}],"version-history":[{"count":1,"href":"https:\/\/millitv.net\/index.php?rest_route=\/wp\/v2\/posts\/20477\/revisions"}],"predecessor-version":[{"id":20479,"href":"https:\/\/millitv.net\/index.php?rest_route=\/wp\/v2\/posts\/20477\/revisions\/20479"}],"wp:featuredmedia":[{"embeddable":true,"href":"https:\/\/millitv.net\/index.php?rest_route=\/wp\/v2\/media\/20478"}],"wp:attachment":[{"href":"https:\/\/millitv.net\/index.php?rest_route=%2Fwp%2Fv2%2Fmedia&parent=20477"}],"wp:term":[{"taxonomy":"category","embeddable":true,"href":"https:\/\/millitv.net\/index.php?rest_route=%2Fwp%2Fv2%2Fcategories&post=20477"},{"taxonomy":"post_tag","embeddable":true,"href":"https:\/\/millitv.net\/index.php?rest_route=%2Fwp%2Fv2%2Ftags&post=20477"}],"curies":[{"name":"wp","href":"https:\/\/api.w.org\/{rel}","templated":true}]}}